{"id":9225,"date":"2023-06-05T14:15:21","date_gmt":"2023-06-05T12:15:21","guid":{"rendered":"https:\/\/wz.wz-medcubes.de\/?p=9225"},"modified":"2025-11-05T19:55:08","modified_gmt":"2025-11-05T18:55:08","slug":"vertreter-der-aok-baden-wuerttemberg-besuchen-das-wz-wundzentrum-ulm","status":"publish","type":"post","link":"https:\/\/www.wundzentren.de\/en\/2023\/06\/05\/vertreter-der-aok-baden-wuerttemberg-besuchen-das-wz-wundzentrum-ulm\/","title":{"rendered":"Representatives of the AOK-Baden-W\u00fcrttemberg visit WCC-WoundCareCenter Ulm"},"content":{"rendered":"<div data-elementor-type=\"wp-post\" data-elementor-id=\"9225\" class=\"elementor elementor-9225\">\n\t\t\t\t<div class=\"elementor-element elementor-element-32771aa e-flex e-con-boxed e-con e-child\" data-id=\"32771aa\" data-element_type=\"container\" data-settings=\"{&quot;background_background&quot;:&quot;slideshow&quot;,&quot;background_slideshow_gallery&quot;:[{&quot;id&quot;:12,&quot;url&quot;:&quot;https:\\\/\\\/wz.wz-medcubes.de\\\/wp-content\\\/uploads\\\/2024\\\/02\\\/img-headerbild-wundbehandlung-1.jpg&quot;}],&quot;background_slideshow_transition_duration&quot;:20,&quot;background_slideshow_loop&quot;:&quot;yes&quot;,&quot;background_slideshow_slide_duration&quot;:5000,&quot;background_slideshow_slide_transition&quot;:&quot;fade&quot;}\">\n\t\t\t\t\t<div class=\"e-con-inner\">\n\t\t<div class=\"elementor-element elementor-element-c747d90 e-con-full e-flex e-con e-child\" data-id=\"c747d90\" data-element_type=\"container\" data-settings=\"{&quot;background_background&quot;:&quot;slideshow&quot;,&quot;background_slideshow_gallery&quot;:[],&quot;background_slideshow_loop&quot;:&quot;yes&quot;,&quot;background_slideshow_slide_duration&quot;:5000,&quot;background_slideshow_slide_transition&quot;:&quot;fade&quot;,&quot;background_slideshow_transition_duration&quot;:500}\">\n\t\t<div class=\"elementor-element elementor-element-eecfd83 e-con-full e-flex e-con e-child\" data-id=\"eecfd83\" data-element_type=\"container\">\n\t\t<a class=\"elementor-element elementor-element-94e7cb7 landing-nav-tab-hover e-flex e-con-boxed e-con e-child\" data-id=\"94e7cb7\" data-element_type=\"container\" data-settings=\"{&quot;background_background&quot;:&quot;classic&quot;}\" href=\"\/wordpress\/unternehmen-leistungen\/\">\n\t\t\t\t\t<div class=\"e-con-inner\">\n\t\t\t\t<div class=\"elementor-element elementor-element-b008b79 landing-nav-tab-title elementor-widget elementor-widget-heading\" data-id=\"b008b79\" data-element_type=\"widget\" data-widget_type=\"heading.default\">\n\t\t\t\t<div class=\"elementor-widget-container\">\n\t\t\t<style>\/*! elementor - v3.21.0 - 26-05-2024 *\/\n.elementor-heading-title{padding:0;margin:0;line-height:1}.elementor-widget-heading .elementor-heading-title[class*=elementor-size-]>a{color:inherit;font-size:inherit;line-height:inherit}.elementor-widget-heading .elementor-heading-title.elementor-size-small{font-size:15px}.elementor-widget-heading .elementor-heading-title.elementor-size-medium{font-size:19px}.elementor-widget-heading .elementor-heading-title.elementor-size-large{font-size:29px}.elementor-widget-heading .elementor-heading-title.elementor-size-xl{font-size:39px}.elementor-widget-heading .elementor-heading-title.elementor-size-xxl{font-size:59px}<\/style><h2 class=\"elementor-heading-title elementor-size-default\">Company &amp; <br>Services<\/h2>\t\t<\/div>\n\t\t\t\t<\/div>\n\t\t\t\t\t<\/div>\n\t\t\t\t<\/a>\n\t\t\t\t<\/div>\n\t\t<div class=\"elementor-element elementor-element-0968525 e-con-full e-flex e-con e-child\" data-id=\"0968525\" data-element_type=\"container\">\n\t\t<a class=\"elementor-element elementor-element-087d096 landing-nav-tab-hover e-flex e-con-boxed e-con e-child\" data-id=\"087d096\" data-element_type=\"container\" data-settings=\"{&quot;background_background&quot;:&quot;classic&quot;}\" href=\"\/wordpress\/wundlexikon\/\">\n\t\t\t\t\t<div class=\"e-con-inner\">\n\t\t\t\t<div class=\"elementor-element elementor-element-07aeda0 landing-nav-tab-title elementor-widget elementor-widget-heading\" data-id=\"07aeda0\" data-element_type=\"widget\" data-widget_type=\"heading.default\">\n\t\t\t\t<div class=\"elementor-widget-container\">\n\t\t\t<h2 class=\"elementor-heading-title elementor-size-default\">Wound dictionary<\/h2>\t\t<\/div>\n\t\t\t\t<\/div>\n\t\t\t\t\t<\/div>\n\t\t\t\t<\/a>\n\t\t\t\t<\/div>\n\t\t<div class=\"elementor-element elementor-element-d4d19fb e-con-full e-flex e-con e-child\" data-id=\"d4d19fb\" data-element_type=\"container\">\n\t\t<a class=\"elementor-element elementor-element-4c16193 landing-nav-tab-hover e-flex e-con-boxed e-con e-child\" data-id=\"4c16193\" data-element_type=\"container\" data-settings=\"{&quot;background_background&quot;:&quot;classic&quot;}\" href=\"\/wordpress\/standorte\/\">\n\t\t\t\t\t<div class=\"e-con-inner\">\n\t\t\t\t<div class=\"elementor-element elementor-element-6ed449e landing-nav-tab-title elementor-widget elementor-widget-heading\" data-id=\"6ed449e\" data-element_type=\"widget\" data-widget_type=\"heading.default\">\n\t\t\t\t<div class=\"elementor-widget-container\">\n\t\t\t<h2 class=\"elementor-heading-title elementor-size-default\">Locations<\/h2>\t\t<\/div>\n\t\t\t\t<\/div>\n\t\t\t\t\t<\/div>\n\t\t\t\t<\/a>\n\t\t\t\t<\/div>\n\t\t<div class=\"elementor-element elementor-element-69ac549 e-con-full e-flex e-con e-child\" data-id=\"69ac549\" data-element_type=\"container\">\n\t\t<a class=\"elementor-element elementor-element-a6e6754 landing-nav-tab-hover e-flex e-con-boxed e-con e-child\" data-id=\"a6e6754\" data-element_type=\"container\" data-settings=\"{&quot;background_background&quot;:&quot;classic&quot;}\" href=\"\/wordpress\/karriere\/\">\n\t\t\t\t\t<div class=\"e-con-inner\">\n\t\t\t\t<div class=\"elementor-element elementor-element-c802a00 landing-nav-tab-title elementor-widget elementor-widget-heading\" data-id=\"c802a00\" data-element_type=\"widget\" data-widget_type=\"heading.default\">\n\t\t\t\t<div class=\"elementor-widget-container\">\n\t\t\t<h2 class=\"elementor-heading-title elementor-size-default\">Jobs and career<\/h2>\t\t<\/div>\n\t\t\t\t<\/div>\n\t\t\t\t\t<\/div>\n\t\t\t\t<\/a>\n\t\t\t\t<\/div>\n\t\t<div class=\"elementor-element elementor-element-375138b e-con-full e-flex e-con e-child\" data-id=\"375138b\" data-element_type=\"container\">\n\t\t<a class=\"elementor-element elementor-element-b792ba9 landing-nav-tab-hover e-flex e-con-boxed e-con e-child\" data-id=\"b792ba9\" data-element_type=\"container\" data-settings=\"{&quot;background_background&quot;:&quot;classic&quot;}\" href=\"\/wordpress\/presse\/\">\n\t\t\t\t\t<div class=\"e-con-inner\">\n\t\t\t\t<div class=\"elementor-element elementor-element-584b49b landing-nav-tab-title elementor-widget elementor-widget-heading\" data-id=\"584b49b\" data-element_type=\"widget\" data-widget_type=\"heading.default\">\n\t\t\t\t<div class=\"elementor-widget-container\">\n\t\t\t<h2 class=\"elementor-heading-title elementor-size-default\">News &amp;<br>Press<\/h2>\t\t<\/div>\n\t\t\t\t<\/div>\n\t\t\t\t\t<\/div>\n\t\t\t\t<\/a>\n\t\t\t\t<\/div>\n\t\t\t\t<\/div>\n\t\t\t\t<div class=\"elementor-element elementor-element-7a5a0d2 hfe-submenu-icon-plus hfe-nav-menu__breakpoint-none elementor-widget__width-initial hfe-link-redirect-self_link remove-on-md elementor-absolute hfe-nav-menu__align-left elementor-widget elementor-widget-navigation-menu\" data-id=\"7a5a0d2\" data-element_type=\"widget\" data-settings=\"{&quot;toggle_size&quot;:{&quot;unit&quot;:&quot;px&quot;,&quot;size&quot;:40,&quot;sizes&quot;:[]},&quot;toggle_border_width&quot;:{&quot;unit&quot;:&quot;px&quot;,&quot;size&quot;:0,&quot;sizes&quot;:[]},&quot;_position&quot;:&quot;absolute&quot;,&quot;padding_horizontal_menu_item&quot;:{&quot;unit&quot;:&quot;px&quot;,&quot;size&quot;:15,&quot;sizes&quot;:[]},&quot;padding_horizontal_menu_item_tablet&quot;:{&quot;unit&quot;:&quot;px&quot;,&quot;size&quot;:&quot;&quot;,&quot;sizes&quot;:[]},&quot;padding_horizontal_menu_item_mobile&quot;:{&quot;unit&quot;:&quot;px&quot;,&quot;size&quot;:&quot;&quot;,&quot;sizes&quot;:[]},&quot;padding_vertical_menu_item&quot;:{&quot;unit&quot;:&quot;px&quot;,&quot;size&quot;:15,&quot;sizes&quot;:[]},&quot;padding_vertical_menu_item_tablet&quot;:{&quot;unit&quot;:&quot;px&quot;,&quot;size&quot;:&quot;&quot;,&quot;sizes&quot;:[]},&quot;padding_vertical_menu_item_mobile&quot;:{&quot;unit&quot;:&quot;px&quot;,&quot;size&quot;:&quot;&quot;,&quot;sizes&quot;:[]},&quot;menu_space_between&quot;:{&quot;unit&quot;:&quot;px&quot;,&quot;size&quot;:&quot;&quot;,&quot;sizes&quot;:[]},&quot;menu_space_between_tablet&quot;:{&quot;unit&quot;:&quot;px&quot;,&quot;size&quot;:&quot;&quot;,&quot;sizes&quot;:[]},&quot;menu_space_between_mobile&quot;:{&quot;unit&quot;:&quot;px&quot;,&quot;size&quot;:&quot;&quot;,&quot;sizes&quot;:[]},&quot;dropdown_border_radius&quot;:{&quot;unit&quot;:&quot;px&quot;,&quot;top&quot;:&quot;&quot;,&quot;right&quot;:&quot;&quot;,&quot;bottom&quot;:&quot;&quot;,&quot;left&quot;:&quot;&quot;,&quot;isLinked&quot;:true},&quot;dropdown_border_radius_tablet&quot;:{&quot;unit&quot;:&quot;px&quot;,&quot;top&quot;:&quot;&quot;,&quot;right&quot;:&quot;&quot;,&quot;bottom&quot;:&quot;&quot;,&quot;left&quot;:&quot;&quot;,&quot;isLinked&quot;:true},&quot;dropdown_border_radius_mobile&quot;:{&quot;unit&quot;:&quot;px&quot;,&quot;top&quot;:&quot;&quot;,&quot;right&quot;:&quot;&quot;,&quot;bottom&quot;:&quot;&quot;,&quot;left&quot;:&quot;&quot;,&quot;isLinked&quot;:true},&quot;padding_horizontal_dropdown_item&quot;:{&quot;unit&quot;:&quot;px&quot;,&quot;size&quot;:&quot;&quot;,&quot;sizes&quot;:[]},&quot;padding_horizontal_dropdown_item_tablet&quot;:{&quot;unit&quot;:&quot;px&quot;,&quot;size&quot;:&quot;&quot;,&quot;sizes&quot;:[]},&quot;padding_horizontal_dropdown_item_mobile&quot;:{&quot;unit&quot;:&quot;px&quot;,&quot;size&quot;:&quot;&quot;,&quot;sizes&quot;:[]},&quot;padding_vertical_dropdown_item&quot;:{&quot;unit&quot;:&quot;px&quot;,&quot;size&quot;:15,&quot;sizes&quot;:[]},&quot;padding_vertical_dropdown_item_tablet&quot;:{&quot;unit&quot;:&quot;px&quot;,&quot;size&quot;:&quot;&quot;,&quot;sizes&quot;:[]},&quot;padding_vertical_dropdown_item_mobile&quot;:{&quot;unit&quot;:&quot;px&quot;,&quot;size&quot;:&quot;&quot;,&quot;sizes&quot;:[]},&quot;distance_from_menu&quot;:{&quot;unit&quot;:&quot;px&quot;,&quot;size&quot;:&quot;&quot;,&quot;sizes&quot;:[]},&quot;distance_from_menu_tablet&quot;:{&quot;unit&quot;:&quot;px&quot;,&quot;size&quot;:&quot;&quot;,&quot;sizes&quot;:[]},&quot;distance_from_menu_mobile&quot;:{&quot;unit&quot;:&quot;px&quot;,&quot;size&quot;:&quot;&quot;,&quot;sizes&quot;:[]},&quot;toggle_size_tablet&quot;:{&quot;unit&quot;:&quot;px&quot;,&quot;size&quot;:&quot;&quot;,&quot;sizes&quot;:[]},&quot;toggle_size_mobile&quot;:{&quot;unit&quot;:&quot;px&quot;,&quot;size&quot;:&quot;&quot;,&quot;sizes&quot;:[]},&quot;toggle_border_width_tablet&quot;:{&quot;unit&quot;:&quot;px&quot;,&quot;size&quot;:&quot;&quot;,&quot;sizes&quot;:[]},&quot;toggle_border_width_mobile&quot;:{&quot;unit&quot;:&quot;px&quot;,&quot;size&quot;:&quot;&quot;,&quot;sizes&quot;:[]},&quot;toggle_border_radius&quot;:{&quot;unit&quot;:&quot;px&quot;,&quot;size&quot;:&quot;&quot;,&quot;sizes&quot;:[]},&quot;toggle_border_radius_tablet&quot;:{&quot;unit&quot;:&quot;px&quot;,&quot;size&quot;:&quot;&quot;,&quot;sizes&quot;:[]},&quot;toggle_border_radius_mobile&quot;:{&quot;unit&quot;:&quot;px&quot;,&quot;size&quot;:&quot;&quot;,&quot;sizes&quot;:[]}}\" data-widget_type=\"navigation-menu.default\">\n\t\t\t\t<div class=\"elementor-widget-container\">\n\t\t\t\t\t\t<div class=\"hfe-nav-menu hfe-layout-vertical hfe-nav-menu-layout vertical\" data-layout=\"vertical\">\n\t\t\t\t<div role=\"button\" class=\"hfe-nav-menu__toggle elementor-clickable\">\n\t\t\t\t\t<span class=\"screen-reader-text\">Menu<\/span>\n\t\t\t\t\t<div class=\"hfe-nav-menu-icon\">\n\t\t\t\t\t\t\t\t\t\t\t<\/div>\n\t\t\t\t<\/div>\n\t\t\t\t<nav itemscope=\"itemscope\" itemtype=\"https:\/\/schema.org\/SiteNavigationElement\" class=\"hfe-nav-menu__layout-vertical hfe-nav-menu__submenu-plus\" data-toggle-icon=\"\" data-close-icon=\"\" data-full-width=\"\">\n\t\t\t\t\t<ul id=\"menu-1-7a5a0d2\" class=\"hfe-nav-menu\"><li id=\"menu-item-5347\" itemprop=\"name\" class=\"menu-item menu-item-type-post_type menu-item-object-page parent hfe-creative-menu\"><a href=\"https:\/\/www.wundzentren.de\/en\/presse\/\" itemprop=\"url\" class = \"hfe-menu-item\">News &amp; Press<\/a><\/li>\n<li id=\"menu-item-5342\" itemprop=\"name\" class=\"menu-item menu-item-type-post_type menu-item-object-page parent hfe-creative-menu\"><a href=\"https:\/\/www.wundzentren.de\/en\/presse\/pressemitteilungen\/\" itemprop=\"url\" class = \"hfe-menu-item\">Press &amp; News<\/a><\/li>\n<li id=\"menu-item-5341\" itemprop=\"name\" class=\"menu-item menu-item-type-post_type menu-item-object-page parent hfe-creative-menu\"><a href=\"https:\/\/www.wundzentren.de\/en\/presse\/messen-veranstaltungen\/\" itemprop=\"url\" class = \"hfe-menu-item\">Trade fairs &amp; Events<\/a><\/li>\n<li id=\"menu-item-5340\" itemprop=\"name\" class=\"menu-item menu-item-type-post_type menu-item-object-page parent hfe-creative-menu\"><a href=\"https:\/\/www.wundzentren.de\/en\/presse\/pressefotos\/\" itemprop=\"url\" class = \"hfe-menu-item\">Press photos<\/a><\/li>\n<li id=\"menu-item-5339\" itemprop=\"name\" class=\"menu-item menu-item-type-post_type menu-item-object-page parent hfe-creative-menu\"><a href=\"https:\/\/www.wundzentren.de\/en\/presse\/ansprechpartner\/\" itemprop=\"url\" class = \"hfe-menu-item\">Contact<\/a><\/li>\n<\/ul> \n\t\t\t\t<\/nav>\n\t\t\t<\/div>\n\t\t\t\t\t<\/div>\n\t\t\t\t<\/div>\n\t\t\t\t\t<\/div>\n\t\t\t\t<\/div>\n\t\t<div class=\"elementor-element elementor-element-cfd33c2 e-flex e-con-boxed e-con e-parent\" data-id=\"cfd33c2\" data-element_type=\"container\">\n\t\t\t\t\t<div class=\"e-con-inner\">\n\t\t\t\t<div class=\"elementor-element elementor-element-b41439b elementor-widget elementor-widget-image\" data-id=\"b41439b\" data-element_type=\"widget\" data-widget_type=\"image.default\">\n\t\t\t\t<div class=\"elementor-widget-container\">\n\t\t\t<style>\/*! elementor - v3.21.0 - 26-05-2024 *\/\n.elementor-widget-image{text-align:center}.elementor-widget-image a{display:inline-block}.elementor-widget-image a img[src$=\".svg\"]{width:48px}.elementor-widget-image img{vertical-align:middle;display:inline-block}<\/style>\t\t\t\t\t\t\t\t\t\t<img fetchpriority=\"high\" decoding=\"async\" width=\"1200\" height=\"883\" src=\"https:\/\/www.wundzentren.de\/wp-content\/uploads\/2024\/05\/img-Teaserimage-2023-05-06_AOK_besucht_WZ-Ulm-data-1280x942.jpg\" class=\"attachment-large size-large wp-image-9227\" alt=\"\" \/>\t\t\t\t\t\t\t\t\t\t\t\t\t<\/div>\n\t\t\t\t<\/div>\n\t\t\t\t<div class=\"elementor-element elementor-element-d3a46e5 elementor-widget elementor-widget-heading\" data-id=\"d3a46e5\" data-element_type=\"widget\" data-widget_type=\"heading.default\">\n\t\t\t\t<div class=\"elementor-widget-container\">\n\t\t\t<h2 class=\"elementor-heading-title elementor-size-default\"><dl style=\"-webkit-tap-highlight-color: transparent; box-sizing: inherit; margin-bottom: 10px; font-size: 0.75rem; color: rgb(77, 77, 77); opacity: 0.7; text-transform: uppercase; font-family: Barlow-Medium, Helvetica, Arial, Lucida; white-space-collapse: collapse;\"><dd style=\"-webkit-tap-highlight-color: transparent; box-sizing: inherit; margin-bottom: 0px; margin-left: 0px;\"><time datetime=\"03.08.2023\" style=\"-webkit-tap-highlight-color: transparent; box-sizing: inherit;\">3. AUGUST 2023<\/time><span style=\"color: var( --e-global-color-primary ); font-family: var( --e-global-typography-primary-font-family ), Sans-serif; font-size: 2.5em; font-weight: var( --e-global-typography-primary-font-weight ); white-space-collapse: preserve; text-align: var(--text-align);\"><\/span><\/dd><\/dl><\/h2>\t\t<\/div>\n\t\t\t\t<\/div>\n\t\t\t\t<div class=\"elementor-element elementor-element-ac4685a elementor-widget elementor-widget-text-editor\" data-id=\"ac4685a\" data-element_type=\"widget\" data-widget_type=\"text-editor.default\">\n\t\t\t\t<div class=\"elementor-widget-container\">\n\t\t\t<style>\/*! elementor - v3.21.0 - 26-05-2024 *\/\n.elementor-widget-text-editor.elementor-drop-cap-view-stacked .elementor-drop-cap{background-color:#69727d;color:#fff}.elementor-widget-text-editor.elementor-drop-cap-view-framed .elementor-drop-cap{color:#69727d;border:3px solid;background-color:transparent}.elementor-widget-text-editor:not(.elementor-drop-cap-view-default) .elementor-drop-cap{margin-top:8px}.elementor-widget-text-editor:not(.elementor-drop-cap-view-default) .elementor-drop-cap-letter{width:1em;height:1em}.elementor-widget-text-editor .elementor-drop-cap{float:left;text-align:center;line-height:1;font-size:50px}.elementor-widget-text-editor .elementor-drop-cap-letter{display:inline-block}<\/style>\t\t\t\t<div style=\"-webkit-tap-highlight-color: transparent; box-sizing: inherit; position: relative; width: 840px; padding-right: 20px; padding-left: 20px; color: #000000; font-family: Barlow-Medium, Helvetica, Arial, Lucida; font-size: medium;\"><header style=\"-webkit-tap-highlight-color: transparent; box-sizing: inherit;\"><h1 style=\"box-sizing: inherit; font-weight: 800; margin: 0px 0px 20px; font-family: Barlow, Helvetica, Arial, sans-serif; font-size: 2.5rem; line-height: 3rem; color: #8cb8c6;\"><span style=\"font-size: 2.5rem; text-align: var(--text-align);\">Representatives of the AOK-Baden-W\u00fcrttemberg visit WCC-WoundCareCenter Ulm<\/span><\/h1><\/header><\/div><section style=\"-webkit-tap-highlight-color: transparent; box-sizing: inherit; width: 840px; color: #000000; font-family: Barlow-Medium, Helvetica, Arial, Lucida; font-size: medium;\"><\/section>\t\t\t\t\t\t<\/div>\n\t\t\t\t<\/div>\n\t\t\t\t<div class=\"elementor-element elementor-element-b09b7ce elementor-widget elementor-widget-text-editor\" data-id=\"b09b7ce\" data-element_type=\"widget\" data-widget_type=\"text-editor.default\">\n\t\t\t\t<div class=\"elementor-widget-container\">\n\t\t\t\t\t\t\t<div style=\"-webkit-tap-highlight-color: transparent; box-sizing: inherit; position: relative; width: 840px; padding-right: 20px; padding-left: 20px; color: #000000; font-family: Barlow-Medium, Helvetica, Arial, Lucida; font-size: medium;\">\n<header style=\"-webkit-tap-highlight-color: transparent; box-sizing: inherit;\">\n<div style=\"box-sizing: inherit; padding-right: 20px; padding-left: 20px; color: #000000; font-family: Barlow-Medium, Helvetica, Arial, Lucida; font-size: medium; font-weight: 400; -webkit-tap-highlight-color: transparent; position: relative; width: 950px;\">\n<div style=\"box-sizing: inherit; -webkit-tap-highlight-color: transparent; counter-reset: section 0; width: 910px; color: #777777; font-size: 1.25rem; line-height: 1.6875rem;\">\n<div class=\"b-intro is-no-divider\" style=\"-webkit-tap-highlight-color: transparent; box-sizing: inherit; position: relative; width: 840px; padding-right: 20px; padding-left: 20px; color: #000000; font-size: medium;\">\n<div class=\"content b-richtext-content\" style=\"-webkit-tap-highlight-color: transparent; box-sizing: inherit; counter-reset: section 0; width: 800px; color: #777777; font-size: 1.25rem; line-height: 1.6875rem;\">\n<div class=\"b-intro is-no-divider\" style=\"-webkit-tap-highlight-color: transparent; box-sizing: inherit; position: relative; width: 840px; padding-right: 20px; padding-left: 20px; color: #000000; font-size: medium;\">\n<div class=\"content b-richtext-content\" style=\"-webkit-tap-highlight-color: transparent; box-sizing: inherit; counter-reset: section 0; width: 800px; color: #777777; font-size: 1.25rem; line-height: 1.6875rem;\">\n<div class=\"b-intro is-no-divider\" style=\"-webkit-tap-highlight-color: transparent; box-sizing: inherit; position: relative; width: 840px; color: rgb(0, 0, 0); font-size: medium;\"><div class=\"content b-richtext-content\" style=\"-webkit-tap-highlight-color: transparent; box-sizing: inherit; counter-reset: section 0; width: 840px; color: rgb(119, 119, 119); font-size: 1.25rem; line-height: 1.6875rem;\"><p style=\"-webkit-tap-highlight-color: transparent; box-sizing: inherit; margin-bottom: 18px; font-size: 1.25rem; line-height: 1.6875rem; font-family: Barlow-Medium, Helvetica, Arial, Lucida, sans-serif;\">D\u00fcsseldorf\/Ulm, 05.06.2023. Seit dem 01. April 2023 haben Versicherte mit chronischen und schwer heilenden Wunden im Raum Ulm und an drei weiteren Standorten in Baden-W\u00fcrttemberg (Freiburg, Heidelberg und Schramberg) die M\u00f6glichkeit, eine spezialisierte, ambulante Einrichtung f\u00fcr die Behandlung nach den Richtlinien der h\u00e4uslichen Krankenpflege (HKP-Richtlinie) in Anspruch zu nehmen. Das WZ-WundZentrum in Ulm bietet sich hierf\u00fcr als kompetenter Leistungserbringer an. Am 2. Juni 2023 durften wir demzufolge Vertreter der AOK-Baden-W\u00fcrttemberg in unserem WZ-WundZentrum Ulm begr\u00fc\u00dfen.<\/p><\/div><\/div><section class=\"b-article-section\" style=\"-webkit-tap-highlight-color: transparent; box-sizing: inherit; width: 840px; color: rgb(0, 0, 0); font-size: medium;\"><div class=\"b-richtext-content\" style=\"-webkit-tap-highlight-color: transparent; box-sizing: inherit; counter-reset: section 0; width: 840px; color: rgb(119, 119, 119);\"><p style=\"-webkit-tap-highlight-color: transparent; box-sizing: inherit; margin-bottom: 15px; font-size: 1.15rem; line-height: 1.625rem;\"><a href=\"https:\/\/wundzentren.de\/wz-de\/resource\/blob\/65152\/5701823f6908e4b2ed2857a0cb692914\/dl%20-%202023-05-06_AOK_besucht_WZ-Ulm-data.pdf\" target=\"&quot;_blank&quot;\" style=\"-webkit-tap-highlight-color: transparent; box-sizing: inherit; color: rgb(140, 184, 198); font-weight: 600;\">Download Pressemitteilung (PDF 171 KB)<\/a><\/p><p class=\"MsoPlainText\" style=\"-webkit-tap-highlight-color: transparent; box-sizing: inherit; margin-bottom: 15px; font-size: 1.15rem; line-height: 1.625rem;\">Beeindruckt von der Praxisarbeit der spezialisierten Pflegefachpersonen im WZ-WundZentrum, die in enger Zusammenarbeit mit Fach\u00e4rzten erfolgt, zeigten sich Frau Gabi Huber, Gesch\u00e4ftsbereichsleiterin Versorgung von Ulm-Biberach und Herr Svoboda, Vertrags- und Verhandlungsmanager Care von der AOK-Baden-W\u00fcrttemberg.<\/p><p class=\"MsoPlainText\" style=\"-webkit-tap-highlight-color: transparent; box-sizing: inherit; margin-bottom: 15px; font-size: 1.15rem; line-height: 1.625rem;\"><\/p><p class=\"MsoPlainText\" style=\"-webkit-tap-highlight-color: transparent; box-sizing: inherit; margin-bottom: 15px; font-size: 1.15rem; line-height: 1.625rem;\">In Deutschland leiden mehr als zwei Millionen Menschen an chronischen, schwer heilenden Wunden. Die Behandlung ist sehr komplex und stellt eine gro\u00dfe medizinische und pflegerische Herausforderung dar. Daher ben\u00f6tigen Betroffene mit chronischen und\/oder schwer heilenden Wunden eine umfassende Beratung und Behandlung durch ein interdisziplin\u00e4res Team aus \u00c4rzten, Pflegefachpersonen und anderen Gesundheitsdienstleistern.<\/p><p class=\"MsoPlainText\" style=\"-webkit-tap-highlight-color: transparent; box-sizing: inherit; margin-bottom: 15px; font-size: 1.15rem; line-height: 1.625rem;\">Daniela Bopp, Gesch\u00e4ftsf\u00fchrerin der WZ-WundZentren GmbH, f\u00fchrte die interessierten Vertreter der AOK-Baden-W\u00fcrttemberg durch das WundZentrum, informierte \u00fcber die Versorgungsstruktur und Qualit\u00e4t der leitliniengerechten, ganzheitlichen Spezialversorgung chronischer und schwer heilender Wunden und erl\u00e4uterte den Mehrwert f\u00fcr die Betroffenen. &#8222;Wir sch\u00e4tzen die Zusammenarbeit mit der AOK-Baden-W\u00fcrttemberg sehr und sind beeindruckt, wie positiv und konsequent die Umsetzung des Vertrages mit allen Bezirksdirektionen erfolgte. Davon profitieren vor allem die betroffenen Versicherten der AOK Baden-W\u00fcrttemberg &#8222;, so die Gesch\u00e4ftsf\u00fchrerin der WZ-WundZentren. Der Versorgungsschwerpunkt liegt in der fachpflegerischen Behandlung und Anleitung der Betroffenen. Dabei stellt die Pflegeeinrichtung ein Bindeglied im Versorgungsnetzwerk von ambulanten und akutstation\u00e4ren Einrichtungen sowie der haus- und fach\u00e4rztlichen Betreuung dar. Im Mittelpunkt stehen vor allem die Bed\u00fcrfnisse und die Lebensqualit\u00e4t der Patienten. Mit der in Kraft getretenen HKP-Richtlinie sind die Qualit\u00e4tsanforderungen an die Behandlung chronischer und schwer heilender Wunden angehoben worden. So k\u00f6nnen sich die WZ-WundZentren als starker Partner der AOK Baden-W\u00fcrttemberg zeigen und damit ihre Leistungen als erste spezialisierte Einrichtung in Baden-W\u00fcrttemberg nach den Kriterien der aktuellen Bundesrahmenempfehlungen f\u00fcr die ambulante Versorgung unter Beweis stellen.<\/p><p class=\"MsoPlainText\" style=\"-webkit-tap-highlight-color: transparent; box-sizing: inherit; margin-bottom: 15px; font-size: 1.15rem; line-height: 1.625rem;\"><\/p><p class=\"MsoPlainText\" style=\"-webkit-tap-highlight-color: transparent; box-sizing: inherit; margin-bottom: 15px; font-size: 1.15rem; line-height: 1.625rem;\">Damit wird ein deutliches Zeichen f\u00fcr eine kompetente Versorgung der Betroffenen gesetzt. Nicht nur der Standort in Ulm, sondern auch alle anderen Standorte der&nbsp;<a href=\"https:\/\/www.wundzentren.de\/standorte\" style=\"-webkit-tap-highlight-color: transparent; box-sizing: inherit; color: rgb(140, 184, 198); font-weight: 600;\">WCC-WoundCareCenter GmbH<\/a>&nbsp;in Baden-W\u00fcrttemberg haben einen entsprechenden Vertrag abgeschlossen und bieten damit die ad\u00e4quate Behandlung f\u00fcr betroffene Versicherte an. Neben der AOK-Baden-W\u00fcrttemberg sind auch alle Ersatzkassen dem gefolgt und haben ebenfalls seit Mai einen gemeinsamen Vertrag mit der WZ-WundZentren GmbH abgeschlossen.<br style=\"-webkit-tap-highlight-color: transparent; box-sizing: inherit;\">&nbsp;<\/p><p style=\"-webkit-tap-highlight-color: transparent; box-sizing: inherit; margin-bottom: 15px; font-size: 1.15rem; line-height: 1.625rem;\">Weitere Informationen zu Leistungen und Kontaktm\u00f6glichkeiten f\u00fcr die Terminvereinbarung am Standort Ulm finden Sie unter&nbsp;<a href=\"https:\/\/www.wundzentren.de\/ulm\" style=\"-webkit-tap-highlight-color: transparent; box-sizing: inherit; color: rgb(140, 184, 198); font-weight: 600;\">https:\/\/www.wundzentren.de\/ulm<\/a>&nbsp;oder telefonisch unter 0731 &#8211; 602 697 31.&nbsp;<\/p><\/div><\/section><\/div><\/div><\/div><\/div><\/div><\/div><section style=\"box-sizing: inherit; color: #000000; font-family: Barlow-Medium, Helvetica, Arial, Lucida; font-size: medium; font-weight: 400; -webkit-tap-highlight-color: transparent; width: 950px;\">\n<\/section>\n<\/header>\n<\/div>\n<section style=\"-webkit-tap-highlight-color: transparent; box-sizing: inherit; width: 840px; color: #000000; font-family: Barlow-Medium, Helvetica, Arial, Lucida; font-size: medium;\"><\/section>\t\t\t\t\t\t<\/div>\n\t\t\t\t<\/div>\n\t\t\t\t<div class=\"elementor-element elementor-element-402dd46 elementor-widget elementor-widget-text-editor\" data-id=\"402dd46\" data-element_type=\"widget\" data-widget_type=\"text-editor.default\">\n\t\t\t\t<div class=\"elementor-widget-container\">\n\t\t\t\t\t\t\t<h5 style=\"box-sizing: inherit; padding: 20px; margin-top: 15px; margin-bottom: 12px; font-family: Barlow-Medium, Helvetica, Arial, Lucida; line-height: 1.625rem; font-weight: 400; font-size: 1.15rem; color: #777777; -webkit-tap-highlight-color: transparent; border: 1px solid #a88165; box-shadow: #a88165 0px 1px 10px;\"><span style=\"box-sizing: inherit; -webkit-tap-highlight-color: transparent; text-decoration-line: underline;\">\u00dcber die WZ<\/span><span style=\"box-sizing: inherit; -webkit-tap-highlight-color: transparent; text-decoration-line: underline;\">-WundZentren GmbH<\/span><br style=\"box-sizing: inherit; -webkit-tap-highlight-color: transparent;\" \/>Seit 2008 konnten mit dem bew\u00e4hrten Behandlungskonzept der WZ-WundZentren bereits \u00fcber 40.000 Patienten an 23\u00a0Standorten in Deutschland erfolgreich behandelt werden. Die WZ-WundZentren sind spezialisierte ambulante Einrichtungen mit h\u00f6chsten hygienischen Standards, in denen ausschlie\u00dflich Patienten mit chronischen und schwer heilenden Wunden behandelt werden. WZ-WundZentren sind durch das HHVG (Heil-Hilfsmittel-Versorgungs-Gesetz) als eigenst\u00e4ndiger Leistungserbringer im Sinne des SGB V (Sozialgesetzbuch) definiert. Die Leistungen in den WZ-WundZentren als spezialisierte Einrichtungen, die sich auf die Behandlung von chronischen und schwer heilenden Wunden spezialisiert haben, werden von den Krankenkassen \u00fcber \u00a7 37 Abs. 7 SGB V auf der Grundlage der h\u00e4uslichen Krankenpflege geltend gemacht. Dort arbeiten Pflegefachpersonen, die zus\u00e4tzlich zu ihrer 3-j\u00e4hrigen Ausbildung in der Kranken- oder Altenpflege \u00fcber eine spezialisierte Zusatzqualifikation in der Wundbehandlung verf\u00fcgen. Die WZ-WundZentren GmbH mit Sitz in D\u00fcsseldorf ist ein Unternehmen der recucare Gruppe.<br style=\"box-sizing: inherit; -webkit-tap-highlight-color: transparent;\" \/><br style=\"box-sizing: inherit; -webkit-tap-highlight-color: transparent;\" \/>Weitere Informationen unter\u00a0<a style=\"box-sizing: inherit; color: #8cb8c6; -webkit-tap-highlight-color: transparent; font-weight: 600;\" href=\"http:\/\/www.wundzentren.de\/\">www.wundzentren.de<\/a><\/h5>\t\t\t\t\t\t<\/div>\n\t\t\t\t<\/div>\n\t\t\t\t\t<\/div>\n\t\t\t\t<\/div>\n\t\t\t\t<\/div>","protected":false},"excerpt":{"rendered":"<p>Unternehmen &amp; Leistungen Wundlexikon Standorte Jobs &#038;amp Karriere Neuigkeiten &amp;Presse Menu Neuigkeiten &amp; Presse Presse &#038; Aktuelles Messen &#8211; Veranstaltungen Presse-Fotos Ansprechpartner 3. AUGUST 2023 Vertreter der AOK-Baden-W\u00fcrttemberg besuchen das WZ-WundZentrum Ulm D\u00fcsseldorf\/Ulm, 05.06.2023. Seit dem 01. April 2023 haben Versicherte mit chronischen und schwer heilenden Wunden im Raum Ulm und an drei weiteren Standorten&#8230;<\/p>","protected":false},"author":1,"featured_media":0,"comment_status":"closed","ping_status":"open","sticky":false,"template":"","format":"standard","meta":{"footnotes":""},"categories":[1],"tags":[],"class_list":["post-9225","post","type-post","status-publish","format-standard","hentry","category-allgemein"],"yoast_head":"<!-- This site is optimized with the Yoast SEO plugin v24.4 - https:\/\/yoast.com\/wordpress\/plugins\/seo\/ -->\n<title>Vertreter der AOK-Baden-W\u00fcrttemberg besuchen das WZ-WundZentrum Ulm - WZ-WundZentren: Ihr Spezialist f\u00fcr die Behandlung von chronischen und schwer heilenden Wunden<\/title>\n<meta name=\"robots\" content=\"index, follow, max-snippet:-1, max-image-preview:large, max-video-preview:-1\" \/>\n<link rel=\"canonical\" href=\"https:\/\/www.wundzentren.de\/en\/2023\/06\/05\/vertreter-der-aok-baden-wuerttemberg-besuchen-das-wz-wundzentrum-ulm\/\" \/>\n<meta property=\"og:locale\" content=\"en_GB\" \/>\n<meta property=\"og:type\" content=\"article\" \/>\n<meta property=\"og:title\" content=\"Vertreter der AOK-Baden-W\u00fcrttemberg besuchen das WZ-WundZentrum Ulm - WZ-WundZentren: Ihr Spezialist f\u00fcr die Behandlung von chronischen und schwer heilenden Wunden\" \/>\n<meta property=\"og:description\" content=\"Unternehmen &amp; Leistungen Wundlexikon Standorte Jobs &#038;amp Karriere Neuigkeiten &amp;Presse Menu Neuigkeiten &amp; Presse Presse &#038; Aktuelles Messen &#8211; Veranstaltungen Presse-Fotos Ansprechpartner 3. AUGUST 2023 Vertreter der AOK-Baden-W\u00fcrttemberg besuchen das WZ-WundZentrum Ulm D\u00fcsseldorf\/Ulm, 05.06.2023. Seit dem 01. April 2023 haben Versicherte mit chronischen und schwer heilenden Wunden im Raum Ulm und an drei weiteren Standorten...\" \/>\n<meta property=\"og:url\" content=\"https:\/\/www.wundzentren.de\/en\/2023\/06\/05\/vertreter-der-aok-baden-wuerttemberg-besuchen-das-wz-wundzentrum-ulm\/\" \/>\n<meta property=\"og:site_name\" content=\"WZ-WundZentren: Ihr Spezialist f\u00fcr die Behandlung von chronischen und schwer heilenden Wunden\" \/>\n<meta property=\"article:published_time\" content=\"2023-06-05T12:15:21+00:00\" \/>\n<meta property=\"article:modified_time\" content=\"2025-11-05T18:55:08+00:00\" \/>\n<meta property=\"og:image\" content=\"https:\/\/wz.wz-medcubes.de\/wp-content\/uploads\/2024\/05\/img-Teaserimage-2023-05-06_AOK_besucht_WZ-Ulm-data-1280x942.jpg\" \/>\n<meta name=\"author\" content=\"wundzentren\" \/>\n<meta name=\"twitter:card\" content=\"summary_large_image\" \/>\n<meta name=\"twitter:label1\" content=\"Written by\" \/>\n\t<meta name=\"twitter:data1\" content=\"wundzentren\" \/>\n\t<meta name=\"twitter:label2\" content=\"Estimated reading time\" \/>\n\t<meta name=\"twitter:data2\" content=\"3 minutes\" \/>\n<script type=\"application\/ld+json\" class=\"yoast-schema-graph\">{\"@context\":\"https:\/\/schema.org\",\"@graph\":[{\"@type\":\"WebPage\",\"@id\":\"https:\/\/www.wundzentren.de\/2023\/06\/05\/vertreter-der-aok-baden-wuerttemberg-besuchen-das-wz-wundzentrum-ulm\/\",\"url\":\"https:\/\/www.wundzentren.de\/2023\/06\/05\/vertreter-der-aok-baden-wuerttemberg-besuchen-das-wz-wundzentrum-ulm\/\",\"name\":\"Vertreter der AOK-Baden-W\u00fcrttemberg besuchen das WZ-WundZentrum Ulm - WZ-WundZentren: Ihr Spezialist f\u00fcr die Behandlung von chronischen und schwer heilenden Wunden\",\"isPartOf\":{\"@id\":\"https:\/\/www.wundzentren.de\/#website\"},\"primaryImageOfPage\":{\"@id\":\"https:\/\/www.wundzentren.de\/2023\/06\/05\/vertreter-der-aok-baden-wuerttemberg-besuchen-das-wz-wundzentrum-ulm\/#primaryimage\"},\"image\":{\"@id\":\"https:\/\/www.wundzentren.de\/2023\/06\/05\/vertreter-der-aok-baden-wuerttemberg-besuchen-das-wz-wundzentrum-ulm\/#primaryimage\"},\"thumbnailUrl\":\"https:\/\/wz.wz-medcubes.de\/wp-content\/uploads\/2024\/05\/img-Teaserimage-2023-05-06_AOK_besucht_WZ-Ulm-data-1280x942.jpg\",\"datePublished\":\"2023-06-05T12:15:21+00:00\",\"dateModified\":\"2025-11-05T18:55:08+00:00\",\"author\":{\"@id\":\"https:\/\/www.wundzentren.de\/#\/schema\/person\/31764b4b2cface4d0a6c2fd0d39dcfeb\"},\"breadcrumb\":{\"@id\":\"https:\/\/www.wundzentren.de\/2023\/06\/05\/vertreter-der-aok-baden-wuerttemberg-besuchen-das-wz-wundzentrum-ulm\/#breadcrumb\"},\"inLanguage\":\"en-GB\",\"potentialAction\":[{\"@type\":\"ReadAction\",\"target\":[\"https:\/\/www.wundzentren.de\/2023\/06\/05\/vertreter-der-aok-baden-wuerttemberg-besuchen-das-wz-wundzentrum-ulm\/\"]}]},{\"@type\":\"ImageObject\",\"inLanguage\":\"en-GB\",\"@id\":\"https:\/\/www.wundzentren.de\/2023\/06\/05\/vertreter-der-aok-baden-wuerttemberg-besuchen-das-wz-wundzentrum-ulm\/#primaryimage\",\"url\":\"https:\/\/wz.wz-medcubes.de\/wp-content\/uploads\/2024\/05\/img-Teaserimage-2023-05-06_AOK_besucht_WZ-Ulm-data-1280x942.jpg\",\"contentUrl\":\"https:\/\/wz.wz-medcubes.de\/wp-content\/uploads\/2024\/05\/img-Teaserimage-2023-05-06_AOK_besucht_WZ-Ulm-data-1280x942.jpg\"},{\"@type\":\"BreadcrumbList\",\"@id\":\"https:\/\/www.wundzentren.de\/2023\/06\/05\/vertreter-der-aok-baden-wuerttemberg-besuchen-das-wz-wundzentrum-ulm\/#breadcrumb\",\"itemListElement\":[{\"@type\":\"ListItem\",\"position\":1,\"name\":\"Startseite\",\"item\":\"https:\/\/www.wundzentren.de\/\"},{\"@type\":\"ListItem\",\"position\":2,\"name\":\"Vertreter der AOK-Baden-W\u00fcrttemberg besuchen das WZ-WundZentrum Ulm\"}]},{\"@type\":\"WebSite\",\"@id\":\"https:\/\/www.wundzentren.de\/#website\",\"url\":\"https:\/\/www.wundzentren.de\/\",\"name\":\"WZ-WundZentren: Ihr Spezialist f\u00fcr die Behandlung von chronischen und schwer heilenden Wunden\",\"description\":\"\",\"potentialAction\":[{\"@type\":\"SearchAction\",\"target\":{\"@type\":\"EntryPoint\",\"urlTemplate\":\"https:\/\/www.wundzentren.de\/?s={search_term_string}\"},\"query-input\":{\"@type\":\"PropertyValueSpecification\",\"valueRequired\":true,\"valueName\":\"search_term_string\"}}],\"inLanguage\":\"en-GB\"},{\"@type\":\"Person\",\"@id\":\"https:\/\/www.wundzentren.de\/#\/schema\/person\/31764b4b2cface4d0a6c2fd0d39dcfeb\",\"name\":\"wundzentren\",\"image\":{\"@type\":\"ImageObject\",\"inLanguage\":\"en-GB\",\"@id\":\"https:\/\/www.wundzentren.de\/#\/schema\/person\/image\/\",\"url\":\"https:\/\/secure.gravatar.com\/avatar\/6aaf6a53554b39bea64f00cf30fefb0c4f2fa1767df7fd480c50d6b0b696112c?s=96&d=mm&r=g\",\"contentUrl\":\"https:\/\/secure.gravatar.com\/avatar\/6aaf6a53554b39bea64f00cf30fefb0c4f2fa1767df7fd480c50d6b0b696112c?s=96&d=mm&r=g\",\"caption\":\"wundzentren\"},\"sameAs\":[\"https:\/\/wz.wz-medcubes.de\"],\"url\":\"https:\/\/www.wundzentren.de\/en\/author\/wundzentren\/\"}]}<\/script>\n<!-- \/ Yoast SEO plugin. -->","yoast_head_json":{"title":"Vertreter der AOK-Baden-W\u00fcrttemberg besuchen das WZ-WundZentrum Ulm - WZ-WundZentren: Ihr Spezialist f\u00fcr die Behandlung von chronischen und schwer heilenden Wunden","robots":{"index":"index","follow":"follow","max-snippet":"max-snippet:-1","max-image-preview":"max-image-preview:large","max-video-preview":"max-video-preview:-1"},"canonical":"https:\/\/www.wundzentren.de\/en\/2023\/06\/05\/vertreter-der-aok-baden-wuerttemberg-besuchen-das-wz-wundzentrum-ulm\/","og_locale":"en_GB","og_type":"article","og_title":"Vertreter der AOK-Baden-W\u00fcrttemberg besuchen das WZ-WundZentrum Ulm - WZ-WundZentren: Ihr Spezialist f\u00fcr die Behandlung von chronischen und schwer heilenden Wunden","og_description":"Unternehmen &amp; Leistungen Wundlexikon Standorte Jobs &#038;amp Karriere Neuigkeiten &amp;Presse Menu Neuigkeiten &amp; Presse Presse &#038; Aktuelles Messen &#8211; Veranstaltungen Presse-Fotos Ansprechpartner 3. AUGUST 2023 Vertreter der AOK-Baden-W\u00fcrttemberg besuchen das WZ-WundZentrum Ulm D\u00fcsseldorf\/Ulm, 05.06.2023. Seit dem 01. April 2023 haben Versicherte mit chronischen und schwer heilenden Wunden im Raum Ulm und an drei weiteren Standorten...","og_url":"https:\/\/www.wundzentren.de\/en\/2023\/06\/05\/vertreter-der-aok-baden-wuerttemberg-besuchen-das-wz-wundzentrum-ulm\/","og_site_name":"WZ-WundZentren: Ihr Spezialist f\u00fcr die Behandlung von chronischen und schwer heilenden Wunden","article_published_time":"2023-06-05T12:15:21+00:00","article_modified_time":"2025-11-05T18:55:08+00:00","og_image":[{"url":"https:\/\/wz.wz-medcubes.de\/wp-content\/uploads\/2024\/05\/img-Teaserimage-2023-05-06_AOK_besucht_WZ-Ulm-data-1280x942.jpg","type":"","width":"","height":""}],"author":"wundzentren","twitter_card":"summary_large_image","twitter_misc":{"Written by":"wundzentren","Estimated reading time":"3 minutes"},"schema":{"@context":"https:\/\/schema.org","@graph":[{"@type":"WebPage","@id":"https:\/\/www.wundzentren.de\/2023\/06\/05\/vertreter-der-aok-baden-wuerttemberg-besuchen-das-wz-wundzentrum-ulm\/","url":"https:\/\/www.wundzentren.de\/2023\/06\/05\/vertreter-der-aok-baden-wuerttemberg-besuchen-das-wz-wundzentrum-ulm\/","name":"Vertreter der AOK-Baden-W\u00fcrttemberg besuchen das WZ-WundZentrum Ulm - WZ-WundZentren: Ihr Spezialist f\u00fcr die Behandlung von chronischen und schwer heilenden Wunden","isPartOf":{"@id":"https:\/\/www.wundzentren.de\/#website"},"primaryImageOfPage":{"@id":"https:\/\/www.wundzentren.de\/2023\/06\/05\/vertreter-der-aok-baden-wuerttemberg-besuchen-das-wz-wundzentrum-ulm\/#primaryimage"},"image":{"@id":"https:\/\/www.wundzentren.de\/2023\/06\/05\/vertreter-der-aok-baden-wuerttemberg-besuchen-das-wz-wundzentrum-ulm\/#primaryimage"},"thumbnailUrl":"https:\/\/wz.wz-medcubes.de\/wp-content\/uploads\/2024\/05\/img-Teaserimage-2023-05-06_AOK_besucht_WZ-Ulm-data-1280x942.jpg","datePublished":"2023-06-05T12:15:21+00:00","dateModified":"2025-11-05T18:55:08+00:00","author":{"@id":"https:\/\/www.wundzentren.de\/#\/schema\/person\/31764b4b2cface4d0a6c2fd0d39dcfeb"},"breadcrumb":{"@id":"https:\/\/www.wundzentren.de\/2023\/06\/05\/vertreter-der-aok-baden-wuerttemberg-besuchen-das-wz-wundzentrum-ulm\/#breadcrumb"},"inLanguage":"en-GB","potentialAction":[{"@type":"ReadAction","target":["https:\/\/www.wundzentren.de\/2023\/06\/05\/vertreter-der-aok-baden-wuerttemberg-besuchen-das-wz-wundzentrum-ulm\/"]}]},{"@type":"ImageObject","inLanguage":"en-GB","@id":"https:\/\/www.wundzentren.de\/2023\/06\/05\/vertreter-der-aok-baden-wuerttemberg-besuchen-das-wz-wundzentrum-ulm\/#primaryimage","url":"https:\/\/wz.wz-medcubes.de\/wp-content\/uploads\/2024\/05\/img-Teaserimage-2023-05-06_AOK_besucht_WZ-Ulm-data-1280x942.jpg","contentUrl":"https:\/\/wz.wz-medcubes.de\/wp-content\/uploads\/2024\/05\/img-Teaserimage-2023-05-06_AOK_besucht_WZ-Ulm-data-1280x942.jpg"},{"@type":"BreadcrumbList","@id":"https:\/\/www.wundzentren.de\/2023\/06\/05\/vertreter-der-aok-baden-wuerttemberg-besuchen-das-wz-wundzentrum-ulm\/#breadcrumb","itemListElement":[{"@type":"ListItem","position":1,"name":"Startseite","item":"https:\/\/www.wundzentren.de\/"},{"@type":"ListItem","position":2,"name":"Vertreter der AOK-Baden-W\u00fcrttemberg besuchen das WZ-WundZentrum Ulm"}]},{"@type":"WebSite","@id":"https:\/\/www.wundzentren.de\/#website","url":"https:\/\/www.wundzentren.de\/","name":"WZ-WundZentren: Ihr Spezialist f\u00fcr die Behandlung von chronischen und schwer heilenden Wunden","description":"","potentialAction":[{"@type":"SearchAction","target":{"@type":"EntryPoint","urlTemplate":"https:\/\/www.wundzentren.de\/?s={search_term_string}"},"query-input":{"@type":"PropertyValueSpecification","valueRequired":true,"valueName":"search_term_string"}}],"inLanguage":"en-GB"},{"@type":"Person","@id":"https:\/\/www.wundzentren.de\/#\/schema\/person\/31764b4b2cface4d0a6c2fd0d39dcfeb","name":"wundzentren","image":{"@type":"ImageObject","inLanguage":"en-GB","@id":"https:\/\/www.wundzentren.de\/#\/schema\/person\/image\/","url":"https:\/\/secure.gravatar.com\/avatar\/6aaf6a53554b39bea64f00cf30fefb0c4f2fa1767df7fd480c50d6b0b696112c?s=96&d=mm&r=g","contentUrl":"https:\/\/secure.gravatar.com\/avatar\/6aaf6a53554b39bea64f00cf30fefb0c4f2fa1767df7fd480c50d6b0b696112c?s=96&d=mm&r=g","caption":"wundzentren"},"sameAs":["https:\/\/wz.wz-medcubes.de"],"url":"https:\/\/www.wundzentren.de\/en\/author\/wundzentren\/"}]}},"rttpg_featured_image_url":null,"rttpg_author":{"display_name":"wundzentren","author_link":"https:\/\/www.wundzentren.de\/en\/author\/wundzentren\/"},"rttpg_comment":0,"rttpg_category":"<a href=\"https:\/\/www.wundzentren.de\/en\/category\/allgemein\/\" rel=\"category tag\">Allgemein<\/a>","rttpg_excerpt":"Unternehmen &amp; Leistungen Wundlexikon Standorte Jobs &#038;amp Karriere Neuigkeiten &amp;Presse Menu Neuigkeiten &amp; Presse Presse &#038; Aktuelles Messen &#8211; Veranstaltungen Presse-Fotos Ansprechpartner 3. AUGUST 2023 Vertreter der AOK-Baden-W\u00fcrttemberg besuchen das WZ-WundZentrum Ulm D\u00fcsseldorf\/Ulm, 05.06.2023. Seit dem 01. April 2023 haben Versicherte mit chronischen und schwer heilenden Wunden im Raum Ulm und an drei weiteren Standorten...","_links":{"self":[{"href":"https:\/\/www.wundzentren.de\/en\/wp-json\/wp\/v2\/posts\/9225","targetHints":{"allow":["GET"]}}],"collection":[{"href":"https:\/\/www.wundzentren.de\/en\/wp-json\/wp\/v2\/posts"}],"about":[{"href":"https:\/\/www.wundzentren.de\/en\/wp-json\/wp\/v2\/types\/post"}],"author":[{"embeddable":true,"href":"https:\/\/www.wundzentren.de\/en\/wp-json\/wp\/v2\/users\/1"}],"replies":[{"embeddable":true,"href":"https:\/\/www.wundzentren.de\/en\/wp-json\/wp\/v2\/comments?post=9225"}],"version-history":[{"count":27,"href":"https:\/\/www.wundzentren.de\/en\/wp-json\/wp\/v2\/posts\/9225\/revisions"}],"predecessor-version":[{"id":9783,"href":"https:\/\/www.wundzentren.de\/en\/wp-json\/wp\/v2\/posts\/9225\/revisions\/9783"}],"wp:attachment":[{"href":"https:\/\/www.wundzentren.de\/en\/wp-json\/wp\/v2\/media?parent=9225"}],"wp:term":[{"taxonomy":"category","embeddable":true,"href":"https:\/\/www.wundzentren.de\/en\/wp-json\/wp\/v2\/categories?post=9225"},{"taxonomy":"post_tag","embeddable":true,"href":"https:\/\/www.wundzentren.de\/en\/wp-json\/wp\/v2\/tags?post=9225"}],"curies":[{"name":"wp","href":"https:\/\/api.w.org\/{rel}","templated":true}]}}