{"id":8624,"date":"2023-03-21T05:31:49","date_gmt":"2023-03-21T04:31:49","guid":{"rendered":"https:\/\/wz.wz-medcubes.de\/?p=8624"},"modified":"2025-11-05T19:55:08","modified_gmt":"2025-11-05T18:55:08","slug":"abgeordneter-der-spd-bundestagsfraktion-guenter-baaske-zu-besuch-im-wz-wundzentrum-potsdam","status":"publish","type":"post","link":"https:\/\/www.wundzentren.de\/en\/2023\/03\/21\/abgeordneter-der-spd-bundestagsfraktion-guenter-baaske-zu-besuch-im-wz-wundzentrum-potsdam\/","title":{"rendered":"Member of the SPD parliamentary group, G\u00fcnter Baaske, visits WCC-WoundCareCenter Potsdam"},"content":{"rendered":"<div data-elementor-type=\"wp-post\" data-elementor-id=\"8624\" class=\"elementor elementor-8624\">\n\t\t\t\t<div class=\"elementor-element elementor-element-6bfb333 e-flex e-con-boxed e-con e-child\" data-id=\"6bfb333\" data-element_type=\"container\" data-settings=\"{&quot;background_background&quot;:&quot;slideshow&quot;,&quot;background_slideshow_gallery&quot;:[{&quot;id&quot;:12,&quot;url&quot;:&quot;https:\\\/\\\/wz.wz-medcubes.de\\\/wp-content\\\/uploads\\\/2024\\\/02\\\/img-headerbild-wundbehandlung-1.jpg&quot;}],&quot;background_slideshow_transition_duration&quot;:20,&quot;background_slideshow_loop&quot;:&quot;yes&quot;,&quot;background_slideshow_slide_duration&quot;:5000,&quot;background_slideshow_slide_transition&quot;:&quot;fade&quot;}\">\n\t\t\t\t\t<div class=\"e-con-inner\">\n\t\t<div class=\"elementor-element elementor-element-a353044 e-con-full e-flex e-con e-child\" data-id=\"a353044\" data-element_type=\"container\" data-settings=\"{&quot;background_background&quot;:&quot;slideshow&quot;,&quot;background_slideshow_gallery&quot;:[],&quot;background_slideshow_loop&quot;:&quot;yes&quot;,&quot;background_slideshow_slide_duration&quot;:5000,&quot;background_slideshow_slide_transition&quot;:&quot;fade&quot;,&quot;background_slideshow_transition_duration&quot;:500}\">\n\t\t<div class=\"elementor-element elementor-element-f33b187 e-con-full e-flex e-con e-child\" data-id=\"f33b187\" data-element_type=\"container\">\n\t\t<a class=\"elementor-element elementor-element-bd3459d landing-nav-tab-hover e-flex e-con-boxed e-con e-child\" data-id=\"bd3459d\" data-element_type=\"container\" data-settings=\"{&quot;background_background&quot;:&quot;classic&quot;}\" href=\"\/wordpress\/unternehmen-leistungen\/\">\n\t\t\t\t\t<div class=\"e-con-inner\">\n\t\t\t\t<div class=\"elementor-element elementor-element-702f2a7 landing-nav-tab-title elementor-widget elementor-widget-heading\" data-id=\"702f2a7\" data-element_type=\"widget\" data-widget_type=\"heading.default\">\n\t\t\t\t<div class=\"elementor-widget-container\">\n\t\t\t<style>\/*! elementor - v3.21.0 - 26-05-2024 *\/\n.elementor-heading-title{padding:0;margin:0;line-height:1}.elementor-widget-heading .elementor-heading-title[class*=elementor-size-]>a{color:inherit;font-size:inherit;line-height:inherit}.elementor-widget-heading .elementor-heading-title.elementor-size-small{font-size:15px}.elementor-widget-heading .elementor-heading-title.elementor-size-medium{font-size:19px}.elementor-widget-heading .elementor-heading-title.elementor-size-large{font-size:29px}.elementor-widget-heading .elementor-heading-title.elementor-size-xl{font-size:39px}.elementor-widget-heading .elementor-heading-title.elementor-size-xxl{font-size:59px}<\/style><h2 class=\"elementor-heading-title elementor-size-default\">Company &amp; <br>Services<\/h2>\t\t<\/div>\n\t\t\t\t<\/div>\n\t\t\t\t\t<\/div>\n\t\t\t\t<\/a>\n\t\t\t\t<\/div>\n\t\t<div class=\"elementor-element elementor-element-909b5cb e-con-full e-flex e-con e-child\" data-id=\"909b5cb\" data-element_type=\"container\">\n\t\t<a class=\"elementor-element elementor-element-e1aa460 landing-nav-tab-hover e-flex e-con-boxed e-con e-child\" data-id=\"e1aa460\" data-element_type=\"container\" data-settings=\"{&quot;background_background&quot;:&quot;classic&quot;}\" href=\"\/wordpress\/wundlexikon\/\">\n\t\t\t\t\t<div class=\"e-con-inner\">\n\t\t\t\t<div class=\"elementor-element elementor-element-be90a59 landing-nav-tab-title elementor-widget elementor-widget-heading\" data-id=\"be90a59\" data-element_type=\"widget\" data-widget_type=\"heading.default\">\n\t\t\t\t<div class=\"elementor-widget-container\">\n\t\t\t<h2 class=\"elementor-heading-title elementor-size-default\">Wound dictionary<\/h2>\t\t<\/div>\n\t\t\t\t<\/div>\n\t\t\t\t\t<\/div>\n\t\t\t\t<\/a>\n\t\t\t\t<\/div>\n\t\t<div class=\"elementor-element elementor-element-7848d44 e-con-full e-flex e-con e-child\" data-id=\"7848d44\" data-element_type=\"container\">\n\t\t<a class=\"elementor-element elementor-element-578dbf2 landing-nav-tab-hover e-flex e-con-boxed e-con e-child\" data-id=\"578dbf2\" data-element_type=\"container\" data-settings=\"{&quot;background_background&quot;:&quot;classic&quot;}\" href=\"\/wordpress\/standorte\/\">\n\t\t\t\t\t<div class=\"e-con-inner\">\n\t\t\t\t<div class=\"elementor-element elementor-element-0208985 landing-nav-tab-title elementor-widget elementor-widget-heading\" data-id=\"0208985\" data-element_type=\"widget\" data-widget_type=\"heading.default\">\n\t\t\t\t<div class=\"elementor-widget-container\">\n\t\t\t<h2 class=\"elementor-heading-title elementor-size-default\">Locations<\/h2>\t\t<\/div>\n\t\t\t\t<\/div>\n\t\t\t\t\t<\/div>\n\t\t\t\t<\/a>\n\t\t\t\t<\/div>\n\t\t<div class=\"elementor-element elementor-element-cbe4f93 e-con-full e-flex e-con e-child\" data-id=\"cbe4f93\" data-element_type=\"container\">\n\t\t<a class=\"elementor-element elementor-element-9f26561 landing-nav-tab-hover e-flex e-con-boxed e-con e-child\" data-id=\"9f26561\" data-element_type=\"container\" data-settings=\"{&quot;background_background&quot;:&quot;classic&quot;}\" href=\"\/wordpress\/karriere\/\">\n\t\t\t\t\t<div class=\"e-con-inner\">\n\t\t\t\t<div class=\"elementor-element elementor-element-5bc4470 landing-nav-tab-title elementor-widget elementor-widget-heading\" data-id=\"5bc4470\" data-element_type=\"widget\" data-widget_type=\"heading.default\">\n\t\t\t\t<div class=\"elementor-widget-container\">\n\t\t\t<h2 class=\"elementor-heading-title elementor-size-default\">Jobs and career<\/h2>\t\t<\/div>\n\t\t\t\t<\/div>\n\t\t\t\t\t<\/div>\n\t\t\t\t<\/a>\n\t\t\t\t<\/div>\n\t\t<div class=\"elementor-element elementor-element-56cd812 e-con-full e-flex e-con e-child\" data-id=\"56cd812\" data-element_type=\"container\">\n\t\t<a class=\"elementor-element elementor-element-66b718d landing-nav-tab-hover e-flex e-con-boxed e-con e-child\" data-id=\"66b718d\" data-element_type=\"container\" data-settings=\"{&quot;background_background&quot;:&quot;classic&quot;}\" href=\"\/wordpress\/presse\/\">\n\t\t\t\t\t<div class=\"e-con-inner\">\n\t\t\t\t<div class=\"elementor-element elementor-element-b3ebbd0 landing-nav-tab-title elementor-widget elementor-widget-heading\" data-id=\"b3ebbd0\" data-element_type=\"widget\" data-widget_type=\"heading.default\">\n\t\t\t\t<div class=\"elementor-widget-container\">\n\t\t\t<h2 class=\"elementor-heading-title elementor-size-default\">News &amp;<br>Press<\/h2>\t\t<\/div>\n\t\t\t\t<\/div>\n\t\t\t\t\t<\/div>\n\t\t\t\t<\/a>\n\t\t\t\t<\/div>\n\t\t\t\t<\/div>\n\t\t\t\t<div class=\"elementor-element elementor-element-aa9b08f hfe-submenu-icon-plus hfe-nav-menu__breakpoint-none elementor-widget__width-initial hfe-link-redirect-self_link remove-on-md elementor-absolute hfe-nav-menu__align-left elementor-widget elementor-widget-navigation-menu\" data-id=\"aa9b08f\" data-element_type=\"widget\" data-settings=\"{&quot;toggle_size&quot;:{&quot;unit&quot;:&quot;px&quot;,&quot;size&quot;:40,&quot;sizes&quot;:[]},&quot;toggle_border_width&quot;:{&quot;unit&quot;:&quot;px&quot;,&quot;size&quot;:0,&quot;sizes&quot;:[]},&quot;_position&quot;:&quot;absolute&quot;,&quot;padding_horizontal_menu_item&quot;:{&quot;unit&quot;:&quot;px&quot;,&quot;size&quot;:15,&quot;sizes&quot;:[]},&quot;padding_horizontal_menu_item_tablet&quot;:{&quot;unit&quot;:&quot;px&quot;,&quot;size&quot;:&quot;&quot;,&quot;sizes&quot;:[]},&quot;padding_horizontal_menu_item_mobile&quot;:{&quot;unit&quot;:&quot;px&quot;,&quot;size&quot;:&quot;&quot;,&quot;sizes&quot;:[]},&quot;padding_vertical_menu_item&quot;:{&quot;unit&quot;:&quot;px&quot;,&quot;size&quot;:15,&quot;sizes&quot;:[]},&quot;padding_vertical_menu_item_tablet&quot;:{&quot;unit&quot;:&quot;px&quot;,&quot;size&quot;:&quot;&quot;,&quot;sizes&quot;:[]},&quot;padding_vertical_menu_item_mobile&quot;:{&quot;unit&quot;:&quot;px&quot;,&quot;size&quot;:&quot;&quot;,&quot;sizes&quot;:[]},&quot;menu_space_between&quot;:{&quot;unit&quot;:&quot;px&quot;,&quot;size&quot;:&quot;&quot;,&quot;sizes&quot;:[]},&quot;menu_space_between_tablet&quot;:{&quot;unit&quot;:&quot;px&quot;,&quot;size&quot;:&quot;&quot;,&quot;sizes&quot;:[]},&quot;menu_space_between_mobile&quot;:{&quot;unit&quot;:&quot;px&quot;,&quot;size&quot;:&quot;&quot;,&quot;sizes&quot;:[]},&quot;dropdown_border_radius&quot;:{&quot;unit&quot;:&quot;px&quot;,&quot;top&quot;:&quot;&quot;,&quot;right&quot;:&quot;&quot;,&quot;bottom&quot;:&quot;&quot;,&quot;left&quot;:&quot;&quot;,&quot;isLinked&quot;:true},&quot;dropdown_border_radius_tablet&quot;:{&quot;unit&quot;:&quot;px&quot;,&quot;top&quot;:&quot;&quot;,&quot;right&quot;:&quot;&quot;,&quot;bottom&quot;:&quot;&quot;,&quot;left&quot;:&quot;&quot;,&quot;isLinked&quot;:true},&quot;dropdown_border_radius_mobile&quot;:{&quot;unit&quot;:&quot;px&quot;,&quot;top&quot;:&quot;&quot;,&quot;right&quot;:&quot;&quot;,&quot;bottom&quot;:&quot;&quot;,&quot;left&quot;:&quot;&quot;,&quot;isLinked&quot;:true},&quot;padding_horizontal_dropdown_item&quot;:{&quot;unit&quot;:&quot;px&quot;,&quot;size&quot;:&quot;&quot;,&quot;sizes&quot;:[]},&quot;padding_horizontal_dropdown_item_tablet&quot;:{&quot;unit&quot;:&quot;px&quot;,&quot;size&quot;:&quot;&quot;,&quot;sizes&quot;:[]},&quot;padding_horizontal_dropdown_item_mobile&quot;:{&quot;unit&quot;:&quot;px&quot;,&quot;size&quot;:&quot;&quot;,&quot;sizes&quot;:[]},&quot;padding_vertical_dropdown_item&quot;:{&quot;unit&quot;:&quot;px&quot;,&quot;size&quot;:15,&quot;sizes&quot;:[]},&quot;padding_vertical_dropdown_item_tablet&quot;:{&quot;unit&quot;:&quot;px&quot;,&quot;size&quot;:&quot;&quot;,&quot;sizes&quot;:[]},&quot;padding_vertical_dropdown_item_mobile&quot;:{&quot;unit&quot;:&quot;px&quot;,&quot;size&quot;:&quot;&quot;,&quot;sizes&quot;:[]},&quot;distance_from_menu&quot;:{&quot;unit&quot;:&quot;px&quot;,&quot;size&quot;:&quot;&quot;,&quot;sizes&quot;:[]},&quot;distance_from_menu_tablet&quot;:{&quot;unit&quot;:&quot;px&quot;,&quot;size&quot;:&quot;&quot;,&quot;sizes&quot;:[]},&quot;distance_from_menu_mobile&quot;:{&quot;unit&quot;:&quot;px&quot;,&quot;size&quot;:&quot;&quot;,&quot;sizes&quot;:[]},&quot;toggle_size_tablet&quot;:{&quot;unit&quot;:&quot;px&quot;,&quot;size&quot;:&quot;&quot;,&quot;sizes&quot;:[]},&quot;toggle_size_mobile&quot;:{&quot;unit&quot;:&quot;px&quot;,&quot;size&quot;:&quot;&quot;,&quot;sizes&quot;:[]},&quot;toggle_border_width_tablet&quot;:{&quot;unit&quot;:&quot;px&quot;,&quot;size&quot;:&quot;&quot;,&quot;sizes&quot;:[]},&quot;toggle_border_width_mobile&quot;:{&quot;unit&quot;:&quot;px&quot;,&quot;size&quot;:&quot;&quot;,&quot;sizes&quot;:[]},&quot;toggle_border_radius&quot;:{&quot;unit&quot;:&quot;px&quot;,&quot;size&quot;:&quot;&quot;,&quot;sizes&quot;:[]},&quot;toggle_border_radius_tablet&quot;:{&quot;unit&quot;:&quot;px&quot;,&quot;size&quot;:&quot;&quot;,&quot;sizes&quot;:[]},&quot;toggle_border_radius_mobile&quot;:{&quot;unit&quot;:&quot;px&quot;,&quot;size&quot;:&quot;&quot;,&quot;sizes&quot;:[]}}\" data-widget_type=\"navigation-menu.default\">\n\t\t\t\t<div class=\"elementor-widget-container\">\n\t\t\t\t\t\t<div class=\"hfe-nav-menu hfe-layout-vertical hfe-nav-menu-layout vertical\" data-layout=\"vertical\">\n\t\t\t\t<div role=\"button\" class=\"hfe-nav-menu__toggle elementor-clickable\">\n\t\t\t\t\t<span class=\"screen-reader-text\">Menu<\/span>\n\t\t\t\t\t<div class=\"hfe-nav-menu-icon\">\n\t\t\t\t\t\t\t\t\t\t\t<\/div>\n\t\t\t\t<\/div>\n\t\t\t\t<nav itemscope=\"itemscope\" itemtype=\"https:\/\/schema.org\/SiteNavigationElement\" class=\"hfe-nav-menu__layout-vertical hfe-nav-menu__submenu-plus\" data-toggle-icon=\"\" data-close-icon=\"\" data-full-width=\"\">\n\t\t\t\t\t<ul id=\"menu-1-aa9b08f\" class=\"hfe-nav-menu\"><li id=\"menu-item-5347\" itemprop=\"name\" class=\"menu-item menu-item-type-post_type menu-item-object-page parent hfe-creative-menu\"><a href=\"https:\/\/www.wundzentren.de\/en\/presse\/\" itemprop=\"url\" class = \"hfe-menu-item\">News &amp; Press<\/a><\/li>\n<li id=\"menu-item-5342\" itemprop=\"name\" class=\"menu-item menu-item-type-post_type menu-item-object-page parent hfe-creative-menu\"><a href=\"https:\/\/www.wundzentren.de\/en\/presse\/pressemitteilungen\/\" itemprop=\"url\" class = \"hfe-menu-item\">Press &amp; News<\/a><\/li>\n<li id=\"menu-item-5341\" itemprop=\"name\" class=\"menu-item menu-item-type-post_type menu-item-object-page parent hfe-creative-menu\"><a href=\"https:\/\/www.wundzentren.de\/en\/presse\/messen-veranstaltungen\/\" itemprop=\"url\" class = \"hfe-menu-item\">Trade fairs &amp; Events<\/a><\/li>\n<li id=\"menu-item-5340\" itemprop=\"name\" class=\"menu-item menu-item-type-post_type menu-item-object-page parent hfe-creative-menu\"><a href=\"https:\/\/www.wundzentren.de\/en\/presse\/pressefotos\/\" itemprop=\"url\" class = \"hfe-menu-item\">Press photos<\/a><\/li>\n<li id=\"menu-item-5339\" itemprop=\"name\" class=\"menu-item menu-item-type-post_type menu-item-object-page parent hfe-creative-menu\"><a href=\"https:\/\/www.wundzentren.de\/en\/presse\/ansprechpartner\/\" itemprop=\"url\" class = \"hfe-menu-item\">Contact<\/a><\/li>\n<\/ul> \n\t\t\t\t<\/nav>\n\t\t\t<\/div>\n\t\t\t\t\t<\/div>\n\t\t\t\t<\/div>\n\t\t\t\t\t<\/div>\n\t\t\t\t<\/div>\n\t\t<div class=\"elementor-element elementor-element-7d8964b e-flex e-con-boxed e-con e-parent\" data-id=\"7d8964b\" data-element_type=\"container\">\n\t\t\t\t\t<div class=\"e-con-inner\">\n\t\t\t\t<div class=\"elementor-element elementor-element-fa1fcad elementor-widget elementor-widget-image\" data-id=\"fa1fcad\" data-element_type=\"widget\" data-widget_type=\"image.default\">\n\t\t\t\t<div class=\"elementor-widget-container\">\n\t\t\t<style>\/*! elementor - v3.21.0 - 26-05-2024 *\/\n.elementor-widget-image{text-align:center}.elementor-widget-image a{display:inline-block}.elementor-widget-image a img[src$=\".svg\"]{width:48px}.elementor-widget-image img{vertical-align:middle;display:inline-block}<\/style>\t\t\t\t\t\t\t\t\t\t<img fetchpriority=\"high\" decoding=\"async\" width=\"1200\" height=\"900\" src=\"https:\/\/www.wundzentren.de\/wp-content\/uploads\/2024\/05\/img-Teaserimage-2023-03-28_Eroeffnungsfeier_WZ_Potsdam-data-1-1280x960.jpg\" class=\"attachment-large size-large wp-image-9188\" alt=\"\" \/>\t\t\t\t\t\t\t\t\t\t\t\t\t<\/div>\n\t\t\t\t<\/div>\n\t\t\t\t<div class=\"elementor-element elementor-element-71b04b6 elementor-widget elementor-widget-heading\" data-id=\"71b04b6\" data-element_type=\"widget\" data-widget_type=\"heading.default\">\n\t\t\t\t<div class=\"elementor-widget-container\">\n\t\t\t<h2 class=\"elementor-heading-title elementor-size-default\"><dl style=\"-webkit-tap-highlight-color: transparent; box-sizing: inherit; margin-bottom: 10px; font-size: 0.75rem; color: rgb(77, 77, 77); opacity: 0.7; text-transform: uppercase; font-family: Barlow-Medium, Helvetica, Arial, Lucida; white-space-collapse: collapse;\"><dd style=\"-webkit-tap-highlight-color: transparent; box-sizing: inherit; margin-bottom: 0px; margin-left: 0px;\"><time datetime=\"03.08.2023\" style=\"-webkit-tap-highlight-color: transparent; box-sizing: inherit;\">31. M\u00e4rz 2023<\/time><span style=\"color: var( --e-global-color-primary ); font-family: var( --e-global-typography-primary-font-family ), Sans-serif; font-size: 2.5em; font-weight: var( --e-global-typography-primary-font-weight ); white-space-collapse: preserve; text-align: var(--text-align);\"><\/span><\/dd><\/dl><\/h2>\t\t<\/div>\n\t\t\t\t<\/div>\n\t\t\t\t<div class=\"elementor-element elementor-element-98aea6b elementor-widget elementor-widget-text-editor\" data-id=\"98aea6b\" data-element_type=\"widget\" data-widget_type=\"text-editor.default\">\n\t\t\t\t<div class=\"elementor-widget-container\">\n\t\t\t<style>\/*! elementor - v3.21.0 - 26-05-2024 *\/\n.elementor-widget-text-editor.elementor-drop-cap-view-stacked .elementor-drop-cap{background-color:#69727d;color:#fff}.elementor-widget-text-editor.elementor-drop-cap-view-framed .elementor-drop-cap{color:#69727d;border:3px solid;background-color:transparent}.elementor-widget-text-editor:not(.elementor-drop-cap-view-default) .elementor-drop-cap{margin-top:8px}.elementor-widget-text-editor:not(.elementor-drop-cap-view-default) .elementor-drop-cap-letter{width:1em;height:1em}.elementor-widget-text-editor .elementor-drop-cap{float:left;text-align:center;line-height:1;font-size:50px}.elementor-widget-text-editor .elementor-drop-cap-letter{display:inline-block}<\/style>\t\t\t\t<div class=\"b-intro is-no-divider\"><header class=\"group\"><h1 class=\"title\" style=\"box-sizing: inherit; font-weight: 800; margin: 0px 0px 20px; font-family: Barlow, Helvetica, Arial, sans-serif; font-size: 2.5rem; line-height: 3rem; color: #8cb8c6;\">Member of the SPD parliamentary group, G\u00fcnter Baaske, visits WCC-WoundCareCenter Potsdam<\/h1><\/header><\/div>\t\t\t\t\t\t<\/div>\n\t\t\t\t<\/div>\n\t\t\t\t<div class=\"elementor-element elementor-element-56176df elementor-widget elementor-widget-text-editor\" data-id=\"56176df\" data-element_type=\"widget\" data-widget_type=\"text-editor.default\">\n\t\t\t\t<div class=\"elementor-widget-container\">\n\t\t\t\t\t\t\t<div><header><div style=\"box-sizing: inherit; padding-right: 20px; padding-left: 20px; position: relative; width: 840px; caret-color: #000000; color: #000000; font-family: Barlow-Medium, Helvetica, Arial, Lucida; font-weight: 400; text-size-adjust: auto;\"><div style=\"box-sizing: inherit; counter-reset: section 0; width: 800px; color: #777777; font-size: 1.25rem; line-height: 1.6875rem;\"><p style=\"box-sizing: inherit; margin-bottom: 18px; font-size: 1.25rem; line-height: 1.6875rem; font-family: Barlow-Medium, Helvetica, Arial, Lucida, sans-serif;\">D\u00fcsseldorf\/Potsdam, 29.03.2023. Am 28. M\u00e4rz besuchte der Abgeordneter der SPD-Bundestagsfraktion, G\u00fcnter Baaske, der Mitglied im Ausschuss f\u00fcr Soziales, Gesundheit, Integration und Verbraucherschutz ist, das im Jahr 2022 Neuer\u00f6ffnete WZ-WundZentrum Potsdam.<\/p><\/div><\/div><section style=\"box-sizing: inherit; width: 840px; caret-color: #000000; color: #000000; font-family: Barlow-Medium, Helvetica, Arial, Lucida; font-weight: 400; text-size-adjust: auto;\"><div style=\"box-sizing: inherit; padding-right: 20px; padding-left: 20px; counter-reset: section 0; width: 840px; color: #777777;\"><p style=\"box-sizing: inherit; margin-bottom: 15px; font-size: 1.15rem; line-height: 1.625rem;\"><a style=\"box-sizing: inherit; color: #8cb8c6; font-weight: 600;\" href=\"https:\/\/www.wundzentren.de\/wz-de\/resource\/blob\/64908\/7553808fa3c760831264e9ec1698017a\/dl%20-%202023-03-28_Er%C3%B6ffnungsfeier%20WZ%20Potsdam-data.pdf\" target=\"&quot;_blank&quot;\">Download Pressemitteilung (PDF 175 KB)\u00a0<\/a><\/p><p style=\"box-sizing: inherit; margin-bottom: 15px; font-size: 1.15rem; line-height: 1.625rem;\">Member of the SPD parliamentary group, G\u00fcnter Baaske, visits WCC-WoundCareCenter Potsdam<\/p><p style=\"box-sizing: inherit; margin-bottom: 15px; font-size: 1.15rem; line-height: 1.625rem;\">\u00a0<\/p><p style=\"box-sizing: inherit; margin-bottom: 15px; font-size: 1.15rem; line-height: 1.625rem;\"><em style=\"box-sizing: inherit;\">D\u00fcsseldorf\/Potsdam<\/em><em style=\"box-sizing: inherit;\">, 29.03.2023.<\/em><span style=\"box-sizing: inherit; font-weight: 600;\">Am 28. M\u00e4rz besuchte<\/span><span style=\"box-sizing: inherit; font-weight: 600;\">\u00a0der Abgeordneter der SPD-Bundestagsfraktion, G\u00fcnter Baaske, der Mitglied im Ausschuss f\u00fcr Soziales, Gesundheit, Integration und Verbraucherschutz ist,\u00a0<\/span><span style=\"box-sizing: inherit; font-weight: 600;\">das im Jahr 2022 Neuer\u00f6ffnete WZ-WundZentrum Potsdam.<\/span><br style=\"box-sizing: inherit;\" \/><br style=\"box-sizing: inherit;\" \/>Beeindruckt zeigte sich G\u00fcnter Baaske von der Praxisarbeit der spezialisierten Pflegefachkr\u00e4fte im WZ-WundZentrum, die in enger Zusammenarbeit mit Fach\u00e4rzt:innen erfolgt. Menschen mit chronischen und\/oder schwer heilenden Wunden ben\u00f6tigen eine umfassende Beratung und Behandlung durch ein interdisziplin\u00e4res Team aus \u00c4rztin\/Arzt, Pflegefachkraft und weiteren Gesundheitsdienstleistern. Andr\u00e9 Lantin, Gesch\u00e4ftsf\u00fchrer der WZ-WundZentren GmbH, f\u00fchrte den Politiker durch das WundZentrum, gab Auskunft \u00fcber die Versorgungsstruktur und Qualit\u00e4t der leitliniengerechten, ganzheitlichen Spezialversorgung chronischer und schwer heilender Wunden und erl\u00e4uterte den Mehrwert f\u00fcr die Betroffenen.<\/p><p style=\"box-sizing: inherit; margin-bottom: 15px; font-size: 1.15rem; line-height: 1.625rem;\">&#8222;Wir sch\u00e4tzen die Aufmerksamkeit, die Herr Baaske der Wundbehandlung durch seinen Besuch an unserem Standort in Potsdam schenkt sehr. Politische Entscheidungen spielen in unserer Arbeit eine wichtige Rolle&#8220;, so der Gesch\u00e4ftsf\u00fchrer der WZ-Wundzentren. Bereits im April 2017 hat der Gesetzgeber Wundzentren als spezialisierte Pflegeeinrichtungen und damit als Leistungserbringer f\u00fcr die L\u00f6sung bestehender Versorgungsprobleme anerkannt&#8220;, so Lantin. Der Weg bis mit allen Krankenkassen Vertr\u00e4ge geschlossen sind, ist dabei lang und steinig<br style=\"box-sizing: inherit;\" \/>\u00a0<\/p><p style=\"box-sizing: inherit; margin-bottom: 15px; font-size: 1.15rem; line-height: 1.625rem;\"><span style=\"box-sizing: inherit; font-weight: 600;\">Mehr als zwei Millionen Menschen leiden in Deutschland an Wundheilungsst\u00f6rungen<\/span><\/p><p style=\"box-sizing: inherit; margin-bottom: 15px; font-size: 1.15rem; line-height: 1.625rem;\">In Deutschland leben mehr als zwei Millionen Menschen mit schwer heilenden Wunden. Am h\u00e4ufigsten treten das \u201eoffene Bein\u201c (Ulcus cruris), Druckgeschw\u00fcre (Dekubitus) und der diabetische Fu\u00df auf. Dar\u00fcber hinaus gibt es mehr als 150 verschiedene Wundarten als Symptom oder Komplikation verschiedenster Grunderkrankungen. Die Betroffenen sind durch starke Schmerzen, Geruch und Wundsekret meist massiv in ihrer Lebensqualit\u00e4t beeintr\u00e4chtigt. Nicht selten f\u00fchrt eine schwer heilende Wunde zu sozialer Isolation und Arbeitsunf\u00e4higkeit.<\/p><p style=\"box-sizing: inherit; margin-bottom: 15px; font-size: 1.15rem; line-height: 1.625rem;\">&#8222;Der Zeitmangel und die fehlende fachliche Spezialisierung auf schwer heilende Wunden sowie die hohen hygienischen und r\u00e4umlichen Anforderungen bei der Versorgung sind wesentliche Gr\u00fcnde daf\u00fcr, dass sich \u00c4rzt:innen in der Regel schwer tun, komplexe Wunden in ihren Praxen selbst zu versorgen&#8220;. erg\u00e4nzt Andr\u00e9 Lantin.<\/p><p style=\"box-sizing: inherit; margin-bottom: 15px; font-size: 1.15rem; line-height: 1.625rem;\">Die Lebensqualit\u00e4t der betroffenen Patienten zu verbessern, steht f\u00fcr die Pflegefachkr\u00e4fte des WZ-WundZentrum in Potsdam an erster Stelle. &#8222;Nicht nur Patient:innen mit chronischen und schwer heilenden Wunden, sondern auch Haus\u00e4rzt:innen k\u00f6nnen von unseren Leistungen profitieren. Mit dem aktuellen Modellvorhaben zur Heilkunden\u00fcbertragung wurde explizit im Bereich Wunde ein Meilenstein erreicht. Hier profitiert das Gesundheitssystem von der Professionalisierung der Pflege. Wir setzen in unseren WZ-WundZentren genau das seit 15 Jahren um, was der Gesetzgeber nun in Struktur gegossen hat&#8220;, so Andr\u00e9 Lantin.<\/p><p style=\"box-sizing: inherit; margin-bottom: 15px; font-size: 1.15rem; line-height: 1.625rem;\">&#8222;Die Spezialisierung und Professionalisierung der Pflege ist wichtiger denn je, denn so k\u00f6nnen wir die Attraktivit\u00e4t des Pflegeberufs steigern. Das Modellvorhaben zur \u00dcbertragung \u00e4rztlicher T\u00e4tigkeiten, wie hier im Bereich der Wundbehandlung, kann dazu einen wichtigen Beitrag leisten&#8220;, so G\u00fcnter Baaske.<br style=\"box-sizing: inherit;\" \/>\u00a0<\/p><p style=\"box-sizing: inherit; margin-bottom: 15px; font-size: 1.15rem; line-height: 1.625rem;\"><span style=\"box-sizing: inherit; font-weight: 600;\">Spezialisierte ambulante Wundbehandlung in den WZ-WundZentren<\/span><\/p><p style=\"box-sizing: inherit; margin-bottom: 15px; font-size: 1.15rem; line-height: 1.625rem;\">Eine ausf\u00fchrliche medizinische- und Pflegeanamnese, die Ursachenforschung und Diagnostik sowie die Beratung und Koordination von Ma\u00dfnahmen geh\u00f6ren in den WZ-WundZentren zum Therapiekonzept. Jede Wunde ist anders, deshalb ist die Wundbehandlung auch auf jeden Betroffenen zugeschnitten. Oberstes Ziel der Behandlung ist es, ein schnelles Abheilen der Wunden und dadurch ein beschwerdefreies Leben der Patient:innen zu erm\u00f6glichen. Dabei hat jeder Versicherte, gesetzlich oder privat, einen Versorgungsanspruch, wodurch die Krankenkassen die Leistungen erstatten muss, wenn gleich in Teilen noch per Einzelfallentscheidung.<\/p><p style=\"box-sizing: inherit; margin-bottom: 15px; font-size: 1.15rem; line-height: 1.625rem;\">\u00a0<\/p><p style=\"box-sizing: inherit; margin-bottom: 15px; font-size: 1.15rem; line-height: 1.625rem;\">Weitere Informationen zu Leistungen und Kontaktm\u00f6glichkeiten f\u00fcr die Terminvereinbarung am Standort Potsdam finden Sie unter\u00a0<a style=\"box-sizing: inherit; color: #8cb8c6; font-weight: 600;\" href=\"http:\/\/www.wundzentren.de\/potsdam\">www.wundzentren.de\/potsdam<\/a>\u00a0oder telefonisch unter 0331 &#8211; 619 005 10.\u00a0<\/p><p style=\"box-sizing: inherit; margin-bottom: 15px; font-size: 1.15rem; line-height: 1.625rem;\">\u00a0<\/p><p style=\"box-sizing: inherit; margin-bottom: 15px; font-size: 1.15rem; line-height: 1.625rem;\"><span style=\"box-sizing: inherit; font-weight: 600;\">Die Artikel aus der Potsdamer Presse zur Feier der Neuer\u00f6ffnung des WZ-WundZentrums Potsdam finden Sie hier zum Download.<\/span><\/p><p style=\"box-sizing: inherit; margin-bottom: 15px; font-size: 1.15rem; line-height: 1.625rem;\"><a style=\"box-sizing: inherit; color: #8cb8c6; font-weight: 600;\" href=\"https:\/\/www.wundzentren.de\/wz-de\/resource\/blob\/64918\/815396d815bd691e24aefdb3893a34eb\/dl%20-%202023-03-28_Medienartikel_MAZ-data.pdf\" target=\"&quot;_blank&quot;\">Download Presseartikel &#8211; M\u00e4rkische Allgemeine (MAZ) (PDF 77 KB)\u00a0<\/a><\/p><p style=\"box-sizing: inherit; margin-bottom: 15px; font-size: 1.15rem; line-height: 1.625rem;\"><a style=\"box-sizing: inherit; color: #8cb8c6; font-weight: 600;\" href=\"https:\/\/www.wundzentren.de\/wz-de\/resource\/blob\/64926\/005c769c4d2b227457dccf58fc3c201e\/dl%20-%202023-03-28_Medienartikel_PNN-data.pdf\" target=\"&quot;_blank&quot;\">Download Presseartikel &#8211; Potsdamer Neueste Nachrichten (PNN) (PDF 100 KB)\u00a0<\/a><\/p><\/div><\/section><\/header><\/div><section><div><div>\u00a0<\/div><\/div><\/section>\t\t\t\t\t\t<\/div>\n\t\t\t\t<\/div>\n\t\t\t\t<div class=\"elementor-element elementor-element-d2a2fa4 elementor-widget elementor-widget-text-editor\" data-id=\"d2a2fa4\" data-element_type=\"widget\" data-widget_type=\"text-editor.default\">\n\t\t\t\t<div class=\"elementor-widget-container\">\n\t\t\t\t\t\t\t<div>\n<header>\n<div style=\"box-sizing: inherit; padding-right: 20px; padding-left: 20px; position: relative; width: 840px; caret-color: #000000; color: #000000; font-family: Barlow-Medium, Helvetica, Arial, Lucida; font-weight: 400; text-size-adjust: auto;\">\n<div style=\"box-sizing: inherit; counter-reset: section 0; width: 800px; color: #777777; font-size: 1.25rem; line-height: 1.6875rem;\">&nbsp;<\/div>\n<\/div>\n<section style=\"box-sizing: inherit; width: 840px; caret-color: #000000; color: #000000; font-family: Barlow-Medium, Helvetica, Arial, Lucida; font-weight: 400; text-size-adjust: auto;\">\n<div style=\"box-sizing: inherit; padding-right: 20px; padding-left: 20px; counter-reset: section 0; width: 840px; color: #777777;\">&nbsp;<\/div>\n<\/section>\n<h5 style=\"-webkit-tap-highlight-color: transparent; box-sizing: inherit; font-weight: 400; margin-top: 15px; margin-bottom: 12px; font-family: Barlow-Medium, Helvetica, Arial, Lucida; border: 1px solid #a88165; color: #777777; font-size: 1.15rem; line-height: 1.625rem; padding: 20px; box-shadow: #a88165 0px 1px 10px;\"><span class=\"underline\" style=\"-webkit-tap-highlight-color: transparent; box-sizing: inherit; text-decoration-line: underline;\">\u00dcber die WZ<\/span><span class=\"underline\" style=\"-webkit-tap-highlight-color: transparent; box-sizing: inherit; text-decoration-line: underline;\">-WundZentren GmbH<\/span><br style=\"-webkit-tap-highlight-color: transparent; box-sizing: inherit;\">Seit 2008 konnten mit dem bew\u00e4hrten Behandlungskonzept der WZ-WundZentren bereits \u00fcber 30.000 Patienten an 23&nbsp;Standorten in Deutschland erfolgreich behandelt werden. Durchschnittlich leiden die Patienten bereits \u00fcber zw\u00f6lf Monaten unter ihrer chronischen oder schwer heilenden Wunde. Bei einem Gro\u00dfteil der Patienten konnte unter der Behandlung in einem der WZ-WundZentren ein Wundverschluss in weniger als vier Monaten erreicht werden. F\u00fcr die Betroffenen bedeutet dies das Ende einer oft jahrelangen Behandlungs\u00adodyssee und eine erhebliche Verbesserung ihrer Lebensqualit\u00e4t.<br style=\"-webkit-tap-highlight-color: transparent; box-sizing: inherit;\"><br style=\"-webkit-tap-highlight-color: transparent; box-sizing: inherit;\">Die WZ-WundZentren GmbH mit Sitz in D\u00fcsseldorf ist ein Unternehmen der recucare Gruppe.<br style=\"-webkit-tap-highlight-color: transparent; box-sizing: inherit;\"><br style=\"-webkit-tap-highlight-color: transparent; box-sizing: inherit;\">Weitere Informationen unter&nbsp;<a style=\"-webkit-tap-highlight-color: transparent; box-sizing: inherit; color: #8cb8c6; font-weight: 600;\" href=\"http:\/\/www.wundzentren.de\/\">www.wundzentren.de<\/a><\/h5>\n<\/header>\n<\/div>\n<section>\n<div>\n<div>&nbsp;<\/div>\n<\/div>\n<\/section>\t\t\t\t\t\t<\/div>\n\t\t\t\t<\/div>\n\t\t\t\t\t<\/div>\n\t\t\t\t<\/div>\n\t\t\t\t<\/div>","protected":false},"excerpt":{"rendered":"<p>Unternehmen &amp; Leistungen Wundlexikon Standorte Jobs &#038;amp Karriere Neuigkeiten &amp;Presse Menu Neuigkeiten &amp; Presse Presse &#038; Aktuelles Messen &#8211; Veranstaltungen Presse-Fotos Ansprechpartner 31. M\u00e4rz 2023 Abgeordneter der SPD-Bundestagsfraktion, G\u00fcnter Baaske, zu Besuch im WZ-WundZentrum Potsdam D\u00fcsseldorf\/Potsdam, 29.03.2023. Am 28. M\u00e4rz besuchte der Abgeordneter der SPD-Bundestagsfraktion, G\u00fcnter Baaske, der Mitglied im Ausschuss f\u00fcr Soziales, Gesundheit, Integration&#8230;<\/p>","protected":false},"author":1,"featured_media":0,"comment_status":"closed","ping_status":"open","sticky":false,"template":"","format":"standard","meta":{"footnotes":""},"categories":[1],"tags":[],"class_list":["post-8624","post","type-post","status-publish","format-standard","hentry","category-allgemein"],"yoast_head":"<!-- This site is optimized with the Yoast SEO plugin v24.4 - https:\/\/yoast.com\/wordpress\/plugins\/seo\/ -->\n<title>Abgeordneter der SPD-Bundestagsfraktion, G\u00fcnter Baaske, zu Besuch im WZ-WundZentrum Potsdam - WZ-WundZentren: Ihr Spezialist f\u00fcr die Behandlung von chronischen und schwer heilenden Wunden<\/title>\n<meta name=\"robots\" content=\"index, follow, max-snippet:-1, max-image-preview:large, max-video-preview:-1\" \/>\n<link rel=\"canonical\" href=\"https:\/\/www.wundzentren.de\/en\/2023\/03\/21\/abgeordneter-der-spd-bundestagsfraktion-guenter-baaske-zu-besuch-im-wz-wundzentrum-potsdam\/\" \/>\n<meta property=\"og:locale\" content=\"en_GB\" \/>\n<meta property=\"og:type\" content=\"article\" \/>\n<meta property=\"og:title\" content=\"Abgeordneter der SPD-Bundestagsfraktion, G\u00fcnter Baaske, zu Besuch im WZ-WundZentrum Potsdam - WZ-WundZentren: Ihr Spezialist f\u00fcr die Behandlung von chronischen und schwer heilenden Wunden\" \/>\n<meta property=\"og:description\" content=\"Unternehmen &amp; Leistungen Wundlexikon Standorte Jobs &#038;amp Karriere Neuigkeiten &amp;Presse Menu Neuigkeiten &amp; Presse Presse &#038; Aktuelles Messen &#8211; Veranstaltungen Presse-Fotos Ansprechpartner 31. M\u00e4rz 2023 Abgeordneter der SPD-Bundestagsfraktion, G\u00fcnter Baaske, zu Besuch im WZ-WundZentrum Potsdam D\u00fcsseldorf\/Potsdam, 29.03.2023. Am 28. M\u00e4rz besuchte der Abgeordneter der SPD-Bundestagsfraktion, G\u00fcnter Baaske, der Mitglied im Ausschuss f\u00fcr Soziales, Gesundheit, Integration...\" \/>\n<meta property=\"og:url\" content=\"https:\/\/www.wundzentren.de\/en\/2023\/03\/21\/abgeordneter-der-spd-bundestagsfraktion-guenter-baaske-zu-besuch-im-wz-wundzentrum-potsdam\/\" \/>\n<meta property=\"og:site_name\" content=\"WZ-WundZentren: Ihr Spezialist f\u00fcr die Behandlung von chronischen und schwer heilenden Wunden\" \/>\n<meta property=\"article:published_time\" content=\"2023-03-21T04:31:49+00:00\" \/>\n<meta property=\"article:modified_time\" content=\"2025-11-05T18:55:08+00:00\" \/>\n<meta property=\"og:image\" content=\"https:\/\/wz.wz-medcubes.de\/wp-content\/uploads\/2024\/05\/img-Teaserimage-2023-03-28_Eroeffnungsfeier_WZ_Potsdam-data-1-1280x960.jpg\" \/>\n<meta name=\"author\" content=\"wundzentren\" \/>\n<meta name=\"twitter:card\" content=\"summary_large_image\" \/>\n<meta name=\"twitter:label1\" content=\"Written by\" \/>\n\t<meta name=\"twitter:data1\" content=\"wundzentren\" \/>\n\t<meta name=\"twitter:label2\" content=\"Estimated reading time\" \/>\n\t<meta name=\"twitter:data2\" content=\"4 minutes\" \/>\n<script type=\"application\/ld+json\" class=\"yoast-schema-graph\">{\"@context\":\"https:\/\/schema.org\",\"@graph\":[{\"@type\":\"WebPage\",\"@id\":\"https:\/\/www.wundzentren.de\/2023\/03\/21\/abgeordneter-der-spd-bundestagsfraktion-guenter-baaske-zu-besuch-im-wz-wundzentrum-potsdam\/\",\"url\":\"https:\/\/www.wundzentren.de\/2023\/03\/21\/abgeordneter-der-spd-bundestagsfraktion-guenter-baaske-zu-besuch-im-wz-wundzentrum-potsdam\/\",\"name\":\"Abgeordneter der SPD-Bundestagsfraktion, G\u00fcnter Baaske, zu Besuch im WZ-WundZentrum Potsdam - WZ-WundZentren: Ihr Spezialist f\u00fcr die Behandlung von chronischen und schwer heilenden Wunden\",\"isPartOf\":{\"@id\":\"https:\/\/www.wundzentren.de\/#website\"},\"primaryImageOfPage\":{\"@id\":\"https:\/\/www.wundzentren.de\/2023\/03\/21\/abgeordneter-der-spd-bundestagsfraktion-guenter-baaske-zu-besuch-im-wz-wundzentrum-potsdam\/#primaryimage\"},\"image\":{\"@id\":\"https:\/\/www.wundzentren.de\/2023\/03\/21\/abgeordneter-der-spd-bundestagsfraktion-guenter-baaske-zu-besuch-im-wz-wundzentrum-potsdam\/#primaryimage\"},\"thumbnailUrl\":\"https:\/\/wz.wz-medcubes.de\/wp-content\/uploads\/2024\/05\/img-Teaserimage-2023-03-28_Eroeffnungsfeier_WZ_Potsdam-data-1-1280x960.jpg\",\"datePublished\":\"2023-03-21T04:31:49+00:00\",\"dateModified\":\"2025-11-05T18:55:08+00:00\",\"author\":{\"@id\":\"https:\/\/www.wundzentren.de\/#\/schema\/person\/31764b4b2cface4d0a6c2fd0d39dcfeb\"},\"breadcrumb\":{\"@id\":\"https:\/\/www.wundzentren.de\/2023\/03\/21\/abgeordneter-der-spd-bundestagsfraktion-guenter-baaske-zu-besuch-im-wz-wundzentrum-potsdam\/#breadcrumb\"},\"inLanguage\":\"en-GB\",\"potentialAction\":[{\"@type\":\"ReadAction\",\"target\":[\"https:\/\/www.wundzentren.de\/2023\/03\/21\/abgeordneter-der-spd-bundestagsfraktion-guenter-baaske-zu-besuch-im-wz-wundzentrum-potsdam\/\"]}]},{\"@type\":\"ImageObject\",\"inLanguage\":\"en-GB\",\"@id\":\"https:\/\/www.wundzentren.de\/2023\/03\/21\/abgeordneter-der-spd-bundestagsfraktion-guenter-baaske-zu-besuch-im-wz-wundzentrum-potsdam\/#primaryimage\",\"url\":\"https:\/\/wz.wz-medcubes.de\/wp-content\/uploads\/2024\/05\/img-Teaserimage-2023-03-28_Eroeffnungsfeier_WZ_Potsdam-data-1-1280x960.jpg\",\"contentUrl\":\"https:\/\/wz.wz-medcubes.de\/wp-content\/uploads\/2024\/05\/img-Teaserimage-2023-03-28_Eroeffnungsfeier_WZ_Potsdam-data-1-1280x960.jpg\"},{\"@type\":\"BreadcrumbList\",\"@id\":\"https:\/\/www.wundzentren.de\/2023\/03\/21\/abgeordneter-der-spd-bundestagsfraktion-guenter-baaske-zu-besuch-im-wz-wundzentrum-potsdam\/#breadcrumb\",\"itemListElement\":[{\"@type\":\"ListItem\",\"position\":1,\"name\":\"Startseite\",\"item\":\"https:\/\/www.wundzentren.de\/\"},{\"@type\":\"ListItem\",\"position\":2,\"name\":\"Abgeordneter der SPD-Bundestagsfraktion, G\u00fcnter Baaske, zu Besuch im WZ-WundZentrum Potsdam\"}]},{\"@type\":\"WebSite\",\"@id\":\"https:\/\/www.wundzentren.de\/#website\",\"url\":\"https:\/\/www.wundzentren.de\/\",\"name\":\"WZ-WundZentren: Ihr Spezialist f\u00fcr die Behandlung von chronischen und schwer heilenden Wunden\",\"description\":\"\",\"potentialAction\":[{\"@type\":\"SearchAction\",\"target\":{\"@type\":\"EntryPoint\",\"urlTemplate\":\"https:\/\/www.wundzentren.de\/?s={search_term_string}\"},\"query-input\":{\"@type\":\"PropertyValueSpecification\",\"valueRequired\":true,\"valueName\":\"search_term_string\"}}],\"inLanguage\":\"en-GB\"},{\"@type\":\"Person\",\"@id\":\"https:\/\/www.wundzentren.de\/#\/schema\/person\/31764b4b2cface4d0a6c2fd0d39dcfeb\",\"name\":\"wundzentren\",\"image\":{\"@type\":\"ImageObject\",\"inLanguage\":\"en-GB\",\"@id\":\"https:\/\/www.wundzentren.de\/#\/schema\/person\/image\/\",\"url\":\"https:\/\/secure.gravatar.com\/avatar\/6aaf6a53554b39bea64f00cf30fefb0c4f2fa1767df7fd480c50d6b0b696112c?s=96&d=mm&r=g\",\"contentUrl\":\"https:\/\/secure.gravatar.com\/avatar\/6aaf6a53554b39bea64f00cf30fefb0c4f2fa1767df7fd480c50d6b0b696112c?s=96&d=mm&r=g\",\"caption\":\"wundzentren\"},\"sameAs\":[\"https:\/\/wz.wz-medcubes.de\"],\"url\":\"https:\/\/www.wundzentren.de\/en\/author\/wundzentren\/\"}]}<\/script>\n<!-- \/ Yoast SEO plugin. -->","yoast_head_json":{"title":"Abgeordneter der SPD-Bundestagsfraktion, G\u00fcnter Baaske, zu Besuch im WZ-WundZentrum Potsdam - WZ-WundZentren: Ihr Spezialist f\u00fcr die Behandlung von chronischen und schwer heilenden Wunden","robots":{"index":"index","follow":"follow","max-snippet":"max-snippet:-1","max-image-preview":"max-image-preview:large","max-video-preview":"max-video-preview:-1"},"canonical":"https:\/\/www.wundzentren.de\/en\/2023\/03\/21\/abgeordneter-der-spd-bundestagsfraktion-guenter-baaske-zu-besuch-im-wz-wundzentrum-potsdam\/","og_locale":"en_GB","og_type":"article","og_title":"Abgeordneter der SPD-Bundestagsfraktion, G\u00fcnter Baaske, zu Besuch im WZ-WundZentrum Potsdam - WZ-WundZentren: Ihr Spezialist f\u00fcr die Behandlung von chronischen und schwer heilenden Wunden","og_description":"Unternehmen &amp; Leistungen Wundlexikon Standorte Jobs &#038;amp Karriere Neuigkeiten &amp;Presse Menu Neuigkeiten &amp; Presse Presse &#038; Aktuelles Messen &#8211; Veranstaltungen Presse-Fotos Ansprechpartner 31. M\u00e4rz 2023 Abgeordneter der SPD-Bundestagsfraktion, G\u00fcnter Baaske, zu Besuch im WZ-WundZentrum Potsdam D\u00fcsseldorf\/Potsdam, 29.03.2023. Am 28. M\u00e4rz besuchte der Abgeordneter der SPD-Bundestagsfraktion, G\u00fcnter Baaske, der Mitglied im Ausschuss f\u00fcr Soziales, Gesundheit, Integration...","og_url":"https:\/\/www.wundzentren.de\/en\/2023\/03\/21\/abgeordneter-der-spd-bundestagsfraktion-guenter-baaske-zu-besuch-im-wz-wundzentrum-potsdam\/","og_site_name":"WZ-WundZentren: Ihr Spezialist f\u00fcr die Behandlung von chronischen und schwer heilenden Wunden","article_published_time":"2023-03-21T04:31:49+00:00","article_modified_time":"2025-11-05T18:55:08+00:00","og_image":[{"url":"https:\/\/wz.wz-medcubes.de\/wp-content\/uploads\/2024\/05\/img-Teaserimage-2023-03-28_Eroeffnungsfeier_WZ_Potsdam-data-1-1280x960.jpg","type":"","width":"","height":""}],"author":"wundzentren","twitter_card":"summary_large_image","twitter_misc":{"Written by":"wundzentren","Estimated reading time":"4 minutes"},"schema":{"@context":"https:\/\/schema.org","@graph":[{"@type":"WebPage","@id":"https:\/\/www.wundzentren.de\/2023\/03\/21\/abgeordneter-der-spd-bundestagsfraktion-guenter-baaske-zu-besuch-im-wz-wundzentrum-potsdam\/","url":"https:\/\/www.wundzentren.de\/2023\/03\/21\/abgeordneter-der-spd-bundestagsfraktion-guenter-baaske-zu-besuch-im-wz-wundzentrum-potsdam\/","name":"Abgeordneter der SPD-Bundestagsfraktion, G\u00fcnter Baaske, zu Besuch im WZ-WundZentrum Potsdam - WZ-WundZentren: Ihr Spezialist f\u00fcr die Behandlung von chronischen und schwer heilenden Wunden","isPartOf":{"@id":"https:\/\/www.wundzentren.de\/#website"},"primaryImageOfPage":{"@id":"https:\/\/www.wundzentren.de\/2023\/03\/21\/abgeordneter-der-spd-bundestagsfraktion-guenter-baaske-zu-besuch-im-wz-wundzentrum-potsdam\/#primaryimage"},"image":{"@id":"https:\/\/www.wundzentren.de\/2023\/03\/21\/abgeordneter-der-spd-bundestagsfraktion-guenter-baaske-zu-besuch-im-wz-wundzentrum-potsdam\/#primaryimage"},"thumbnailUrl":"https:\/\/wz.wz-medcubes.de\/wp-content\/uploads\/2024\/05\/img-Teaserimage-2023-03-28_Eroeffnungsfeier_WZ_Potsdam-data-1-1280x960.jpg","datePublished":"2023-03-21T04:31:49+00:00","dateModified":"2025-11-05T18:55:08+00:00","author":{"@id":"https:\/\/www.wundzentren.de\/#\/schema\/person\/31764b4b2cface4d0a6c2fd0d39dcfeb"},"breadcrumb":{"@id":"https:\/\/www.wundzentren.de\/2023\/03\/21\/abgeordneter-der-spd-bundestagsfraktion-guenter-baaske-zu-besuch-im-wz-wundzentrum-potsdam\/#breadcrumb"},"inLanguage":"en-GB","potentialAction":[{"@type":"ReadAction","target":["https:\/\/www.wundzentren.de\/2023\/03\/21\/abgeordneter-der-spd-bundestagsfraktion-guenter-baaske-zu-besuch-im-wz-wundzentrum-potsdam\/"]}]},{"@type":"ImageObject","inLanguage":"en-GB","@id":"https:\/\/www.wundzentren.de\/2023\/03\/21\/abgeordneter-der-spd-bundestagsfraktion-guenter-baaske-zu-besuch-im-wz-wundzentrum-potsdam\/#primaryimage","url":"https:\/\/wz.wz-medcubes.de\/wp-content\/uploads\/2024\/05\/img-Teaserimage-2023-03-28_Eroeffnungsfeier_WZ_Potsdam-data-1-1280x960.jpg","contentUrl":"https:\/\/wz.wz-medcubes.de\/wp-content\/uploads\/2024\/05\/img-Teaserimage-2023-03-28_Eroeffnungsfeier_WZ_Potsdam-data-1-1280x960.jpg"},{"@type":"BreadcrumbList","@id":"https:\/\/www.wundzentren.de\/2023\/03\/21\/abgeordneter-der-spd-bundestagsfraktion-guenter-baaske-zu-besuch-im-wz-wundzentrum-potsdam\/#breadcrumb","itemListElement":[{"@type":"ListItem","position":1,"name":"Startseite","item":"https:\/\/www.wundzentren.de\/"},{"@type":"ListItem","position":2,"name":"Abgeordneter der SPD-Bundestagsfraktion, G\u00fcnter Baaske, zu Besuch im WZ-WundZentrum Potsdam"}]},{"@type":"WebSite","@id":"https:\/\/www.wundzentren.de\/#website","url":"https:\/\/www.wundzentren.de\/","name":"WZ-WundZentren: Ihr Spezialist f\u00fcr die Behandlung von chronischen und schwer heilenden Wunden","description":"","potentialAction":[{"@type":"SearchAction","target":{"@type":"EntryPoint","urlTemplate":"https:\/\/www.wundzentren.de\/?s={search_term_string}"},"query-input":{"@type":"PropertyValueSpecification","valueRequired":true,"valueName":"search_term_string"}}],"inLanguage":"en-GB"},{"@type":"Person","@id":"https:\/\/www.wundzentren.de\/#\/schema\/person\/31764b4b2cface4d0a6c2fd0d39dcfeb","name":"wundzentren","image":{"@type":"ImageObject","inLanguage":"en-GB","@id":"https:\/\/www.wundzentren.de\/#\/schema\/person\/image\/","url":"https:\/\/secure.gravatar.com\/avatar\/6aaf6a53554b39bea64f00cf30fefb0c4f2fa1767df7fd480c50d6b0b696112c?s=96&d=mm&r=g","contentUrl":"https:\/\/secure.gravatar.com\/avatar\/6aaf6a53554b39bea64f00cf30fefb0c4f2fa1767df7fd480c50d6b0b696112c?s=96&d=mm&r=g","caption":"wundzentren"},"sameAs":["https:\/\/wz.wz-medcubes.de"],"url":"https:\/\/www.wundzentren.de\/en\/author\/wundzentren\/"}]}},"rttpg_featured_image_url":null,"rttpg_author":{"display_name":"wundzentren","author_link":"https:\/\/www.wundzentren.de\/en\/author\/wundzentren\/"},"rttpg_comment":0,"rttpg_category":"<a href=\"https:\/\/www.wundzentren.de\/en\/category\/allgemein\/\" rel=\"category tag\">Allgemein<\/a>","rttpg_excerpt":"Unternehmen &amp; Leistungen Wundlexikon Standorte Jobs &#038;amp Karriere Neuigkeiten &amp;Presse Menu Neuigkeiten &amp; Presse Presse &#038; Aktuelles Messen &#8211; Veranstaltungen Presse-Fotos Ansprechpartner 31. M\u00e4rz 2023 Abgeordneter der SPD-Bundestagsfraktion, G\u00fcnter Baaske, zu Besuch im WZ-WundZentrum Potsdam D\u00fcsseldorf\/Potsdam, 29.03.2023. Am 28. M\u00e4rz besuchte der Abgeordneter der SPD-Bundestagsfraktion, G\u00fcnter Baaske, der Mitglied im Ausschuss f\u00fcr Soziales, Gesundheit, Integration...","_links":{"self":[{"href":"https:\/\/www.wundzentren.de\/en\/wp-json\/wp\/v2\/posts\/8624","targetHints":{"allow":["GET"]}}],"collection":[{"href":"https:\/\/www.wundzentren.de\/en\/wp-json\/wp\/v2\/posts"}],"about":[{"href":"https:\/\/www.wundzentren.de\/en\/wp-json\/wp\/v2\/types\/post"}],"author":[{"embeddable":true,"href":"https:\/\/www.wundzentren.de\/en\/wp-json\/wp\/v2\/users\/1"}],"replies":[{"embeddable":true,"href":"https:\/\/www.wundzentren.de\/en\/wp-json\/wp\/v2\/comments?post=8624"}],"version-history":[{"count":23,"href":"https:\/\/www.wundzentren.de\/en\/wp-json\/wp\/v2\/posts\/8624\/revisions"}],"predecessor-version":[{"id":9790,"href":"https:\/\/www.wundzentren.de\/en\/wp-json\/wp\/v2\/posts\/8624\/revisions\/9790"}],"wp:attachment":[{"href":"https:\/\/www.wundzentren.de\/en\/wp-json\/wp\/v2\/media?parent=8624"}],"wp:term":[{"taxonomy":"category","embeddable":true,"href":"https:\/\/www.wundzentren.de\/en\/wp-json\/wp\/v2\/categories?post=8624"},{"taxonomy":"post_tag","embeddable":true,"href":"https:\/\/www.wundzentren.de\/en\/wp-json\/wp\/v2\/tags?post=8624"}],"curies":[{"name":"wp","href":"https:\/\/api.w.org\/{rel}","templated":true}]}}