{"id":8619,"date":"2024-11-10T05:05:26","date_gmt":"2024-11-10T04:05:26","guid":{"rendered":"https:\/\/wz.wz-medcubes.de\/?p=8619"},"modified":"2025-11-05T19:55:07","modified_gmt":"2025-11-05T18:55:07","slug":"wztarif","status":"publish","type":"post","link":"https:\/\/www.wundzentren.de\/en\/2024\/11\/10\/wztarif\/","title":{"rendered":"WCC-WoundCareCenters implement standardized pay scale across the nation"},"content":{"rendered":"<div data-elementor-type=\"wp-post\" data-elementor-id=\"8619\" class=\"elementor elementor-8619\">\n\t\t\t\t<div class=\"elementor-element elementor-element-f82a9a9 e-flex e-con-boxed e-con e-child\" data-id=\"f82a9a9\" data-element_type=\"container\" data-settings=\"{&quot;background_background&quot;:&quot;slideshow&quot;,&quot;background_slideshow_gallery&quot;:[{&quot;id&quot;:12,&quot;url&quot;:&quot;https:\\\/\\\/wz.wz-medcubes.de\\\/wp-content\\\/uploads\\\/2024\\\/02\\\/img-headerbild-wundbehandlung-1.jpg&quot;}],&quot;background_slideshow_transition_duration&quot;:20,&quot;background_slideshow_loop&quot;:&quot;yes&quot;,&quot;background_slideshow_slide_duration&quot;:5000,&quot;background_slideshow_slide_transition&quot;:&quot;fade&quot;}\">\n\t\t\t\t\t<div class=\"e-con-inner\">\n\t\t<div class=\"elementor-element elementor-element-cc694fd e-con-full e-flex e-con e-child\" data-id=\"cc694fd\" data-element_type=\"container\" data-settings=\"{&quot;background_background&quot;:&quot;slideshow&quot;,&quot;background_slideshow_gallery&quot;:[],&quot;background_slideshow_loop&quot;:&quot;yes&quot;,&quot;background_slideshow_slide_duration&quot;:5000,&quot;background_slideshow_slide_transition&quot;:&quot;fade&quot;,&quot;background_slideshow_transition_duration&quot;:500}\">\n\t\t<div class=\"elementor-element elementor-element-a295d72 e-con-full e-flex e-con e-child\" data-id=\"a295d72\" data-element_type=\"container\">\n\t\t<a class=\"elementor-element elementor-element-182a86e landing-nav-tab-hover e-flex e-con-boxed e-con e-child\" data-id=\"182a86e\" data-element_type=\"container\" data-settings=\"{&quot;background_background&quot;:&quot;classic&quot;}\" href=\"\/wordpress\/unternehmen-leistungen\/\">\n\t\t\t\t\t<div class=\"e-con-inner\">\n\t\t\t\t<div class=\"elementor-element elementor-element-3687cb1 landing-nav-tab-title elementor-widget elementor-widget-heading\" data-id=\"3687cb1\" data-element_type=\"widget\" data-widget_type=\"heading.default\">\n\t\t\t\t<div class=\"elementor-widget-container\">\n\t\t\t<style>\/*! elementor - v3.21.0 - 26-05-2024 *\/\n.elementor-heading-title{padding:0;margin:0;line-height:1}.elementor-widget-heading .elementor-heading-title[class*=elementor-size-]>a{color:inherit;font-size:inherit;line-height:inherit}.elementor-widget-heading .elementor-heading-title.elementor-size-small{font-size:15px}.elementor-widget-heading .elementor-heading-title.elementor-size-medium{font-size:19px}.elementor-widget-heading .elementor-heading-title.elementor-size-large{font-size:29px}.elementor-widget-heading .elementor-heading-title.elementor-size-xl{font-size:39px}.elementor-widget-heading .elementor-heading-title.elementor-size-xxl{font-size:59px}<\/style><h2 class=\"elementor-heading-title elementor-size-default\">Company &amp; <br>Services<\/h2>\t\t<\/div>\n\t\t\t\t<\/div>\n\t\t\t\t\t<\/div>\n\t\t\t\t<\/a>\n\t\t\t\t<\/div>\n\t\t<div class=\"elementor-element elementor-element-728726b e-con-full e-flex e-con e-child\" data-id=\"728726b\" data-element_type=\"container\">\n\t\t<a class=\"elementor-element elementor-element-a6247fc landing-nav-tab-hover e-flex e-con-boxed e-con e-child\" data-id=\"a6247fc\" data-element_type=\"container\" data-settings=\"{&quot;background_background&quot;:&quot;classic&quot;}\" href=\"\/wordpress\/wundlexikon\/\">\n\t\t\t\t\t<div class=\"e-con-inner\">\n\t\t\t\t<div class=\"elementor-element elementor-element-1c56719 landing-nav-tab-title elementor-widget elementor-widget-heading\" data-id=\"1c56719\" data-element_type=\"widget\" data-widget_type=\"heading.default\">\n\t\t\t\t<div class=\"elementor-widget-container\">\n\t\t\t<h2 class=\"elementor-heading-title elementor-size-default\">Wound dictionary<\/h2>\t\t<\/div>\n\t\t\t\t<\/div>\n\t\t\t\t\t<\/div>\n\t\t\t\t<\/a>\n\t\t\t\t<\/div>\n\t\t<div class=\"elementor-element elementor-element-13fc755 e-con-full e-flex e-con e-child\" data-id=\"13fc755\" data-element_type=\"container\">\n\t\t<a class=\"elementor-element elementor-element-e4a66dd landing-nav-tab-hover e-flex e-con-boxed e-con e-child\" data-id=\"e4a66dd\" data-element_type=\"container\" data-settings=\"{&quot;background_background&quot;:&quot;classic&quot;}\" href=\"\/wordpress\/standorte\/\">\n\t\t\t\t\t<div class=\"e-con-inner\">\n\t\t\t\t<div class=\"elementor-element elementor-element-ffec621 landing-nav-tab-title elementor-widget elementor-widget-heading\" data-id=\"ffec621\" data-element_type=\"widget\" data-widget_type=\"heading.default\">\n\t\t\t\t<div class=\"elementor-widget-container\">\n\t\t\t<h2 class=\"elementor-heading-title elementor-size-default\">Locations<\/h2>\t\t<\/div>\n\t\t\t\t<\/div>\n\t\t\t\t\t<\/div>\n\t\t\t\t<\/a>\n\t\t\t\t<\/div>\n\t\t<div class=\"elementor-element elementor-element-47f6b6b e-con-full e-flex e-con e-child\" data-id=\"47f6b6b\" data-element_type=\"container\">\n\t\t<a class=\"elementor-element elementor-element-ee0b46a landing-nav-tab-hover e-flex e-con-boxed e-con e-child\" data-id=\"ee0b46a\" data-element_type=\"container\" data-settings=\"{&quot;background_background&quot;:&quot;classic&quot;}\" href=\"\/wordpress\/karriere\/\">\n\t\t\t\t\t<div class=\"e-con-inner\">\n\t\t\t\t<div class=\"elementor-element elementor-element-d44f42f landing-nav-tab-title elementor-widget elementor-widget-heading\" data-id=\"d44f42f\" data-element_type=\"widget\" data-widget_type=\"heading.default\">\n\t\t\t\t<div class=\"elementor-widget-container\">\n\t\t\t<h2 class=\"elementor-heading-title elementor-size-default\">Jobs and career<\/h2>\t\t<\/div>\n\t\t\t\t<\/div>\n\t\t\t\t\t<\/div>\n\t\t\t\t<\/a>\n\t\t\t\t<\/div>\n\t\t<div class=\"elementor-element elementor-element-a70a893 e-con-full e-flex e-con e-child\" data-id=\"a70a893\" data-element_type=\"container\">\n\t\t<a class=\"elementor-element elementor-element-b535078 landing-nav-tab-hover e-flex e-con-boxed e-con e-child\" data-id=\"b535078\" data-element_type=\"container\" data-settings=\"{&quot;background_background&quot;:&quot;classic&quot;}\" href=\"\/wordpress\/presse\/\">\n\t\t\t\t\t<div class=\"e-con-inner\">\n\t\t\t\t<div class=\"elementor-element elementor-element-e8b2e3f landing-nav-tab-title elementor-widget elementor-widget-heading\" data-id=\"e8b2e3f\" data-element_type=\"widget\" data-widget_type=\"heading.default\">\n\t\t\t\t<div class=\"elementor-widget-container\">\n\t\t\t<h2 class=\"elementor-heading-title elementor-size-default\">News &amp;<br>Press<\/h2>\t\t<\/div>\n\t\t\t\t<\/div>\n\t\t\t\t\t<\/div>\n\t\t\t\t<\/a>\n\t\t\t\t<\/div>\n\t\t\t\t<\/div>\n\t\t\t\t<div class=\"elementor-element elementor-element-ff71674 hfe-submenu-icon-plus hfe-nav-menu__breakpoint-none elementor-widget__width-initial hfe-link-redirect-self_link remove-on-md elementor-absolute hfe-nav-menu__align-left elementor-widget elementor-widget-navigation-menu\" data-id=\"ff71674\" data-element_type=\"widget\" data-settings=\"{&quot;toggle_size&quot;:{&quot;unit&quot;:&quot;px&quot;,&quot;size&quot;:40,&quot;sizes&quot;:[]},&quot;toggle_border_width&quot;:{&quot;unit&quot;:&quot;px&quot;,&quot;size&quot;:0,&quot;sizes&quot;:[]},&quot;_position&quot;:&quot;absolute&quot;,&quot;padding_horizontal_menu_item&quot;:{&quot;unit&quot;:&quot;px&quot;,&quot;size&quot;:15,&quot;sizes&quot;:[]},&quot;padding_horizontal_menu_item_tablet&quot;:{&quot;unit&quot;:&quot;px&quot;,&quot;size&quot;:&quot;&quot;,&quot;sizes&quot;:[]},&quot;padding_horizontal_menu_item_mobile&quot;:{&quot;unit&quot;:&quot;px&quot;,&quot;size&quot;:&quot;&quot;,&quot;sizes&quot;:[]},&quot;padding_vertical_menu_item&quot;:{&quot;unit&quot;:&quot;px&quot;,&quot;size&quot;:15,&quot;sizes&quot;:[]},&quot;padding_vertical_menu_item_tablet&quot;:{&quot;unit&quot;:&quot;px&quot;,&quot;size&quot;:&quot;&quot;,&quot;sizes&quot;:[]},&quot;padding_vertical_menu_item_mobile&quot;:{&quot;unit&quot;:&quot;px&quot;,&quot;size&quot;:&quot;&quot;,&quot;sizes&quot;:[]},&quot;menu_space_between&quot;:{&quot;unit&quot;:&quot;px&quot;,&quot;size&quot;:&quot;&quot;,&quot;sizes&quot;:[]},&quot;menu_space_between_tablet&quot;:{&quot;unit&quot;:&quot;px&quot;,&quot;size&quot;:&quot;&quot;,&quot;sizes&quot;:[]},&quot;menu_space_between_mobile&quot;:{&quot;unit&quot;:&quot;px&quot;,&quot;size&quot;:&quot;&quot;,&quot;sizes&quot;:[]},&quot;dropdown_border_radius&quot;:{&quot;unit&quot;:&quot;px&quot;,&quot;top&quot;:&quot;&quot;,&quot;right&quot;:&quot;&quot;,&quot;bottom&quot;:&quot;&quot;,&quot;left&quot;:&quot;&quot;,&quot;isLinked&quot;:true},&quot;dropdown_border_radius_tablet&quot;:{&quot;unit&quot;:&quot;px&quot;,&quot;top&quot;:&quot;&quot;,&quot;right&quot;:&quot;&quot;,&quot;bottom&quot;:&quot;&quot;,&quot;left&quot;:&quot;&quot;,&quot;isLinked&quot;:true},&quot;dropdown_border_radius_mobile&quot;:{&quot;unit&quot;:&quot;px&quot;,&quot;top&quot;:&quot;&quot;,&quot;right&quot;:&quot;&quot;,&quot;bottom&quot;:&quot;&quot;,&quot;left&quot;:&quot;&quot;,&quot;isLinked&quot;:true},&quot;padding_horizontal_dropdown_item&quot;:{&quot;unit&quot;:&quot;px&quot;,&quot;size&quot;:&quot;&quot;,&quot;sizes&quot;:[]},&quot;padding_horizontal_dropdown_item_tablet&quot;:{&quot;unit&quot;:&quot;px&quot;,&quot;size&quot;:&quot;&quot;,&quot;sizes&quot;:[]},&quot;padding_horizontal_dropdown_item_mobile&quot;:{&quot;unit&quot;:&quot;px&quot;,&quot;size&quot;:&quot;&quot;,&quot;sizes&quot;:[]},&quot;padding_vertical_dropdown_item&quot;:{&quot;unit&quot;:&quot;px&quot;,&quot;size&quot;:15,&quot;sizes&quot;:[]},&quot;padding_vertical_dropdown_item_tablet&quot;:{&quot;unit&quot;:&quot;px&quot;,&quot;size&quot;:&quot;&quot;,&quot;sizes&quot;:[]},&quot;padding_vertical_dropdown_item_mobile&quot;:{&quot;unit&quot;:&quot;px&quot;,&quot;size&quot;:&quot;&quot;,&quot;sizes&quot;:[]},&quot;distance_from_menu&quot;:{&quot;unit&quot;:&quot;px&quot;,&quot;size&quot;:&quot;&quot;,&quot;sizes&quot;:[]},&quot;distance_from_menu_tablet&quot;:{&quot;unit&quot;:&quot;px&quot;,&quot;size&quot;:&quot;&quot;,&quot;sizes&quot;:[]},&quot;distance_from_menu_mobile&quot;:{&quot;unit&quot;:&quot;px&quot;,&quot;size&quot;:&quot;&quot;,&quot;sizes&quot;:[]},&quot;toggle_size_tablet&quot;:{&quot;unit&quot;:&quot;px&quot;,&quot;size&quot;:&quot;&quot;,&quot;sizes&quot;:[]},&quot;toggle_size_mobile&quot;:{&quot;unit&quot;:&quot;px&quot;,&quot;size&quot;:&quot;&quot;,&quot;sizes&quot;:[]},&quot;toggle_border_width_tablet&quot;:{&quot;unit&quot;:&quot;px&quot;,&quot;size&quot;:&quot;&quot;,&quot;sizes&quot;:[]},&quot;toggle_border_width_mobile&quot;:{&quot;unit&quot;:&quot;px&quot;,&quot;size&quot;:&quot;&quot;,&quot;sizes&quot;:[]},&quot;toggle_border_radius&quot;:{&quot;unit&quot;:&quot;px&quot;,&quot;size&quot;:&quot;&quot;,&quot;sizes&quot;:[]},&quot;toggle_border_radius_tablet&quot;:{&quot;unit&quot;:&quot;px&quot;,&quot;size&quot;:&quot;&quot;,&quot;sizes&quot;:[]},&quot;toggle_border_radius_mobile&quot;:{&quot;unit&quot;:&quot;px&quot;,&quot;size&quot;:&quot;&quot;,&quot;sizes&quot;:[]}}\" data-widget_type=\"navigation-menu.default\">\n\t\t\t\t<div class=\"elementor-widget-container\">\n\t\t\t\t\t\t<div class=\"hfe-nav-menu hfe-layout-vertical hfe-nav-menu-layout vertical\" data-layout=\"vertical\">\n\t\t\t\t<div role=\"button\" class=\"hfe-nav-menu__toggle elementor-clickable\">\n\t\t\t\t\t<span class=\"screen-reader-text\">Menu<\/span>\n\t\t\t\t\t<div class=\"hfe-nav-menu-icon\">\n\t\t\t\t\t\t\t\t\t\t\t<\/div>\n\t\t\t\t<\/div>\n\t\t\t\t<nav itemscope=\"itemscope\" itemtype=\"https:\/\/schema.org\/SiteNavigationElement\" class=\"hfe-nav-menu__layout-vertical hfe-nav-menu__submenu-plus\" data-toggle-icon=\"\" data-close-icon=\"\" data-full-width=\"\">\n\t\t\t\t\t<ul id=\"menu-1-ff71674\" class=\"hfe-nav-menu\"><li id=\"menu-item-5347\" itemprop=\"name\" class=\"menu-item menu-item-type-post_type menu-item-object-page parent hfe-creative-menu\"><a href=\"https:\/\/www.wundzentren.de\/en\/presse\/\" itemprop=\"url\" class = \"hfe-menu-item\">News &amp; Press<\/a><\/li>\n<li id=\"menu-item-5342\" itemprop=\"name\" class=\"menu-item menu-item-type-post_type menu-item-object-page parent hfe-creative-menu\"><a href=\"https:\/\/www.wundzentren.de\/en\/presse\/pressemitteilungen\/\" itemprop=\"url\" class = \"hfe-menu-item\">Press &amp; News<\/a><\/li>\n<li id=\"menu-item-5341\" itemprop=\"name\" class=\"menu-item menu-item-type-post_type menu-item-object-page parent hfe-creative-menu\"><a href=\"https:\/\/www.wundzentren.de\/en\/presse\/messen-veranstaltungen\/\" itemprop=\"url\" class = \"hfe-menu-item\">Trade fairs &amp; Events<\/a><\/li>\n<li id=\"menu-item-5340\" itemprop=\"name\" class=\"menu-item menu-item-type-post_type menu-item-object-page parent hfe-creative-menu\"><a href=\"https:\/\/www.wundzentren.de\/en\/presse\/pressefotos\/\" itemprop=\"url\" class = \"hfe-menu-item\">Press photos<\/a><\/li>\n<li id=\"menu-item-5339\" itemprop=\"name\" class=\"menu-item menu-item-type-post_type menu-item-object-page parent hfe-creative-menu\"><a href=\"https:\/\/www.wundzentren.de\/en\/presse\/ansprechpartner\/\" itemprop=\"url\" class = \"hfe-menu-item\">Contact<\/a><\/li>\n<\/ul> \n\t\t\t\t<\/nav>\n\t\t\t<\/div>\n\t\t\t\t\t<\/div>\n\t\t\t\t<\/div>\n\t\t\t\t\t<\/div>\n\t\t\t\t<\/div>\n\t\t<div class=\"elementor-element elementor-element-3379823 e-flex e-con-boxed e-con e-parent\" data-id=\"3379823\" data-element_type=\"container\">\n\t\t\t\t\t<div class=\"e-con-inner\">\n\t\t\t\t<div class=\"elementor-element elementor-element-eb2af5d elementor-widget elementor-widget-image\" data-id=\"eb2af5d\" data-element_type=\"widget\" data-widget_type=\"image.default\">\n\t\t\t\t<div class=\"elementor-widget-container\">\n\t\t\t<style>\/*! elementor - v3.21.0 - 26-05-2024 *\/\n.elementor-widget-image{text-align:center}.elementor-widget-image a{display:inline-block}.elementor-widget-image a img[src$=\".svg\"]{width:48px}.elementor-widget-image img{vertical-align:middle;display:inline-block}<\/style>\t\t\t\t\t\t\t\t\t\t<img fetchpriority=\"high\" decoding=\"async\" width=\"1200\" height=\"797\" src=\"https:\/\/www.wundzentren.de\/wp-content\/uploads\/2024\/05\/img-Teaserimage-2022-11-11_WZ-Tarif-data-1280x850.png\" class=\"attachment-large size-large wp-image-9202\" alt=\"\" \/>\t\t\t\t\t\t\t\t\t\t\t\t\t<\/div>\n\t\t\t\t<\/div>\n\t\t\t\t<div class=\"elementor-element elementor-element-f348473 elementor-widget elementor-widget-heading\" data-id=\"f348473\" data-element_type=\"widget\" data-widget_type=\"heading.default\">\n\t\t\t\t<div class=\"elementor-widget-container\">\n\t\t\t<h2 class=\"elementor-heading-title elementor-size-default\"><dl style=\"-webkit-tap-highlight-color: transparent; box-sizing: inherit; margin-bottom: 10px; font-size: 0.75rem; color: rgb(77, 77, 77); opacity: 0.7; text-transform: uppercase; font-family: Barlow-Medium, Helvetica, Arial, Lucida; white-space-collapse: collapse;\"><dd style=\"-webkit-tap-highlight-color: transparent; box-sizing: inherit; margin-bottom: 0px; margin-left: 0px;\"><time datetime=\"03.08.2023\" style=\"-webkit-tap-highlight-color: transparent; box-sizing: inherit;\">10. NOVEMBER 2023<\/time><span style=\"color: var( --e-global-color-primary ); font-family: var( --e-global-typography-primary-font-family ), Sans-serif; font-size: 2.5em; font-weight: var( --e-global-typography-primary-font-weight ); white-space-collapse: preserve; text-align: var(--text-align);\"><\/span><\/dd><\/dl><\/h2>\t\t<\/div>\n\t\t\t\t<\/div>\n\t\t\t\t<div class=\"elementor-element elementor-element-15c6de3 elementor-widget elementor-widget-text-editor\" data-id=\"15c6de3\" data-element_type=\"widget\" data-widget_type=\"text-editor.default\">\n\t\t\t\t<div class=\"elementor-widget-container\">\n\t\t\t<style>\/*! elementor - v3.21.0 - 26-05-2024 *\/\n.elementor-widget-text-editor.elementor-drop-cap-view-stacked .elementor-drop-cap{background-color:#69727d;color:#fff}.elementor-widget-text-editor.elementor-drop-cap-view-framed .elementor-drop-cap{color:#69727d;border:3px solid;background-color:transparent}.elementor-widget-text-editor:not(.elementor-drop-cap-view-default) .elementor-drop-cap{margin-top:8px}.elementor-widget-text-editor:not(.elementor-drop-cap-view-default) .elementor-drop-cap-letter{width:1em;height:1em}.elementor-widget-text-editor .elementor-drop-cap{float:left;text-align:center;line-height:1;font-size:50px}.elementor-widget-text-editor .elementor-drop-cap-letter{display:inline-block}<\/style>\t\t\t\t<div><header><h1 style=\"-webkit-tap-highlight-color: transparent; box-sizing: inherit; font-weight: 800; margin: 0px 0px 20px; font-family: Barlow, Helvetica, Arial, sans-serif; font-size: 2.5rem; line-height: 3rem; color: #8cb8c6;\">WCC-WoundCareCenters implement standardized pay scale across the nation<\/h1><\/header><\/div>\t\t\t\t\t\t<\/div>\n\t\t\t\t<\/div>\n\t\t\t\t<div class=\"elementor-element elementor-element-0d6d9d9 elementor-widget elementor-widget-text-editor\" data-id=\"0d6d9d9\" data-element_type=\"widget\" data-widget_type=\"text-editor.default\">\n\t\t\t\t<div class=\"elementor-widget-container\">\n\t\t\t\t\t\t\t<div><header><div style=\"-webkit-tap-highlight-color: transparent; box-sizing: inherit; position: relative; width: 950px; padding-right: 20px; padding-left: 20px; color: #000000; font-family: Barlow-Medium, Helvetica, Arial, Lucida; font-size: medium; font-weight: 400;\"><div style=\"-webkit-tap-highlight-color: transparent; box-sizing: inherit; counter-reset: section 0; width: 910px; color: #777777; font-size: 1.25rem; line-height: 1.6875rem;\"><p style=\"-webkit-tap-highlight-color: transparent; box-sizing: inherit; margin-bottom: 18px; font-size: 1.25rem; line-height: 1.6875rem; font-family: Barlow-Medium, Helvetica, Arial, Lucida, sans-serif;\">Zum 1. September hat die WZ-WundZentren GmbH f\u00fcr ihre Mitarbeiterinnen und Mitarbeiter gem\u00e4\u00df dem Tariftreuegesetz eine bundesweit einheitliche tarifliche Verg\u00fctung eingef\u00fchrt.<\/p><\/div><\/div><section style=\"-webkit-tap-highlight-color: transparent; box-sizing: inherit; width: 950px; color: #000000; font-family: Barlow-Medium, Helvetica, Arial, Lucida; font-size: medium; font-weight: 400;\"><div style=\"-webkit-tap-highlight-color: transparent; box-sizing: inherit; counter-reset: section 0; padding-right: 20px; padding-left: 20px; width: 950px; color: #777777;\"><p style=\"-webkit-tap-highlight-color: transparent; box-sizing: inherit; margin-bottom: 15px; font-size: 1.15rem; line-height: 1.625rem;\">Zum 1. September hat die WZ-WundZentren GmbH f\u00fcr ihre Mitarbeiterinnen und Mitarbeiter gem\u00e4\u00df dem Tariftreuegesetz eine bundesweit einheitliche tarifliche Verg\u00fctung eingef\u00fchrt.<\/p><p style=\"-webkit-tap-highlight-color: transparent; box-sizing: inherit; margin-bottom: 15px; font-size: 1.15rem; line-height: 1.625rem;\"><br style=\"-webkit-tap-highlight-color: transparent; box-sizing: inherit;\" \/>\u201e\u00dcberschneidend mit den Neuverhandlungen der spezialisierten Wundbehandlung nach \u00a7132a f\u00fcr unsere Pflegeeinrichtungen ist dies ein wichtiger Schritt der Wettbewerbsf\u00e4higkeit, um markteinheitliche und bessere Geh\u00e4lter nicht nur als Arbeitgeber zahlen zu k\u00f6nnen, sondern auch von den Krankenkassen angemessen verg\u00fctet zu bekommen.\u201c, so Andr\u00e9 Lantin, Gesch\u00e4ftsf\u00fchrer der WZ-WundZentren GmbH.<\/p><p style=\"-webkit-tap-highlight-color: transparent; box-sizing: inherit; margin-bottom: 15px; font-size: 1.15rem; line-height: 1.625rem;\">Seit dem 01. September 2022 sind Unternehmen auch in der ambulanten Pflegebranche dazu verpflichtet, ihren Pflegefachkr\u00e4ften ein tarifkonformes Gehalt zu zahlen. Zum aktuellen Zeitpunkt werden diese gestiegenen Personalkosten jedoch noch nicht durch alle Krankenkassen ber\u00fccksichtigt und verg\u00fctet.<br style=\"-webkit-tap-highlight-color: transparent; box-sizing: inherit;\" \/>\u201eDie beste Versorgung muss auch angemessen verg\u00fctet werden. Eine spezialisierte Pflegefachkraft in den WZ-WundZentren tr\u00e4gt viel Eigenverantwortung, zeigt eine hohe Weiterbildungsbereitschaft und gro\u00dfes Engagement im Arbeitsalltag, um diesen hohen Behandlungserfolg sicherstellen zu k\u00f6nnen.\u201c, so Lantin weiter.<\/p><p style=\"-webkit-tap-highlight-color: transparent; box-sizing: inherit; margin-bottom: 15px; font-size: 1.15rem; line-height: 1.625rem;\">\u00a0<\/p><p style=\"-webkit-tap-highlight-color: transparent; box-sizing: inherit; margin-bottom: 15px; font-size: 1.15rem; line-height: 1.625rem;\">So bildet die WZ-WundZentren GmbH ihre Mitarbeitenden nach den h\u00f6chsten Standards am Wundmarkt aus und sorgt daf\u00fcr, dass sie sich regelm\u00e4\u00dfig und \u00fcber die Grundanforderungen hinaus weiterbilden. Neben dem individuellen Weiterbildungsangebot werden die Mitarbeitenden auch dabei gef\u00f6rdert, sich eigenverantwortlich einzubringen und das Unternehmen mitzugestalten.<\/p><p style=\"-webkit-tap-highlight-color: transparent; box-sizing: inherit; margin-bottom: 15px; font-size: 1.15rem; line-height: 1.625rem;\">Gerade auch in der Wundbehandlung sind die spezialisierten Pflegefachk\u00e4fte dazu angehalten, eigenverantwortlich im interdisziplin\u00e4ren Team zu arbeiten.<\/p><p style=\"-webkit-tap-highlight-color: transparent; box-sizing: inherit; margin-bottom: 15px; font-size: 1.15rem; line-height: 1.625rem;\">\u201eEine tarifkonforme Verg\u00fctung unserer spezialisierten Pflegefachkr\u00e4fte ist uns sehr wichtig, denn sie unterstreicht noch einmal die Relevanz der Pflegefachberufe in unserer Gesellschaft. F\u00fcr uns bedeutet die Tarifanlehnung deshalb nicht nur eine angemessene Verg\u00fctung, sie dr\u00fcckt insbesondere auch die Wertsch\u00e4tzung des spezialisierten Pflegefachberufes im Allgemeinen aus.\u201c so Elisa Schmider, Leitung der Personalabteilung.<\/p><\/div><\/section><\/header><\/div><section><\/section>\t\t\t\t\t\t<\/div>\n\t\t\t\t<\/div>\n\t\t\t\t<div class=\"elementor-element elementor-element-6fbe530 elementor-widget elementor-widget-text-editor\" data-id=\"6fbe530\" data-element_type=\"widget\" data-widget_type=\"text-editor.default\">\n\t\t\t\t<div class=\"elementor-widget-container\">\n\t\t\t\t\t\t\t<div>\n<header>\n<div style=\"-webkit-tap-highlight-color: transparent; box-sizing: inherit; position: relative; width: 950px; padding-right: 20px; padding-left: 20px; color: #000000; font-family: Barlow-Medium, Helvetica, Arial, Lucida; font-size: medium; font-weight: 400;\">\n<div style=\"-webkit-tap-highlight-color: transparent; box-sizing: inherit; counter-reset: section 0; width: 910px; color: #777777; font-size: 1.25rem; line-height: 1.6875rem;\">\n<p style=\"-webkit-tap-highlight-color: transparent; box-sizing: inherit; margin-bottom: 18px; font-size: 1.25rem; line-height: 1.6875rem; font-family: Barlow-Medium, Helvetica, Arial, Lucida, sans-serif;\"><br><\/p><\/div><\/div>\n<h5 style=\"-webkit-tap-highlight-color: transparent; box-sizing: inherit; font-weight: 400; margin: 15px 0px 12px; font-family: Barlow-Medium, Helvetica, Arial, Lucida; border: 1px solid #a88165; clear: both; color: #777777; font-size: 1.15rem; line-height: 1.625rem; padding: 20px; box-shadow: #a88165 0px 1px 10px;\"><span style=\"-webkit-tap-highlight-color: transparent; box-sizing: inherit; text-decoration: underline;\">\u00dcber die WZ<\/span><span style=\"-webkit-tap-highlight-color: transparent; box-sizing: inherit; text-decoration: underline;\">-WundZentren GmbH<\/span><br style=\"-webkit-tap-highlight-color: transparent; box-sizing: inherit;\">Seit 2008 konnten mit dem bew\u00e4hrten Behandlungskonzept der WZ-WundZentren bereits \u00fcber 40.000 Patienten an 23&nbsp;Standorten in Deutschland erfolgreich behandelt werden. Durchschnittlich leiden die Patienten bereits \u00fcber zw\u00f6lf Monaten unter ihrer chronischen oder schwer heilenden Wunde. Bei einem Gro\u00dfteil der Patienten konnte unter der Behandlung in einem der WZ-WundZentren ein Wundverschluss in weniger als vier Monaten erreicht werden. F\u00fcr die Betroffenen bedeutet dies das Ende einer oft jahrelangen Behandlungs\u00adodyssee und eine erhebliche Verbesserung ihrer Lebensqualit\u00e4t.<br style=\"-webkit-tap-highlight-color: transparent; box-sizing: inherit;\"><br style=\"-webkit-tap-highlight-color: transparent; box-sizing: inherit;\">Die WZ-WundZentren GmbH mit Sitz in D\u00fcsseldorf ist ein Unternehmen der recucare Gruppe.<br style=\"-webkit-tap-highlight-color: transparent; box-sizing: inherit;\"><br style=\"-webkit-tap-highlight-color: transparent; box-sizing: inherit;\">Weitere Informationen unter&nbsp;<a style=\"-webkit-tap-highlight-color: transparent; box-sizing: inherit; text-decoration: none; color: #8cb8c6; font-family: Barlow-Medium, Helvetica, Arial, Lucida; font-weight: 600;\" href=\"http:\/\/www.wundzentren.de\/\">www.wundzentren.de<\/a><\/h5>\n<\/header>\n<\/div>\n<section>\n<div>&nbsp;<\/div>\n<\/section>\t\t\t\t\t\t<\/div>\n\t\t\t\t<\/div>\n\t\t\t\t\t<\/div>\n\t\t\t\t<\/div>\n\t\t\t\t<\/div>","protected":false},"excerpt":{"rendered":"<p>Unternehmen &amp; Leistungen Wundlexikon Standorte Jobs &amp;amp Karriere Neuigkeiten &amp; Presse Menu Neuigkeiten &amp; Presse Presse &amp; Aktuelles Messen \u2013 Veranstaltungen Presse-Fotos Ansprechpartner 10. NOVEMBER 2023 WZ-WundZentren f\u00fchren bundesweit einheitliche tarifkonforme Verg\u00fctung ein Zum 1. September hat die WZ-WundZentren GmbH f\u00fcr ihre Mitarbeiterinnen und Mitarbeiter gem\u00e4\u00df dem Tariftreuegesetz eine bundesweit einheitliche tarifliche Verg\u00fctung eingef\u00fchrt. Zum&#8230;<\/p>","protected":false},"author":1,"featured_media":0,"comment_status":"closed","ping_status":"open","sticky":false,"template":"","format":"standard","meta":{"footnotes":""},"categories":[1],"tags":[],"class_list":["post-8619","post","type-post","status-publish","format-standard","hentry","category-allgemein"],"yoast_head":"<!-- This site is optimized with the Yoast SEO plugin v24.4 - https:\/\/yoast.com\/wordpress\/plugins\/seo\/ -->\n<title>WZ-WundZentren f\u00fchren bundesweit einheitliche tarifkonforme Verg\u00fctung ein - WZ-WundZentren: Ihr Spezialist f\u00fcr die Behandlung von chronischen und schwer heilenden Wunden<\/title>\n<meta name=\"robots\" content=\"index, follow, max-snippet:-1, max-image-preview:large, max-video-preview:-1\" \/>\n<link rel=\"canonical\" href=\"https:\/\/www.wundzentren.de\/en\/2024\/11\/10\/wztarif\/\" \/>\n<meta property=\"og:locale\" content=\"en_GB\" \/>\n<meta property=\"og:type\" content=\"article\" \/>\n<meta property=\"og:title\" content=\"WZ-WundZentren f\u00fchren bundesweit einheitliche tarifkonforme Verg\u00fctung ein - WZ-WundZentren: Ihr Spezialist f\u00fcr die Behandlung von chronischen und schwer heilenden Wunden\" \/>\n<meta property=\"og:description\" content=\"Unternehmen &amp; Leistungen Wundlexikon Standorte Jobs &amp;amp Karriere Neuigkeiten &amp; Presse Menu Neuigkeiten &amp; Presse Presse &amp; Aktuelles Messen \u2013 Veranstaltungen Presse-Fotos Ansprechpartner 10. NOVEMBER 2023 WZ-WundZentren f\u00fchren bundesweit einheitliche tarifkonforme Verg\u00fctung ein Zum 1. September hat die WZ-WundZentren GmbH f\u00fcr ihre Mitarbeiterinnen und Mitarbeiter gem\u00e4\u00df dem Tariftreuegesetz eine bundesweit einheitliche tarifliche Verg\u00fctung eingef\u00fchrt. Zum...\" \/>\n<meta property=\"og:url\" content=\"https:\/\/www.wundzentren.de\/en\/2024\/11\/10\/wztarif\/\" \/>\n<meta property=\"og:site_name\" content=\"WZ-WundZentren: Ihr Spezialist f\u00fcr die Behandlung von chronischen und schwer heilenden Wunden\" \/>\n<meta property=\"article:published_time\" content=\"2024-11-10T04:05:26+00:00\" \/>\n<meta property=\"article:modified_time\" content=\"2025-11-05T18:55:07+00:00\" \/>\n<meta property=\"og:image\" content=\"https:\/\/wz.wz-medcubes.de\/wp-content\/uploads\/2024\/05\/img-Teaserimage-2022-11-11_WZ-Tarif-data-1280x850.png\" \/>\n<meta name=\"author\" content=\"wundzentren\" \/>\n<meta name=\"twitter:card\" content=\"summary_large_image\" \/>\n<meta name=\"twitter:label1\" content=\"Written by\" \/>\n\t<meta name=\"twitter:data1\" content=\"wundzentren\" \/>\n\t<meta name=\"twitter:label2\" content=\"Estimated reading time\" \/>\n\t<meta name=\"twitter:data2\" content=\"2 minutes\" \/>\n<script type=\"application\/ld+json\" class=\"yoast-schema-graph\">{\"@context\":\"https:\/\/schema.org\",\"@graph\":[{\"@type\":\"WebPage\",\"@id\":\"https:\/\/www.wundzentren.de\/2024\/11\/10\/wztarif\/\",\"url\":\"https:\/\/www.wundzentren.de\/2024\/11\/10\/wztarif\/\",\"name\":\"WZ-WundZentren f\u00fchren bundesweit einheitliche tarifkonforme Verg\u00fctung ein - WZ-WundZentren: Ihr Spezialist f\u00fcr die Behandlung von chronischen und schwer heilenden Wunden\",\"isPartOf\":{\"@id\":\"https:\/\/www.wundzentren.de\/#website\"},\"primaryImageOfPage\":{\"@id\":\"https:\/\/www.wundzentren.de\/2024\/11\/10\/wztarif\/#primaryimage\"},\"image\":{\"@id\":\"https:\/\/www.wundzentren.de\/2024\/11\/10\/wztarif\/#primaryimage\"},\"thumbnailUrl\":\"https:\/\/wz.wz-medcubes.de\/wp-content\/uploads\/2024\/05\/img-Teaserimage-2022-11-11_WZ-Tarif-data-1280x850.png\",\"datePublished\":\"2024-11-10T04:05:26+00:00\",\"dateModified\":\"2025-11-05T18:55:07+00:00\",\"author\":{\"@id\":\"https:\/\/www.wundzentren.de\/#\/schema\/person\/31764b4b2cface4d0a6c2fd0d39dcfeb\"},\"breadcrumb\":{\"@id\":\"https:\/\/www.wundzentren.de\/2024\/11\/10\/wztarif\/#breadcrumb\"},\"inLanguage\":\"en-GB\",\"potentialAction\":[{\"@type\":\"ReadAction\",\"target\":[\"https:\/\/www.wundzentren.de\/2024\/11\/10\/wztarif\/\"]}]},{\"@type\":\"ImageObject\",\"inLanguage\":\"en-GB\",\"@id\":\"https:\/\/www.wundzentren.de\/2024\/11\/10\/wztarif\/#primaryimage\",\"url\":\"https:\/\/wz.wz-medcubes.de\/wp-content\/uploads\/2024\/05\/img-Teaserimage-2022-11-11_WZ-Tarif-data-1280x850.png\",\"contentUrl\":\"https:\/\/wz.wz-medcubes.de\/wp-content\/uploads\/2024\/05\/img-Teaserimage-2022-11-11_WZ-Tarif-data-1280x850.png\"},{\"@type\":\"BreadcrumbList\",\"@id\":\"https:\/\/www.wundzentren.de\/2024\/11\/10\/wztarif\/#breadcrumb\",\"itemListElement\":[{\"@type\":\"ListItem\",\"position\":1,\"name\":\"Startseite\",\"item\":\"https:\/\/www.wundzentren.de\/\"},{\"@type\":\"ListItem\",\"position\":2,\"name\":\"WZ-WundZentren f\u00fchren bundesweit einheitliche tarifkonforme Verg\u00fctung ein\"}]},{\"@type\":\"WebSite\",\"@id\":\"https:\/\/www.wundzentren.de\/#website\",\"url\":\"https:\/\/www.wundzentren.de\/\",\"name\":\"WZ-WundZentren: Ihr Spezialist f\u00fcr die Behandlung von chronischen und schwer heilenden Wunden\",\"description\":\"\",\"potentialAction\":[{\"@type\":\"SearchAction\",\"target\":{\"@type\":\"EntryPoint\",\"urlTemplate\":\"https:\/\/www.wundzentren.de\/?s={search_term_string}\"},\"query-input\":{\"@type\":\"PropertyValueSpecification\",\"valueRequired\":true,\"valueName\":\"search_term_string\"}}],\"inLanguage\":\"en-GB\"},{\"@type\":\"Person\",\"@id\":\"https:\/\/www.wundzentren.de\/#\/schema\/person\/31764b4b2cface4d0a6c2fd0d39dcfeb\",\"name\":\"wundzentren\",\"image\":{\"@type\":\"ImageObject\",\"inLanguage\":\"en-GB\",\"@id\":\"https:\/\/www.wundzentren.de\/#\/schema\/person\/image\/\",\"url\":\"https:\/\/secure.gravatar.com\/avatar\/6aaf6a53554b39bea64f00cf30fefb0c4f2fa1767df7fd480c50d6b0b696112c?s=96&d=mm&r=g\",\"contentUrl\":\"https:\/\/secure.gravatar.com\/avatar\/6aaf6a53554b39bea64f00cf30fefb0c4f2fa1767df7fd480c50d6b0b696112c?s=96&d=mm&r=g\",\"caption\":\"wundzentren\"},\"sameAs\":[\"https:\/\/wz.wz-medcubes.de\"],\"url\":\"https:\/\/www.wundzentren.de\/en\/author\/wundzentren\/\"}]}<\/script>\n<!-- \/ Yoast SEO plugin. -->","yoast_head_json":{"title":"WZ-WundZentren f\u00fchren bundesweit einheitliche tarifkonforme Verg\u00fctung ein - WZ-WundZentren: Ihr Spezialist f\u00fcr die Behandlung von chronischen und schwer heilenden Wunden","robots":{"index":"index","follow":"follow","max-snippet":"max-snippet:-1","max-image-preview":"max-image-preview:large","max-video-preview":"max-video-preview:-1"},"canonical":"https:\/\/www.wundzentren.de\/en\/2024\/11\/10\/wztarif\/","og_locale":"en_GB","og_type":"article","og_title":"WZ-WundZentren f\u00fchren bundesweit einheitliche tarifkonforme Verg\u00fctung ein - WZ-WundZentren: Ihr Spezialist f\u00fcr die Behandlung von chronischen und schwer heilenden Wunden","og_description":"Unternehmen &amp; Leistungen Wundlexikon Standorte Jobs &amp;amp Karriere Neuigkeiten &amp; Presse Menu Neuigkeiten &amp; Presse Presse &amp; Aktuelles Messen \u2013 Veranstaltungen Presse-Fotos Ansprechpartner 10. NOVEMBER 2023 WZ-WundZentren f\u00fchren bundesweit einheitliche tarifkonforme Verg\u00fctung ein Zum 1. September hat die WZ-WundZentren GmbH f\u00fcr ihre Mitarbeiterinnen und Mitarbeiter gem\u00e4\u00df dem Tariftreuegesetz eine bundesweit einheitliche tarifliche Verg\u00fctung eingef\u00fchrt. Zum...","og_url":"https:\/\/www.wundzentren.de\/en\/2024\/11\/10\/wztarif\/","og_site_name":"WZ-WundZentren: Ihr Spezialist f\u00fcr die Behandlung von chronischen und schwer heilenden Wunden","article_published_time":"2024-11-10T04:05:26+00:00","article_modified_time":"2025-11-05T18:55:07+00:00","og_image":[{"url":"https:\/\/wz.wz-medcubes.de\/wp-content\/uploads\/2024\/05\/img-Teaserimage-2022-11-11_WZ-Tarif-data-1280x850.png","type":"","width":"","height":""}],"author":"wundzentren","twitter_card":"summary_large_image","twitter_misc":{"Written by":"wundzentren","Estimated reading time":"2 minutes"},"schema":{"@context":"https:\/\/schema.org","@graph":[{"@type":"WebPage","@id":"https:\/\/www.wundzentren.de\/2024\/11\/10\/wztarif\/","url":"https:\/\/www.wundzentren.de\/2024\/11\/10\/wztarif\/","name":"WZ-WundZentren f\u00fchren bundesweit einheitliche tarifkonforme Verg\u00fctung ein - WZ-WundZentren: Ihr Spezialist f\u00fcr die Behandlung von chronischen und schwer heilenden Wunden","isPartOf":{"@id":"https:\/\/www.wundzentren.de\/#website"},"primaryImageOfPage":{"@id":"https:\/\/www.wundzentren.de\/2024\/11\/10\/wztarif\/#primaryimage"},"image":{"@id":"https:\/\/www.wundzentren.de\/2024\/11\/10\/wztarif\/#primaryimage"},"thumbnailUrl":"https:\/\/wz.wz-medcubes.de\/wp-content\/uploads\/2024\/05\/img-Teaserimage-2022-11-11_WZ-Tarif-data-1280x850.png","datePublished":"2024-11-10T04:05:26+00:00","dateModified":"2025-11-05T18:55:07+00:00","author":{"@id":"https:\/\/www.wundzentren.de\/#\/schema\/person\/31764b4b2cface4d0a6c2fd0d39dcfeb"},"breadcrumb":{"@id":"https:\/\/www.wundzentren.de\/2024\/11\/10\/wztarif\/#breadcrumb"},"inLanguage":"en-GB","potentialAction":[{"@type":"ReadAction","target":["https:\/\/www.wundzentren.de\/2024\/11\/10\/wztarif\/"]}]},{"@type":"ImageObject","inLanguage":"en-GB","@id":"https:\/\/www.wundzentren.de\/2024\/11\/10\/wztarif\/#primaryimage","url":"https:\/\/wz.wz-medcubes.de\/wp-content\/uploads\/2024\/05\/img-Teaserimage-2022-11-11_WZ-Tarif-data-1280x850.png","contentUrl":"https:\/\/wz.wz-medcubes.de\/wp-content\/uploads\/2024\/05\/img-Teaserimage-2022-11-11_WZ-Tarif-data-1280x850.png"},{"@type":"BreadcrumbList","@id":"https:\/\/www.wundzentren.de\/2024\/11\/10\/wztarif\/#breadcrumb","itemListElement":[{"@type":"ListItem","position":1,"name":"Startseite","item":"https:\/\/www.wundzentren.de\/"},{"@type":"ListItem","position":2,"name":"WZ-WundZentren f\u00fchren bundesweit einheitliche tarifkonforme Verg\u00fctung ein"}]},{"@type":"WebSite","@id":"https:\/\/www.wundzentren.de\/#website","url":"https:\/\/www.wundzentren.de\/","name":"WZ-WundZentren: Ihr Spezialist f\u00fcr die Behandlung von chronischen und schwer heilenden Wunden","description":"","potentialAction":[{"@type":"SearchAction","target":{"@type":"EntryPoint","urlTemplate":"https:\/\/www.wundzentren.de\/?s={search_term_string}"},"query-input":{"@type":"PropertyValueSpecification","valueRequired":true,"valueName":"search_term_string"}}],"inLanguage":"en-GB"},{"@type":"Person","@id":"https:\/\/www.wundzentren.de\/#\/schema\/person\/31764b4b2cface4d0a6c2fd0d39dcfeb","name":"wundzentren","image":{"@type":"ImageObject","inLanguage":"en-GB","@id":"https:\/\/www.wundzentren.de\/#\/schema\/person\/image\/","url":"https:\/\/secure.gravatar.com\/avatar\/6aaf6a53554b39bea64f00cf30fefb0c4f2fa1767df7fd480c50d6b0b696112c?s=96&d=mm&r=g","contentUrl":"https:\/\/secure.gravatar.com\/avatar\/6aaf6a53554b39bea64f00cf30fefb0c4f2fa1767df7fd480c50d6b0b696112c?s=96&d=mm&r=g","caption":"wundzentren"},"sameAs":["https:\/\/wz.wz-medcubes.de"],"url":"https:\/\/www.wundzentren.de\/en\/author\/wundzentren\/"}]}},"rttpg_featured_image_url":null,"rttpg_author":{"display_name":"wundzentren","author_link":"https:\/\/www.wundzentren.de\/en\/author\/wundzentren\/"},"rttpg_comment":35,"rttpg_category":"<a href=\"https:\/\/www.wundzentren.de\/en\/category\/allgemein\/\" rel=\"category tag\">Allgemein<\/a>","rttpg_excerpt":"Unternehmen &amp; Leistungen Wundlexikon Standorte Jobs &amp;amp Karriere Neuigkeiten &amp; Presse Menu Neuigkeiten &amp; Presse Presse &amp; Aktuelles Messen \u2013 Veranstaltungen Presse-Fotos Ansprechpartner 10. NOVEMBER 2023 WZ-WundZentren f\u00fchren bundesweit einheitliche tarifkonforme Verg\u00fctung ein Zum 1. September hat die WZ-WundZentren GmbH f\u00fcr ihre Mitarbeiterinnen und Mitarbeiter gem\u00e4\u00df dem Tariftreuegesetz eine bundesweit einheitliche tarifliche Verg\u00fctung eingef\u00fchrt. Zum...","_links":{"self":[{"href":"https:\/\/www.wundzentren.de\/en\/wp-json\/wp\/v2\/posts\/8619","targetHints":{"allow":["GET"]}}],"collection":[{"href":"https:\/\/www.wundzentren.de\/en\/wp-json\/wp\/v2\/posts"}],"about":[{"href":"https:\/\/www.wundzentren.de\/en\/wp-json\/wp\/v2\/types\/post"}],"author":[{"embeddable":true,"href":"https:\/\/www.wundzentren.de\/en\/wp-json\/wp\/v2\/users\/1"}],"replies":[{"embeddable":true,"href":"https:\/\/www.wundzentren.de\/en\/wp-json\/wp\/v2\/comments?post=8619"}],"version-history":[{"count":20,"href":"https:\/\/www.wundzentren.de\/en\/wp-json\/wp\/v2\/posts\/8619\/revisions"}],"predecessor-version":[{"id":9801,"href":"https:\/\/www.wundzentren.de\/en\/wp-json\/wp\/v2\/posts\/8619\/revisions\/9801"}],"wp:attachment":[{"href":"https:\/\/www.wundzentren.de\/en\/wp-json\/wp\/v2\/media?parent=8619"}],"wp:term":[{"taxonomy":"category","embeddable":true,"href":"https:\/\/www.wundzentren.de\/en\/wp-json\/wp\/v2\/categories?post=8619"},{"taxonomy":"post_tag","embeddable":true,"href":"https:\/\/www.wundzentren.de\/en\/wp-json\/wp\/v2\/tags?post=8619"}],"curies":[{"name":"wp","href":"https:\/\/api.w.org\/{rel}","templated":true}]}}