{"id":8612,"date":"2023-02-07T04:53:18","date_gmt":"2023-02-07T03:53:18","guid":{"rendered":"https:\/\/wz.wz-medcubes.de\/?p=8612"},"modified":"2024-05-05T01:14:30","modified_gmt":"2024-05-04T23:14:30","slug":"wzspilburg","status":"publish","type":"post","link":"https:\/\/www.wundzentren.de\/en\/2023\/02\/07\/wzspilburg\/","title":{"rendered":"Er\u00f6ffnungsfeier im WZ-WundZentrum Spilburg"},"content":{"rendered":"<div data-elementor-type=\"wp-post\" data-elementor-id=\"8612\" class=\"elementor elementor-8612\">\n\t\t\t\t<div class=\"elementor-element elementor-element-1c65daa e-flex e-con-boxed e-con e-child\" data-id=\"1c65daa\" data-element_type=\"container\" data-settings=\"{&quot;background_background&quot;:&quot;slideshow&quot;,&quot;background_slideshow_gallery&quot;:[{&quot;id&quot;:12,&quot;url&quot;:&quot;https:\\\/\\\/wz.wz-medcubes.de\\\/wp-content\\\/uploads\\\/2024\\\/02\\\/img-headerbild-wundbehandlung-1.jpg&quot;}],&quot;background_slideshow_transition_duration&quot;:20,&quot;background_slideshow_loop&quot;:&quot;yes&quot;,&quot;background_slideshow_slide_duration&quot;:5000,&quot;background_slideshow_slide_transition&quot;:&quot;fade&quot;}\">\n\t\t\t\t\t<div class=\"e-con-inner\">\n\t\t<div class=\"elementor-element elementor-element-4a98a7f e-con-full e-flex e-con e-child\" data-id=\"4a98a7f\" data-element_type=\"container\" data-settings=\"{&quot;background_background&quot;:&quot;slideshow&quot;,&quot;background_slideshow_gallery&quot;:[],&quot;background_slideshow_loop&quot;:&quot;yes&quot;,&quot;background_slideshow_slide_duration&quot;:5000,&quot;background_slideshow_slide_transition&quot;:&quot;fade&quot;,&quot;background_slideshow_transition_duration&quot;:500}\">\n\t\t<div class=\"elementor-element elementor-element-9774118 e-con-full e-flex e-con e-child\" data-id=\"9774118\" data-element_type=\"container\">\n\t\t<a class=\"elementor-element elementor-element-8431a2b landing-nav-tab-hover e-flex e-con-boxed e-con e-child\" data-id=\"8431a2b\" data-element_type=\"container\" data-settings=\"{&quot;background_background&quot;:&quot;classic&quot;}\" href=\"\/wordpress\/unternehmen-leistungen\/\">\n\t\t\t\t\t<div class=\"e-con-inner\">\n\t\t\t\t<div class=\"elementor-element elementor-element-de7b5f9 landing-nav-tab-title elementor-widget elementor-widget-heading\" data-id=\"de7b5f9\" data-element_type=\"widget\" data-widget_type=\"heading.default\">\n\t\t\t\t<div class=\"elementor-widget-container\">\n\t\t\t<style>\/*! elementor - v3.21.0 - 26-05-2024 *\/\n.elementor-heading-title{padding:0;margin:0;line-height:1}.elementor-widget-heading .elementor-heading-title[class*=elementor-size-]>a{color:inherit;font-size:inherit;line-height:inherit}.elementor-widget-heading .elementor-heading-title.elementor-size-small{font-size:15px}.elementor-widget-heading .elementor-heading-title.elementor-size-medium{font-size:19px}.elementor-widget-heading .elementor-heading-title.elementor-size-large{font-size:29px}.elementor-widget-heading .elementor-heading-title.elementor-size-xl{font-size:39px}.elementor-widget-heading .elementor-heading-title.elementor-size-xxl{font-size:59px}<\/style><h2 class=\"elementor-heading-title elementor-size-default\">Company &amp; <br>Services<\/h2>\t\t<\/div>\n\t\t\t\t<\/div>\n\t\t\t\t\t<\/div>\n\t\t\t\t<\/a>\n\t\t\t\t<\/div>\n\t\t<div class=\"elementor-element elementor-element-43b22a3 e-con-full e-flex e-con e-child\" data-id=\"43b22a3\" data-element_type=\"container\">\n\t\t<a class=\"elementor-element elementor-element-bf49b64 landing-nav-tab-hover e-flex e-con-boxed e-con e-child\" data-id=\"bf49b64\" data-element_type=\"container\" data-settings=\"{&quot;background_background&quot;:&quot;classic&quot;}\" href=\"\/wordpress\/wundlexikon\/\">\n\t\t\t\t\t<div class=\"e-con-inner\">\n\t\t\t\t<div class=\"elementor-element elementor-element-98ae2ac landing-nav-tab-title elementor-widget elementor-widget-heading\" data-id=\"98ae2ac\" data-element_type=\"widget\" data-widget_type=\"heading.default\">\n\t\t\t\t<div class=\"elementor-widget-container\">\n\t\t\t<h2 class=\"elementor-heading-title elementor-size-default\">Wound dictionary<\/h2>\t\t<\/div>\n\t\t\t\t<\/div>\n\t\t\t\t\t<\/div>\n\t\t\t\t<\/a>\n\t\t\t\t<\/div>\n\t\t<div class=\"elementor-element elementor-element-d5d9d9e e-con-full e-flex e-con e-child\" data-id=\"d5d9d9e\" data-element_type=\"container\">\n\t\t<a class=\"elementor-element elementor-element-6347985 landing-nav-tab-hover e-flex e-con-boxed e-con e-child\" data-id=\"6347985\" data-element_type=\"container\" data-settings=\"{&quot;background_background&quot;:&quot;classic&quot;}\" href=\"\/wordpress\/standorte\/\">\n\t\t\t\t\t<div class=\"e-con-inner\">\n\t\t\t\t<div class=\"elementor-element elementor-element-1da4095 landing-nav-tab-title elementor-widget elementor-widget-heading\" data-id=\"1da4095\" data-element_type=\"widget\" data-widget_type=\"heading.default\">\n\t\t\t\t<div class=\"elementor-widget-container\">\n\t\t\t<h2 class=\"elementor-heading-title elementor-size-default\">Locations<\/h2>\t\t<\/div>\n\t\t\t\t<\/div>\n\t\t\t\t\t<\/div>\n\t\t\t\t<\/a>\n\t\t\t\t<\/div>\n\t\t<div class=\"elementor-element elementor-element-634e6e3 e-con-full e-flex e-con e-child\" data-id=\"634e6e3\" data-element_type=\"container\">\n\t\t<a class=\"elementor-element elementor-element-7812860 landing-nav-tab-hover e-flex e-con-boxed e-con e-child\" data-id=\"7812860\" data-element_type=\"container\" data-settings=\"{&quot;background_background&quot;:&quot;classic&quot;}\" href=\"\/wordpress\/karriere\/\">\n\t\t\t\t\t<div class=\"e-con-inner\">\n\t\t\t\t<div class=\"elementor-element elementor-element-460e4ab landing-nav-tab-title elementor-widget elementor-widget-heading\" data-id=\"460e4ab\" data-element_type=\"widget\" data-widget_type=\"heading.default\">\n\t\t\t\t<div class=\"elementor-widget-container\">\n\t\t\t<h2 class=\"elementor-heading-title elementor-size-default\">Jobs and career<\/h2>\t\t<\/div>\n\t\t\t\t<\/div>\n\t\t\t\t\t<\/div>\n\t\t\t\t<\/a>\n\t\t\t\t<\/div>\n\t\t<div class=\"elementor-element elementor-element-ce9101e e-con-full e-flex e-con e-child\" data-id=\"ce9101e\" data-element_type=\"container\">\n\t\t<a class=\"elementor-element elementor-element-4c0b1b8 landing-nav-tab-hover e-flex e-con-boxed e-con e-child\" data-id=\"4c0b1b8\" data-element_type=\"container\" data-settings=\"{&quot;background_background&quot;:&quot;classic&quot;}\" href=\"\/wordpress\/presse\/\">\n\t\t\t\t\t<div class=\"e-con-inner\">\n\t\t\t\t<div class=\"elementor-element elementor-element-1114b32 landing-nav-tab-title elementor-widget elementor-widget-heading\" data-id=\"1114b32\" data-element_type=\"widget\" data-widget_type=\"heading.default\">\n\t\t\t\t<div class=\"elementor-widget-container\">\n\t\t\t<h2 class=\"elementor-heading-title elementor-size-default\">News &amp;<br>Press<\/h2>\t\t<\/div>\n\t\t\t\t<\/div>\n\t\t\t\t\t<\/div>\n\t\t\t\t<\/a>\n\t\t\t\t<\/div>\n\t\t\t\t<\/div>\n\t\t\t\t<div class=\"elementor-element elementor-element-9415659 hfe-submenu-icon-plus hfe-nav-menu__breakpoint-none elementor-widget__width-initial hfe-link-redirect-self_link remove-on-md elementor-absolute hfe-nav-menu__align-left elementor-widget elementor-widget-navigation-menu\" data-id=\"9415659\" data-element_type=\"widget\" data-settings=\"{&quot;toggle_size&quot;:{&quot;unit&quot;:&quot;px&quot;,&quot;size&quot;:40,&quot;sizes&quot;:[]},&quot;toggle_border_width&quot;:{&quot;unit&quot;:&quot;px&quot;,&quot;size&quot;:0,&quot;sizes&quot;:[]},&quot;_position&quot;:&quot;absolute&quot;,&quot;padding_horizontal_menu_item&quot;:{&quot;unit&quot;:&quot;px&quot;,&quot;size&quot;:15,&quot;sizes&quot;:[]},&quot;padding_horizontal_menu_item_tablet&quot;:{&quot;unit&quot;:&quot;px&quot;,&quot;size&quot;:&quot;&quot;,&quot;sizes&quot;:[]},&quot;padding_horizontal_menu_item_mobile&quot;:{&quot;unit&quot;:&quot;px&quot;,&quot;size&quot;:&quot;&quot;,&quot;sizes&quot;:[]},&quot;padding_vertical_menu_item&quot;:{&quot;unit&quot;:&quot;px&quot;,&quot;size&quot;:15,&quot;sizes&quot;:[]},&quot;padding_vertical_menu_item_tablet&quot;:{&quot;unit&quot;:&quot;px&quot;,&quot;size&quot;:&quot;&quot;,&quot;sizes&quot;:[]},&quot;padding_vertical_menu_item_mobile&quot;:{&quot;unit&quot;:&quot;px&quot;,&quot;size&quot;:&quot;&quot;,&quot;sizes&quot;:[]},&quot;menu_space_between&quot;:{&quot;unit&quot;:&quot;px&quot;,&quot;size&quot;:&quot;&quot;,&quot;sizes&quot;:[]},&quot;menu_space_between_tablet&quot;:{&quot;unit&quot;:&quot;px&quot;,&quot;size&quot;:&quot;&quot;,&quot;sizes&quot;:[]},&quot;menu_space_between_mobile&quot;:{&quot;unit&quot;:&quot;px&quot;,&quot;size&quot;:&quot;&quot;,&quot;sizes&quot;:[]},&quot;dropdown_border_radius&quot;:{&quot;unit&quot;:&quot;px&quot;,&quot;top&quot;:&quot;&quot;,&quot;right&quot;:&quot;&quot;,&quot;bottom&quot;:&quot;&quot;,&quot;left&quot;:&quot;&quot;,&quot;isLinked&quot;:true},&quot;dropdown_border_radius_tablet&quot;:{&quot;unit&quot;:&quot;px&quot;,&quot;top&quot;:&quot;&quot;,&quot;right&quot;:&quot;&quot;,&quot;bottom&quot;:&quot;&quot;,&quot;left&quot;:&quot;&quot;,&quot;isLinked&quot;:true},&quot;dropdown_border_radius_mobile&quot;:{&quot;unit&quot;:&quot;px&quot;,&quot;top&quot;:&quot;&quot;,&quot;right&quot;:&quot;&quot;,&quot;bottom&quot;:&quot;&quot;,&quot;left&quot;:&quot;&quot;,&quot;isLinked&quot;:true},&quot;padding_horizontal_dropdown_item&quot;:{&quot;unit&quot;:&quot;px&quot;,&quot;size&quot;:&quot;&quot;,&quot;sizes&quot;:[]},&quot;padding_horizontal_dropdown_item_tablet&quot;:{&quot;unit&quot;:&quot;px&quot;,&quot;size&quot;:&quot;&quot;,&quot;sizes&quot;:[]},&quot;padding_horizontal_dropdown_item_mobile&quot;:{&quot;unit&quot;:&quot;px&quot;,&quot;size&quot;:&quot;&quot;,&quot;sizes&quot;:[]},&quot;padding_vertical_dropdown_item&quot;:{&quot;unit&quot;:&quot;px&quot;,&quot;size&quot;:15,&quot;sizes&quot;:[]},&quot;padding_vertical_dropdown_item_tablet&quot;:{&quot;unit&quot;:&quot;px&quot;,&quot;size&quot;:&quot;&quot;,&quot;sizes&quot;:[]},&quot;padding_vertical_dropdown_item_mobile&quot;:{&quot;unit&quot;:&quot;px&quot;,&quot;size&quot;:&quot;&quot;,&quot;sizes&quot;:[]},&quot;distance_from_menu&quot;:{&quot;unit&quot;:&quot;px&quot;,&quot;size&quot;:&quot;&quot;,&quot;sizes&quot;:[]},&quot;distance_from_menu_tablet&quot;:{&quot;unit&quot;:&quot;px&quot;,&quot;size&quot;:&quot;&quot;,&quot;sizes&quot;:[]},&quot;distance_from_menu_mobile&quot;:{&quot;unit&quot;:&quot;px&quot;,&quot;size&quot;:&quot;&quot;,&quot;sizes&quot;:[]},&quot;toggle_size_tablet&quot;:{&quot;unit&quot;:&quot;px&quot;,&quot;size&quot;:&quot;&quot;,&quot;sizes&quot;:[]},&quot;toggle_size_mobile&quot;:{&quot;unit&quot;:&quot;px&quot;,&quot;size&quot;:&quot;&quot;,&quot;sizes&quot;:[]},&quot;toggle_border_width_tablet&quot;:{&quot;unit&quot;:&quot;px&quot;,&quot;size&quot;:&quot;&quot;,&quot;sizes&quot;:[]},&quot;toggle_border_width_mobile&quot;:{&quot;unit&quot;:&quot;px&quot;,&quot;size&quot;:&quot;&quot;,&quot;sizes&quot;:[]},&quot;toggle_border_radius&quot;:{&quot;unit&quot;:&quot;px&quot;,&quot;size&quot;:&quot;&quot;,&quot;sizes&quot;:[]},&quot;toggle_border_radius_tablet&quot;:{&quot;unit&quot;:&quot;px&quot;,&quot;size&quot;:&quot;&quot;,&quot;sizes&quot;:[]},&quot;toggle_border_radius_mobile&quot;:{&quot;unit&quot;:&quot;px&quot;,&quot;size&quot;:&quot;&quot;,&quot;sizes&quot;:[]}}\" data-widget_type=\"navigation-menu.default\">\n\t\t\t\t<div class=\"elementor-widget-container\">\n\t\t\t\t\t\t<div class=\"hfe-nav-menu hfe-layout-vertical hfe-nav-menu-layout vertical\" data-layout=\"vertical\">\n\t\t\t\t<div role=\"button\" class=\"hfe-nav-menu__toggle elementor-clickable\">\n\t\t\t\t\t<span class=\"screen-reader-text\">Menu<\/span>\n\t\t\t\t\t<div class=\"hfe-nav-menu-icon\">\n\t\t\t\t\t\t\t\t\t\t\t<\/div>\n\t\t\t\t<\/div>\n\t\t\t\t<nav itemscope=\"itemscope\" itemtype=\"https:\/\/schema.org\/SiteNavigationElement\" class=\"hfe-nav-menu__layout-vertical hfe-nav-menu__submenu-plus\" data-toggle-icon=\"\" data-close-icon=\"\" data-full-width=\"\">\n\t\t\t\t\t<ul id=\"menu-1-9415659\" class=\"hfe-nav-menu\"><li id=\"menu-item-5347\" itemprop=\"name\" class=\"menu-item menu-item-type-post_type menu-item-object-page parent hfe-creative-menu\"><a href=\"https:\/\/www.wundzentren.de\/en\/presse\/\" itemprop=\"url\" class = \"hfe-menu-item\">News &amp; Press<\/a><\/li>\n<li id=\"menu-item-5342\" itemprop=\"name\" class=\"menu-item menu-item-type-post_type menu-item-object-page parent hfe-creative-menu\"><a href=\"https:\/\/www.wundzentren.de\/en\/presse\/pressemitteilungen\/\" itemprop=\"url\" class = \"hfe-menu-item\">Press &amp; News<\/a><\/li>\n<li id=\"menu-item-5341\" itemprop=\"name\" class=\"menu-item menu-item-type-post_type menu-item-object-page parent hfe-creative-menu\"><a href=\"https:\/\/www.wundzentren.de\/en\/presse\/messen-veranstaltungen\/\" itemprop=\"url\" class = \"hfe-menu-item\">Trade fairs &amp; Events<\/a><\/li>\n<li id=\"menu-item-5340\" itemprop=\"name\" class=\"menu-item menu-item-type-post_type menu-item-object-page parent hfe-creative-menu\"><a href=\"https:\/\/www.wundzentren.de\/en\/presse\/pressefotos\/\" itemprop=\"url\" class = \"hfe-menu-item\">Press photos<\/a><\/li>\n<li id=\"menu-item-5339\" itemprop=\"name\" class=\"menu-item menu-item-type-post_type menu-item-object-page parent hfe-creative-menu\"><a href=\"https:\/\/www.wundzentren.de\/en\/presse\/ansprechpartner\/\" itemprop=\"url\" class = \"hfe-menu-item\">Contact<\/a><\/li>\n<\/ul> \n\t\t\t\t<\/nav>\n\t\t\t<\/div>\n\t\t\t\t\t<\/div>\n\t\t\t\t<\/div>\n\t\t\t\t\t<\/div>\n\t\t\t\t<\/div>\n\t\t<div class=\"elementor-element elementor-element-c8d6448 e-flex e-con-boxed e-con e-parent\" data-id=\"c8d6448\" data-element_type=\"container\">\n\t\t\t\t\t<div class=\"e-con-inner\">\n\t\t\t\t<div class=\"elementor-element elementor-element-ff46cc3 elementor-widget elementor-widget-image\" data-id=\"ff46cc3\" data-element_type=\"widget\" data-widget_type=\"image.default\">\n\t\t\t\t<div class=\"elementor-widget-container\">\n\t\t\t<style>\/*! elementor - v3.21.0 - 26-05-2024 *\/\n.elementor-widget-image{text-align:center}.elementor-widget-image a{display:inline-block}.elementor-widget-image a img[src$=\".svg\"]{width:48px}.elementor-widget-image img{vertical-align:middle;display:inline-block}<\/style>\t\t\t\t\t\t\t\t\t\t<img fetchpriority=\"high\" decoding=\"async\" width=\"1088\" height=\"1080\" src=\"https:\/\/www.wundzentren.de\/wp-content\/uploads\/2024\/05\/img-Teaserimage-2022-09-15_Eroeffnungsfeier-WZ-HH-Bergedorf-data.jpg\" class=\"attachment-large size-large wp-image-9194\" alt=\"\" \/>\t\t\t\t\t\t\t\t\t\t\t\t\t<\/div>\n\t\t\t\t<\/div>\n\t\t\t\t<div class=\"elementor-element elementor-element-ff4bc40 elementor-widget elementor-widget-text-editor\" data-id=\"ff4bc40\" data-element_type=\"widget\" data-widget_type=\"text-editor.default\">\n\t\t\t\t<div class=\"elementor-widget-container\">\n\t\t\t<style>\/*! elementor - v3.21.0 - 26-05-2024 *\/\n.elementor-widget-text-editor.elementor-drop-cap-view-stacked .elementor-drop-cap{background-color:#69727d;color:#fff}.elementor-widget-text-editor.elementor-drop-cap-view-framed .elementor-drop-cap{color:#69727d;border:3px solid;background-color:transparent}.elementor-widget-text-editor:not(.elementor-drop-cap-view-default) .elementor-drop-cap{margin-top:8px}.elementor-widget-text-editor:not(.elementor-drop-cap-view-default) .elementor-drop-cap-letter{width:1em;height:1em}.elementor-widget-text-editor .elementor-drop-cap{float:left;text-align:center;line-height:1;font-size:50px}.elementor-widget-text-editor .elementor-drop-cap-letter{display:inline-block}<\/style>\t\t\t\t<div style=\"-webkit-tap-highlight-color: transparent; box-sizing: inherit; position: relative; width: 840px; padding-right: 20px; padding-left: 20px; color: #000000; font-family: Barlow-Medium, Helvetica, Arial, Lucida; font-size: medium;\"><header style=\"-webkit-tap-highlight-color: transparent; box-sizing: inherit;\"><p style=\"-webkit-tap-highlight-color: transparent; box-sizing: inherit; font-weight: 400; margin-bottom: 15px; font-size: 1.15rem; line-height: 1.625rem; color: #777777; font-family: Barlow-Medium, Helvetica, Arial, Lucida;\"><a style=\"-webkit-tap-highlight-color: transparent; box-sizing: inherit; color: #8cb8c6; font-weight: 600;\" href=\"https:\/\/wundzentren.de\/wz-de\/resource\/blob\/64848\/f51ef3c7957fbd6c2bc8f1fbafdc7a65\/dl_2023-02-06_Er%C3%B6ffnungsfeier%20WZ%20HH-Bergedorf-data.pdf\" target=\"&quot;_blank&quot;\">Download Pressemitteilung (PDF 174 KB)<\/a><\/p><p style=\"-webkit-tap-highlight-color: transparent; box-sizing: inherit; font-weight: 400; margin-bottom: 15px; font-size: 1.15rem; line-height: 1.625rem; color: #777777; font-family: Barlow-Medium, Helvetica, Arial, Lucida;\"><span style=\"-webkit-tap-highlight-color: transparent; box-sizing: inherit; font-weight: 600;\">Member of the Bundestag Metin Hakverdi visits WCC-WoundCareCenter HH-Bergedorf<\/span><\/p><p style=\"-webkit-tap-highlight-color: transparent; box-sizing: inherit; font-weight: 400; margin-bottom: 15px; font-size: 1.15rem; line-height: 1.625rem; color: #777777; font-family: Barlow-Medium, Helvetica, Arial, Lucida;\"><em style=\"-webkit-tap-highlight-color: transparent; box-sizing: inherit;\">D\u00fcsseldorf\/Hamburg-Bergedorf<\/em><em style=\"-webkit-tap-highlight-color: transparent; box-sizing: inherit;\">, 07.02.2023.<\/em><span style=\"-webkit-tap-highlight-color: transparent; box-sizing: inherit; font-weight: 600;\">Am 3. Februar besuchte Metin Hakverdi, SPD-Bundestagsabgeordneter und Direktmandat f\u00fcr den Wahlkreis Hamburg-Bergedorf, Harburg und Wilhelmsburg, gemeinsam mit Tim Angerer, Staatsrat f\u00fcr Arbeit, Gesundheit, Soziales, Familie und Integration, das im Jahr 2022 er\u00f6ffnete WZ-WundZentrum HH-Bergedorf.<\/span><br style=\"-webkit-tap-highlight-color: transparent; box-sizing: inherit;\" \/><br style=\"-webkit-tap-highlight-color: transparent; box-sizing: inherit;\" \/>Metin Hakverdi und Tim Angerer zeigten sich beeindruckt von der Praxisarbeit der spezialisierten Pflegefachkr\u00e4fte im WZ-WundZentrum, die in enger Zusammenarbeit mit Fach\u00e4rzt:innen erfolgt. Menschen mit chronischen und\/oder schwer heilenden Wunden ben\u00f6tigen eine umfassende Beratung und Behandlung durch ein interdisziplin\u00e4res Team aus Arzt, Pflegefachkraft und weiteren Gesundheitsdienstleitern. Andr\u00e9 Lantin, Gesch\u00e4ftsf\u00fchrer der WZ-WundZentren GmbH, f\u00fchrte Herrn Metin Hakverdi und Herrn Tim Angerer durch das WundZentrum, informierte \u00fcber die Versorgungsstruktur und -qualit\u00e4t der leitliniengerechten, ganzheitlichen Spezialversorgung von chronischen und schwer heilenden Wunden und erl\u00e4uterte den Mehrwert f\u00fcr Betroffene.<\/p><p style=\"-webkit-tap-highlight-color: transparent; box-sizing: inherit; font-weight: 400; margin-bottom: 15px; font-size: 1.15rem; line-height: 1.625rem; color: #777777; font-family: Barlow-Medium, Helvetica, Arial, Lucida;\">&#8222;Wir sch\u00e4tzen die Aufmerksamkeit, die Metin Hakverdi und Tim Angerer der Wundbehandlung durch ihren Besuch an unserem Standort in Hamburg-Bergedorf entgegenbringen. Politische Entscheidungen spielen in unserer Arbeit eine wichtige Rolle&#8220;, so der Gesch\u00e4ftsf\u00fchrer der WZ-WundZentren. Der Gesetzgeber hat bereits im April 2017 Wundzentren als spezialisierte Pflegeeinrichtungen und damit als Leistungserbringer zur L\u00f6sung bestehender Versorgungsprobleme zugelassen&#8220;, so Lantin.<br style=\"-webkit-tap-highlight-color: transparent; box-sizing: inherit;\" \/>\u00a0<\/p><p style=\"-webkit-tap-highlight-color: transparent; box-sizing: inherit; font-weight: 400; margin-bottom: 15px; font-size: 1.15rem; line-height: 1.625rem; color: #777777; font-family: Barlow-Medium, Helvetica, Arial, Lucida;\"><span style=\"-webkit-tap-highlight-color: transparent; box-sizing: inherit; font-weight: 600;\">Mehr als zwei Millionen Menschen leiden in Deutschland an Wundheilungsst\u00f6rungen<\/span><\/p><p style=\"-webkit-tap-highlight-color: transparent; box-sizing: inherit; font-weight: 400; margin-bottom: 15px; font-size: 1.15rem; line-height: 1.625rem; color: #777777; font-family: Barlow-Medium, Helvetica, Arial, Lucida;\">In Deutschland leben mehr als zwei Millionen Menschen mit schwer heilenden Wunden. Am h\u00e4ufigsten treten das \u201eoffene Bein\u201c (Ulcus cruris), Druckgeschw\u00fcre (Dekubitus) und der diabetische Fu\u00df auf. Dar\u00fcber hinaus gibt es mehr als 150 verschiedene Wundarten als Symptom oder Komplikation verschiedenster Grunderkrankungen. Die Betroffenen sind durch starke Schmerzen, Geruch und Wundsekret meist massiv in ihrer Lebensqualit\u00e4t beeintr\u00e4chtigt. Nicht selten f\u00fchrt eine schwer heilende Wunde zu sozialer Isolation und Arbeitsunf\u00e4higkeit.<\/p><p style=\"-webkit-tap-highlight-color: transparent; box-sizing: inherit; font-weight: 400; margin-bottom: 15px; font-size: 1.15rem; line-height: 1.625rem; color: #777777; font-family: Barlow-Medium, Helvetica, Arial, Lucida;\">&#8222;Der Zeitmangel und die fehlende fachliche Spezialisierung auf schwer heilende Wunden sowie die hohen hygienischen und r\u00e4umlichen Anforderungen bei der Versorgung sind wesentliche Gr\u00fcnde daf\u00fcr, warum \u00c4rzte in ihren Praxen eine Versorgung komplizierter Wunden meist nur schwer allein leisten k\u00f6nnen.<\/p><p style=\"-webkit-tap-highlight-color: transparent; box-sizing: inherit; font-weight: 400; margin-bottom: 15px; font-size: 1.15rem; line-height: 1.625rem; color: #777777; font-family: Barlow-Medium, Helvetica, Arial, Lucida;\">Die Lebensqualit\u00e4t der betroffenen Patienten zu verbessern, steht f\u00fcr die Pflegefachkr\u00e4fte des WZ-WundZentrum in Bergedorf an erster Stelle. &#8222;Nicht nur Patient:innen mit chronischen und schwer heilenden Wunden, sondern auch Haus\u00e4rzt:innen k\u00f6nnen von unseren Leistungen profitieren.<\/p><p style=\"-webkit-tap-highlight-color: transparent; box-sizing: inherit; font-weight: 400; margin-bottom: 15px; font-size: 1.15rem; line-height: 1.625rem; color: #777777; font-family: Barlow-Medium, Helvetica, Arial, Lucida;\">Mit dem aktuellen Modellvorhaben zur Heilkunden\u00fcbertragung wurde explizit im Bereich Wunde ein Meilenstein erreicht. Hier profitiert das Gesundheitssystem von der Professionalisierung der Pflege. Wir setzen in unseren WZ-WundZentren genau das seit 15 Jahren um, was der Gesetzgeber nun in Struktur gegossen hat&#8220;, so Andr\u00e9 Lantin.<\/p><p style=\"-webkit-tap-highlight-color: transparent; box-sizing: inherit; font-weight: 400; margin-bottom: 15px; font-size: 1.15rem; line-height: 1.625rem; color: #777777; font-family: Barlow-Medium, Helvetica, Arial, Lucida;\">&#8222;Die Spezialisierung und Professionalisierung der Pflege ist wichtiger denn je, denn so k\u00f6nnen wir die Attraktivit\u00e4t des Pflegeberufs steigern. Das Modellvorhaben zur \u00dcbertragung \u00e4rztlicher T\u00e4tigkeiten, wie hier im Bereich der Wundbehandlung, kann dazu einen wichtigen Beitrag leisten&#8220;, so Metin Hakverdi.<br style=\"-webkit-tap-highlight-color: transparent; box-sizing: inherit;\" \/>\u00a0<\/p><p style=\"-webkit-tap-highlight-color: transparent; box-sizing: inherit; font-weight: 400; margin-bottom: 15px; font-size: 1.15rem; line-height: 1.625rem; color: #777777; font-family: Barlow-Medium, Helvetica, Arial, Lucida;\"><span style=\"-webkit-tap-highlight-color: transparent; box-sizing: inherit; font-weight: 600;\">Spezialisierte ambulante Wundbehandlung in den WZ-WundZentren<\/span><\/p><p style=\"-webkit-tap-highlight-color: transparent; box-sizing: inherit; font-weight: 400; margin-bottom: 15px; font-size: 1.15rem; line-height: 1.625rem; color: #777777; font-family: Barlow-Medium, Helvetica, Arial, Lucida;\">Eine ausf\u00fchrliche medizinische- und Pflegeanamnese, die Ursachenforschung und Diagnostik sowie die Beratung und Koordination von Ma\u00dfnahmen geh\u00f6ren in den WZ-WundZentren zum Therapiekonzept. Jede Wunde ist anders, deshalb ist die Wundbehandlung auch auf jeden Betroffenen zugeschnitten. Oberstes Ziel der Behandlung ist es, ein schnelles Abheilen der Wunden und dadurch ein beschwerdefreies Leben der Patient:innen zu erm\u00f6glichen. Dabei hat jeder Versicherte, gesetzlich oder privat, einen Versorgungsanspruch, wodurch die Krankenkassen die Leistungen erstatten muss, wenn gleich in Teilen noch per Einzelfallentscheidung.<\/p><p style=\"-webkit-tap-highlight-color: transparent; box-sizing: inherit; font-weight: 400; margin-bottom: 15px; font-size: 1.15rem; line-height: 1.625rem; color: #777777; font-family: Barlow-Medium, Helvetica, Arial, Lucida;\">\u00a0<\/p><p style=\"-webkit-tap-highlight-color: transparent; box-sizing: inherit; font-weight: 400; margin-bottom: 15px; font-size: 1.15rem; line-height: 1.625rem; color: #777777; font-family: Barlow-Medium, Helvetica, Arial, Lucida;\">Weitere Informationen zu Leistungen und Kontaktm\u00f6glichkeiten f\u00fcr die Terminvereinbarung am Standort HH-Bergedorf finden Sie unter\u00a0<a style=\"-webkit-tap-highlight-color: transparent; box-sizing: inherit; color: #8cb8c6; font-weight: 600;\" href=\"https:\/\/www.wundzentren.de\/hh-bergedorf\">https:\/\/www.wundzentren.de\/hh-bergedorf<\/a>\u00a0oder telefonisch unter 040\/237240001.\u00a0 \u00a0<\/p><p style=\"-webkit-tap-highlight-color: transparent; box-sizing: inherit; font-weight: 400; margin-bottom: 15px; font-size: 1.15rem; line-height: 1.625rem; color: #777777; font-family: Barlow-Medium, Helvetica, Arial, Lucida;\">\u00a0<\/p><p style=\"-webkit-tap-highlight-color: transparent; box-sizing: inherit; font-weight: 400; margin-bottom: 15px; font-size: 1.15rem; line-height: 1.625rem; color: #777777; font-family: Barlow-Medium, Helvetica, Arial, Lucida;\">\u00a0<\/p><div style=\"-webkit-tap-highlight-color: transparent; box-sizing: inherit; counter-reset: none; width: 800px; color: #777777; font-family: Barlow-Medium, Helvetica, Arial, Lucida; font-size: medium; font-weight: 400;\">\u00a0<\/div><h5 style=\"-webkit-tap-highlight-color: transparent; box-sizing: inherit; font-weight: 400; margin: 15px 0px 12px; font-family: Barlow-Medium, Helvetica, Arial, Lucida; border: 1px solid #a88165; clear: both; color: #777777; font-size: 1.15rem; line-height: 1.625rem; padding: 20px; box-shadow: #a88165 0px 1px 10px;\"><span style=\"-webkit-tap-highlight-color: transparent; box-sizing: inherit; text-decoration: underline;\">\u00dcber die WZ<\/span><span style=\"-webkit-tap-highlight-color: transparent; box-sizing: inherit; text-decoration: underline;\">-WundZentren GmbH<\/span><br style=\"-webkit-tap-highlight-color: transparent; box-sizing: inherit;\" \/>Seit 2008 konnten mit dem bew\u00e4hrten Behandlungskonzept der WZ-WundZentren bereits \u00fcber 30.000 Patienten an 23\u00a0Standorten in Deutschland erfolgreich behandelt werden. Durchschnittlich leiden die Patienten bereits \u00fcber zw\u00f6lf Monaten unter ihrer chronischen oder schwer heilenden Wunde. Bei einem Gro\u00dfteil der Patienten konnte unter der Behandlung in einem der WZ-WundZentren ein Wundverschluss in weniger als vier Monaten erreicht werden. F\u00fcr die Betroffenen bedeutet dies das Ende einer oft jahrelangen Behandlungs\u00adodyssee und eine erhebliche Verbesserung ihrer Lebensqualit\u00e4t.<br style=\"-webkit-tap-highlight-color: transparent; box-sizing: inherit;\" \/><br style=\"-webkit-tap-highlight-color: transparent; box-sizing: inherit;\" \/>Die WZ-WundZentren GmbH mit Sitz in D\u00fcsseldorf ist ein Unternehmen der recucare Gruppe.<br style=\"-webkit-tap-highlight-color: transparent; box-sizing: inherit;\" \/><br style=\"-webkit-tap-highlight-color: transparent; box-sizing: inherit;\" \/>Weitere Informationen unter\u00a0<a style=\"-webkit-tap-highlight-color: transparent; box-sizing: inherit; text-decoration: none; color: #8cb8c6; font-family: Barlow-Medium, Helvetica, Arial, Lucida; font-weight: 600;\" href=\"http:\/\/www.wundzentren.de\/\">www.wundzentren.de<\/a><\/h5><\/header><\/div><section style=\"-webkit-tap-highlight-color: transparent; box-sizing: inherit; width: 840px; color: #000000; font-family: Barlow-Medium, Helvetica, Arial, Lucida; font-size: medium;\"><div style=\"-webkit-tap-highlight-color: transparent; box-sizing: inherit; counter-reset: section 0; padding-right: 20px; padding-left: 20px; width: 840px; color: #777777;\">\u00a0<\/div><\/section>\t\t\t\t\t\t<\/div>\n\t\t\t\t<\/div>\n\t\t\t\t\t<\/div>\n\t\t\t\t<\/div>\n\t\t\t\t<\/div>","protected":false},"excerpt":{"rendered":"<p>Unternehmen &amp; Leistungen Wundlexikon Standorte Jobs &#038;amp Karriere Neuigkeiten &amp;Presse Menu Neuigkeiten &amp; Presse Presse &#038; Aktuelles Messen &#8211; Veranstaltungen Presse-Fotos Ansprechpartner Download Pressemitteilung (PDF 174 KB) Bundestagsabgeordneter Metin Hakverdi zu Besuch im WZ-WundZentrum HH-Bergedorf D\u00fcsseldorf\/Hamburg-Bergedorf, 07.02.2023.Am 3. Februar besuchte Metin Hakverdi, SPD-Bundestagsabgeordneter und Direktmandat f\u00fcr den Wahlkreis Hamburg-Bergedorf, Harburg und Wilhelmsburg, gemeinsam mit Tim&#8230;<\/p>","protected":false},"author":1,"featured_media":0,"comment_status":"open","ping_status":"open","sticky":false,"template":"","format":"standard","meta":{"footnotes":""},"categories":[1],"tags":[],"class_list":["post-8612","post","type-post","status-publish","format-standard","hentry","category-allgemein"],"yoast_head":"<!-- This site is optimized with the Yoast SEO plugin v24.4 - https:\/\/yoast.com\/wordpress\/plugins\/seo\/ -->\n<title>Er\u00f6ffnungsfeier im WZ-WundZentrum Spilburg - WZ-WundZentren: Ihr Spezialist f\u00fcr die Behandlung von chronischen und schwer heilenden Wunden<\/title>\n<meta name=\"robots\" content=\"index, follow, max-snippet:-1, max-image-preview:large, max-video-preview:-1\" \/>\n<link rel=\"canonical\" href=\"https:\/\/www.wundzentren.de\/en\/2023\/02\/07\/wzspilburg\/\" \/>\n<meta property=\"og:locale\" content=\"en_GB\" \/>\n<meta property=\"og:type\" content=\"article\" \/>\n<meta property=\"og:title\" content=\"Er\u00f6ffnungsfeier im WZ-WundZentrum Spilburg - WZ-WundZentren: Ihr Spezialist f\u00fcr die Behandlung von chronischen und schwer heilenden Wunden\" \/>\n<meta property=\"og:description\" content=\"Unternehmen &amp; Leistungen Wundlexikon Standorte Jobs &#038;amp Karriere Neuigkeiten &amp;Presse Menu Neuigkeiten &amp; Presse Presse &#038; Aktuelles Messen &#8211; Veranstaltungen Presse-Fotos Ansprechpartner Download Pressemitteilung (PDF 174 KB) Bundestagsabgeordneter Metin Hakverdi zu Besuch im WZ-WundZentrum HH-Bergedorf D\u00fcsseldorf\/Hamburg-Bergedorf, 07.02.2023.Am 3. Februar besuchte Metin Hakverdi, SPD-Bundestagsabgeordneter und Direktmandat f\u00fcr den Wahlkreis Hamburg-Bergedorf, Harburg und Wilhelmsburg, gemeinsam mit Tim...\" \/>\n<meta property=\"og:url\" content=\"https:\/\/www.wundzentren.de\/en\/2023\/02\/07\/wzspilburg\/\" \/>\n<meta property=\"og:site_name\" content=\"WZ-WundZentren: Ihr Spezialist f\u00fcr die Behandlung von chronischen und schwer heilenden Wunden\" \/>\n<meta property=\"article:published_time\" content=\"2023-02-07T03:53:18+00:00\" \/>\n<meta property=\"article:modified_time\" content=\"2024-05-04T23:14:30+00:00\" \/>\n<meta property=\"og:image\" content=\"https:\/\/wz.wz-medcubes.de\/wp-content\/uploads\/2024\/05\/img-Teaserimage-2022-09-15_Eroeffnungsfeier-WZ-HH-Bergedorf-data.jpg\" \/>\n<meta name=\"author\" content=\"wundzentren\" \/>\n<meta name=\"twitter:card\" content=\"summary_large_image\" \/>\n<meta name=\"twitter:label1\" content=\"Written by\" \/>\n\t<meta name=\"twitter:data1\" content=\"wundzentren\" \/>\n\t<meta name=\"twitter:label2\" content=\"Estimated reading time\" \/>\n\t<meta name=\"twitter:data2\" content=\"4 minutes\" \/>\n<script type=\"application\/ld+json\" class=\"yoast-schema-graph\">{\"@context\":\"https:\/\/schema.org\",\"@graph\":[{\"@type\":\"WebPage\",\"@id\":\"https:\/\/www.wundzentren.de\/2023\/02\/07\/wzspilburg\/\",\"url\":\"https:\/\/www.wundzentren.de\/2023\/02\/07\/wzspilburg\/\",\"name\":\"Er\u00f6ffnungsfeier im WZ-WundZentrum Spilburg - WZ-WundZentren: Ihr Spezialist f\u00fcr die Behandlung von chronischen und schwer heilenden Wunden\",\"isPartOf\":{\"@id\":\"https:\/\/www.wundzentren.de\/#website\"},\"primaryImageOfPage\":{\"@id\":\"https:\/\/www.wundzentren.de\/2023\/02\/07\/wzspilburg\/#primaryimage\"},\"image\":{\"@id\":\"https:\/\/www.wundzentren.de\/2023\/02\/07\/wzspilburg\/#primaryimage\"},\"thumbnailUrl\":\"https:\/\/wz.wz-medcubes.de\/wp-content\/uploads\/2024\/05\/img-Teaserimage-2022-09-15_Eroeffnungsfeier-WZ-HH-Bergedorf-data.jpg\",\"datePublished\":\"2023-02-07T03:53:18+00:00\",\"dateModified\":\"2024-05-04T23:14:30+00:00\",\"author\":{\"@id\":\"https:\/\/www.wundzentren.de\/#\/schema\/person\/31764b4b2cface4d0a6c2fd0d39dcfeb\"},\"breadcrumb\":{\"@id\":\"https:\/\/www.wundzentren.de\/2023\/02\/07\/wzspilburg\/#breadcrumb\"},\"inLanguage\":\"en-GB\",\"potentialAction\":[{\"@type\":\"ReadAction\",\"target\":[\"https:\/\/www.wundzentren.de\/2023\/02\/07\/wzspilburg\/\"]}]},{\"@type\":\"ImageObject\",\"inLanguage\":\"en-GB\",\"@id\":\"https:\/\/www.wundzentren.de\/2023\/02\/07\/wzspilburg\/#primaryimage\",\"url\":\"https:\/\/wz.wz-medcubes.de\/wp-content\/uploads\/2024\/05\/img-Teaserimage-2022-09-15_Eroeffnungsfeier-WZ-HH-Bergedorf-data.jpg\",\"contentUrl\":\"https:\/\/wz.wz-medcubes.de\/wp-content\/uploads\/2024\/05\/img-Teaserimage-2022-09-15_Eroeffnungsfeier-WZ-HH-Bergedorf-data.jpg\"},{\"@type\":\"BreadcrumbList\",\"@id\":\"https:\/\/www.wundzentren.de\/2023\/02\/07\/wzspilburg\/#breadcrumb\",\"itemListElement\":[{\"@type\":\"ListItem\",\"position\":1,\"name\":\"Startseite\",\"item\":\"https:\/\/www.wundzentren.de\/\"},{\"@type\":\"ListItem\",\"position\":2,\"name\":\"Er\u00f6ffnungsfeier im WZ-WundZentrum Spilburg\"}]},{\"@type\":\"WebSite\",\"@id\":\"https:\/\/www.wundzentren.de\/#website\",\"url\":\"https:\/\/www.wundzentren.de\/\",\"name\":\"WZ-WundZentren: Ihr Spezialist f\u00fcr die Behandlung von chronischen und schwer heilenden Wunden\",\"description\":\"\",\"potentialAction\":[{\"@type\":\"SearchAction\",\"target\":{\"@type\":\"EntryPoint\",\"urlTemplate\":\"https:\/\/www.wundzentren.de\/?s={search_term_string}\"},\"query-input\":{\"@type\":\"PropertyValueSpecification\",\"valueRequired\":true,\"valueName\":\"search_term_string\"}}],\"inLanguage\":\"en-GB\"},{\"@type\":\"Person\",\"@id\":\"https:\/\/www.wundzentren.de\/#\/schema\/person\/31764b4b2cface4d0a6c2fd0d39dcfeb\",\"name\":\"wundzentren\",\"image\":{\"@type\":\"ImageObject\",\"inLanguage\":\"en-GB\",\"@id\":\"https:\/\/www.wundzentren.de\/#\/schema\/person\/image\/\",\"url\":\"https:\/\/secure.gravatar.com\/avatar\/6aaf6a53554b39bea64f00cf30fefb0c4f2fa1767df7fd480c50d6b0b696112c?s=96&d=mm&r=g\",\"contentUrl\":\"https:\/\/secure.gravatar.com\/avatar\/6aaf6a53554b39bea64f00cf30fefb0c4f2fa1767df7fd480c50d6b0b696112c?s=96&d=mm&r=g\",\"caption\":\"wundzentren\"},\"sameAs\":[\"https:\/\/wz.wz-medcubes.de\"],\"url\":\"https:\/\/www.wundzentren.de\/en\/author\/wundzentren\/\"}]}<\/script>\n<!-- \/ Yoast SEO plugin. -->","yoast_head_json":{"title":"Er\u00f6ffnungsfeier im WZ-WundZentrum Spilburg - WZ-WundZentren: Ihr Spezialist f\u00fcr die Behandlung von chronischen und schwer heilenden Wunden","robots":{"index":"index","follow":"follow","max-snippet":"max-snippet:-1","max-image-preview":"max-image-preview:large","max-video-preview":"max-video-preview:-1"},"canonical":"https:\/\/www.wundzentren.de\/en\/2023\/02\/07\/wzspilburg\/","og_locale":"en_GB","og_type":"article","og_title":"Er\u00f6ffnungsfeier im WZ-WundZentrum Spilburg - WZ-WundZentren: Ihr Spezialist f\u00fcr die Behandlung von chronischen und schwer heilenden Wunden","og_description":"Unternehmen &amp; Leistungen Wundlexikon Standorte Jobs &#038;amp Karriere Neuigkeiten &amp;Presse Menu Neuigkeiten &amp; Presse Presse &#038; Aktuelles Messen &#8211; Veranstaltungen Presse-Fotos Ansprechpartner Download Pressemitteilung (PDF 174 KB) Bundestagsabgeordneter Metin Hakverdi zu Besuch im WZ-WundZentrum HH-Bergedorf D\u00fcsseldorf\/Hamburg-Bergedorf, 07.02.2023.Am 3. Februar besuchte Metin Hakverdi, SPD-Bundestagsabgeordneter und Direktmandat f\u00fcr den Wahlkreis Hamburg-Bergedorf, Harburg und Wilhelmsburg, gemeinsam mit Tim...","og_url":"https:\/\/www.wundzentren.de\/en\/2023\/02\/07\/wzspilburg\/","og_site_name":"WZ-WundZentren: Ihr Spezialist f\u00fcr die Behandlung von chronischen und schwer heilenden Wunden","article_published_time":"2023-02-07T03:53:18+00:00","article_modified_time":"2024-05-04T23:14:30+00:00","og_image":[{"url":"https:\/\/wz.wz-medcubes.de\/wp-content\/uploads\/2024\/05\/img-Teaserimage-2022-09-15_Eroeffnungsfeier-WZ-HH-Bergedorf-data.jpg","type":"","width":"","height":""}],"author":"wundzentren","twitter_card":"summary_large_image","twitter_misc":{"Written by":"wundzentren","Estimated reading time":"4 minutes"},"schema":{"@context":"https:\/\/schema.org","@graph":[{"@type":"WebPage","@id":"https:\/\/www.wundzentren.de\/2023\/02\/07\/wzspilburg\/","url":"https:\/\/www.wundzentren.de\/2023\/02\/07\/wzspilburg\/","name":"Er\u00f6ffnungsfeier im WZ-WundZentrum Spilburg - WZ-WundZentren: Ihr Spezialist f\u00fcr die Behandlung von chronischen und schwer heilenden Wunden","isPartOf":{"@id":"https:\/\/www.wundzentren.de\/#website"},"primaryImageOfPage":{"@id":"https:\/\/www.wundzentren.de\/2023\/02\/07\/wzspilburg\/#primaryimage"},"image":{"@id":"https:\/\/www.wundzentren.de\/2023\/02\/07\/wzspilburg\/#primaryimage"},"thumbnailUrl":"https:\/\/wz.wz-medcubes.de\/wp-content\/uploads\/2024\/05\/img-Teaserimage-2022-09-15_Eroeffnungsfeier-WZ-HH-Bergedorf-data.jpg","datePublished":"2023-02-07T03:53:18+00:00","dateModified":"2024-05-04T23:14:30+00:00","author":{"@id":"https:\/\/www.wundzentren.de\/#\/schema\/person\/31764b4b2cface4d0a6c2fd0d39dcfeb"},"breadcrumb":{"@id":"https:\/\/www.wundzentren.de\/2023\/02\/07\/wzspilburg\/#breadcrumb"},"inLanguage":"en-GB","potentialAction":[{"@type":"ReadAction","target":["https:\/\/www.wundzentren.de\/2023\/02\/07\/wzspilburg\/"]}]},{"@type":"ImageObject","inLanguage":"en-GB","@id":"https:\/\/www.wundzentren.de\/2023\/02\/07\/wzspilburg\/#primaryimage","url":"https:\/\/wz.wz-medcubes.de\/wp-content\/uploads\/2024\/05\/img-Teaserimage-2022-09-15_Eroeffnungsfeier-WZ-HH-Bergedorf-data.jpg","contentUrl":"https:\/\/wz.wz-medcubes.de\/wp-content\/uploads\/2024\/05\/img-Teaserimage-2022-09-15_Eroeffnungsfeier-WZ-HH-Bergedorf-data.jpg"},{"@type":"BreadcrumbList","@id":"https:\/\/www.wundzentren.de\/2023\/02\/07\/wzspilburg\/#breadcrumb","itemListElement":[{"@type":"ListItem","position":1,"name":"Startseite","item":"https:\/\/www.wundzentren.de\/"},{"@type":"ListItem","position":2,"name":"Er\u00f6ffnungsfeier im WZ-WundZentrum Spilburg"}]},{"@type":"WebSite","@id":"https:\/\/www.wundzentren.de\/#website","url":"https:\/\/www.wundzentren.de\/","name":"WZ-WundZentren: Ihr Spezialist f\u00fcr die Behandlung von chronischen und schwer heilenden Wunden","description":"","potentialAction":[{"@type":"SearchAction","target":{"@type":"EntryPoint","urlTemplate":"https:\/\/www.wundzentren.de\/?s={search_term_string}"},"query-input":{"@type":"PropertyValueSpecification","valueRequired":true,"valueName":"search_term_string"}}],"inLanguage":"en-GB"},{"@type":"Person","@id":"https:\/\/www.wundzentren.de\/#\/schema\/person\/31764b4b2cface4d0a6c2fd0d39dcfeb","name":"wundzentren","image":{"@type":"ImageObject","inLanguage":"en-GB","@id":"https:\/\/www.wundzentren.de\/#\/schema\/person\/image\/","url":"https:\/\/secure.gravatar.com\/avatar\/6aaf6a53554b39bea64f00cf30fefb0c4f2fa1767df7fd480c50d6b0b696112c?s=96&d=mm&r=g","contentUrl":"https:\/\/secure.gravatar.com\/avatar\/6aaf6a53554b39bea64f00cf30fefb0c4f2fa1767df7fd480c50d6b0b696112c?s=96&d=mm&r=g","caption":"wundzentren"},"sameAs":["https:\/\/wz.wz-medcubes.de"],"url":"https:\/\/www.wundzentren.de\/en\/author\/wundzentren\/"}]}},"rttpg_featured_image_url":null,"rttpg_author":{"display_name":"wundzentren","author_link":"https:\/\/www.wundzentren.de\/en\/author\/wundzentren\/"},"rttpg_comment":1,"rttpg_category":"<a href=\"https:\/\/www.wundzentren.de\/en\/category\/allgemein\/\" rel=\"category tag\">Allgemein<\/a>","rttpg_excerpt":"Unternehmen &amp; Leistungen Wundlexikon Standorte Jobs &#038;amp Karriere Neuigkeiten &amp;Presse Menu Neuigkeiten &amp; Presse Presse &#038; Aktuelles Messen &#8211; Veranstaltungen Presse-Fotos Ansprechpartner Download Pressemitteilung (PDF 174 KB) Bundestagsabgeordneter Metin Hakverdi zu Besuch im WZ-WundZentrum HH-Bergedorf D\u00fcsseldorf\/Hamburg-Bergedorf, 07.02.2023.Am 3. Februar besuchte Metin Hakverdi, SPD-Bundestagsabgeordneter und Direktmandat f\u00fcr den Wahlkreis Hamburg-Bergedorf, Harburg und Wilhelmsburg, gemeinsam mit Tim...","_links":{"self":[{"href":"https:\/\/www.wundzentren.de\/en\/wp-json\/wp\/v2\/posts\/8612","targetHints":{"allow":["GET"]}}],"collection":[{"href":"https:\/\/www.wundzentren.de\/en\/wp-json\/wp\/v2\/posts"}],"about":[{"href":"https:\/\/www.wundzentren.de\/en\/wp-json\/wp\/v2\/types\/post"}],"author":[{"embeddable":true,"href":"https:\/\/www.wundzentren.de\/en\/wp-json\/wp\/v2\/users\/1"}],"replies":[{"embeddable":true,"href":"https:\/\/www.wundzentren.de\/en\/wp-json\/wp\/v2\/comments?post=8612"}],"version-history":[{"count":24,"href":"https:\/\/www.wundzentren.de\/en\/wp-json\/wp\/v2\/posts\/8612\/revisions"}],"predecessor-version":[{"id":10917,"href":"https:\/\/www.wundzentren.de\/en\/wp-json\/wp\/v2\/posts\/8612\/revisions\/10917"}],"wp:attachment":[{"href":"https:\/\/www.wundzentren.de\/en\/wp-json\/wp\/v2\/media?parent=8612"}],"wp:term":[{"taxonomy":"category","embeddable":true,"href":"https:\/\/www.wundzentren.de\/en\/wp-json\/wp\/v2\/categories?post=8612"},{"taxonomy":"post_tag","embeddable":true,"href":"https:\/\/www.wundzentren.de\/en\/wp-json\/wp\/v2\/tags?post=8612"}],"curies":[{"name":"wp","href":"https:\/\/api.w.org\/{rel}","templated":true}]}}