{"id":8602,"date":"2024-01-02T04:48:43","date_gmt":"2024-01-02T03:48:43","guid":{"rendered":"https:\/\/wz.wz-medcubes.de\/?p=8602"},"modified":"2025-11-05T19:55:08","modified_gmt":"2025-11-05T18:55:08","slug":"wzwarendorf","status":"publish","type":"post","link":"https:\/\/www.wundzentren.de\/en\/2024\/01\/02\/wzwarendorf\/","title":{"rendered":"Spezialisierte ambulante Wundbehandlung im M\u00fcnsterland"},"content":{"rendered":"<div data-elementor-type=\"wp-post\" data-elementor-id=\"8602\" class=\"elementor elementor-8602\">\n\t\t\t\t<div class=\"elementor-element elementor-element-4518b6e e-flex e-con-boxed e-con e-child\" data-id=\"4518b6e\" data-element_type=\"container\" data-settings=\"{&quot;background_background&quot;:&quot;slideshow&quot;,&quot;background_slideshow_gallery&quot;:[{&quot;id&quot;:12,&quot;url&quot;:&quot;https:\\\/\\\/wz.wz-medcubes.de\\\/wp-content\\\/uploads\\\/2024\\\/02\\\/img-headerbild-wundbehandlung-1.jpg&quot;}],&quot;background_slideshow_transition_duration&quot;:20,&quot;background_slideshow_loop&quot;:&quot;yes&quot;,&quot;background_slideshow_slide_duration&quot;:5000,&quot;background_slideshow_slide_transition&quot;:&quot;fade&quot;}\">\n\t\t\t\t\t<div class=\"e-con-inner\">\n\t\t<div class=\"elementor-element elementor-element-e3e9dd4 e-con-full e-flex e-con e-child\" data-id=\"e3e9dd4\" data-element_type=\"container\" data-settings=\"{&quot;background_background&quot;:&quot;slideshow&quot;,&quot;background_slideshow_gallery&quot;:[],&quot;background_slideshow_loop&quot;:&quot;yes&quot;,&quot;background_slideshow_slide_duration&quot;:5000,&quot;background_slideshow_slide_transition&quot;:&quot;fade&quot;,&quot;background_slideshow_transition_duration&quot;:500}\">\n\t\t<div class=\"elementor-element elementor-element-3f19e93 e-con-full e-flex e-con e-child\" data-id=\"3f19e93\" data-element_type=\"container\">\n\t\t<a class=\"elementor-element elementor-element-8530c6b landing-nav-tab-hover e-flex e-con-boxed e-con e-child\" data-id=\"8530c6b\" data-element_type=\"container\" data-settings=\"{&quot;background_background&quot;:&quot;classic&quot;}\" href=\"\/wordpress\/unternehmen-leistungen\/\">\n\t\t\t\t\t<div class=\"e-con-inner\">\n\t\t\t\t<div class=\"elementor-element elementor-element-8b58ca6 landing-nav-tab-title elementor-widget elementor-widget-heading\" data-id=\"8b58ca6\" data-element_type=\"widget\" data-widget_type=\"heading.default\">\n\t\t\t\t<div class=\"elementor-widget-container\">\n\t\t\t<style>\/*! elementor - v3.21.0 - 26-05-2024 *\/\n.elementor-heading-title{padding:0;margin:0;line-height:1}.elementor-widget-heading .elementor-heading-title[class*=elementor-size-]>a{color:inherit;font-size:inherit;line-height:inherit}.elementor-widget-heading .elementor-heading-title.elementor-size-small{font-size:15px}.elementor-widget-heading .elementor-heading-title.elementor-size-medium{font-size:19px}.elementor-widget-heading .elementor-heading-title.elementor-size-large{font-size:29px}.elementor-widget-heading .elementor-heading-title.elementor-size-xl{font-size:39px}.elementor-widget-heading .elementor-heading-title.elementor-size-xxl{font-size:59px}<\/style><h2 class=\"elementor-heading-title elementor-size-default\">Company &amp; <br>Services<\/h2>\t\t<\/div>\n\t\t\t\t<\/div>\n\t\t\t\t\t<\/div>\n\t\t\t\t<\/a>\n\t\t\t\t<\/div>\n\t\t<div class=\"elementor-element elementor-element-8f18870 e-con-full e-flex e-con e-child\" data-id=\"8f18870\" data-element_type=\"container\">\n\t\t<a class=\"elementor-element elementor-element-b0ebb36 landing-nav-tab-hover e-flex e-con-boxed e-con e-child\" data-id=\"b0ebb36\" data-element_type=\"container\" data-settings=\"{&quot;background_background&quot;:&quot;classic&quot;}\" href=\"\/wordpress\/wundlexikon\/\">\n\t\t\t\t\t<div class=\"e-con-inner\">\n\t\t\t\t<div class=\"elementor-element elementor-element-72a2829 landing-nav-tab-title elementor-widget elementor-widget-heading\" data-id=\"72a2829\" data-element_type=\"widget\" data-widget_type=\"heading.default\">\n\t\t\t\t<div class=\"elementor-widget-container\">\n\t\t\t<h2 class=\"elementor-heading-title elementor-size-default\">Wound dictionary<\/h2>\t\t<\/div>\n\t\t\t\t<\/div>\n\t\t\t\t\t<\/div>\n\t\t\t\t<\/a>\n\t\t\t\t<\/div>\n\t\t<div class=\"elementor-element elementor-element-6793e74 e-con-full e-flex e-con e-child\" data-id=\"6793e74\" data-element_type=\"container\">\n\t\t<a class=\"elementor-element elementor-element-9378d90 landing-nav-tab-hover e-flex e-con-boxed e-con e-child\" data-id=\"9378d90\" data-element_type=\"container\" data-settings=\"{&quot;background_background&quot;:&quot;classic&quot;}\" href=\"\/wordpress\/standorte\/\">\n\t\t\t\t\t<div class=\"e-con-inner\">\n\t\t\t\t<div class=\"elementor-element elementor-element-4a031b7 landing-nav-tab-title elementor-widget elementor-widget-heading\" data-id=\"4a031b7\" data-element_type=\"widget\" data-widget_type=\"heading.default\">\n\t\t\t\t<div class=\"elementor-widget-container\">\n\t\t\t<h2 class=\"elementor-heading-title elementor-size-default\">Locations<\/h2>\t\t<\/div>\n\t\t\t\t<\/div>\n\t\t\t\t\t<\/div>\n\t\t\t\t<\/a>\n\t\t\t\t<\/div>\n\t\t<div class=\"elementor-element elementor-element-588d930 e-con-full e-flex e-con e-child\" data-id=\"588d930\" data-element_type=\"container\">\n\t\t<a class=\"elementor-element elementor-element-05c05a2 landing-nav-tab-hover e-flex e-con-boxed e-con e-child\" data-id=\"05c05a2\" data-element_type=\"container\" data-settings=\"{&quot;background_background&quot;:&quot;classic&quot;}\" href=\"\/wordpress\/karriere\/\">\n\t\t\t\t\t<div class=\"e-con-inner\">\n\t\t\t\t<div class=\"elementor-element elementor-element-0a83a8a landing-nav-tab-title elementor-widget elementor-widget-heading\" data-id=\"0a83a8a\" data-element_type=\"widget\" data-widget_type=\"heading.default\">\n\t\t\t\t<div class=\"elementor-widget-container\">\n\t\t\t<h2 class=\"elementor-heading-title elementor-size-default\">Jobs and career<\/h2>\t\t<\/div>\n\t\t\t\t<\/div>\n\t\t\t\t\t<\/div>\n\t\t\t\t<\/a>\n\t\t\t\t<\/div>\n\t\t<div class=\"elementor-element elementor-element-4dabdc8 e-con-full e-flex e-con e-child\" data-id=\"4dabdc8\" data-element_type=\"container\">\n\t\t<a class=\"elementor-element elementor-element-b93ce1f landing-nav-tab-hover e-flex e-con-boxed e-con e-child\" data-id=\"b93ce1f\" data-element_type=\"container\" data-settings=\"{&quot;background_background&quot;:&quot;classic&quot;}\" href=\"\/wordpress\/presse\/\">\n\t\t\t\t\t<div class=\"e-con-inner\">\n\t\t\t\t<div class=\"elementor-element elementor-element-1cb9c3d landing-nav-tab-title elementor-widget elementor-widget-heading\" data-id=\"1cb9c3d\" data-element_type=\"widget\" data-widget_type=\"heading.default\">\n\t\t\t\t<div class=\"elementor-widget-container\">\n\t\t\t<h2 class=\"elementor-heading-title elementor-size-default\">News &amp;<br>Press<\/h2>\t\t<\/div>\n\t\t\t\t<\/div>\n\t\t\t\t\t<\/div>\n\t\t\t\t<\/a>\n\t\t\t\t<\/div>\n\t\t\t\t<\/div>\n\t\t\t\t<div class=\"elementor-element elementor-element-9e8b807 hfe-submenu-icon-plus hfe-nav-menu__breakpoint-none elementor-widget__width-initial hfe-link-redirect-self_link remove-on-md elementor-absolute hfe-nav-menu__align-left elementor-widget elementor-widget-navigation-menu\" data-id=\"9e8b807\" data-element_type=\"widget\" data-settings=\"{&quot;toggle_size&quot;:{&quot;unit&quot;:&quot;px&quot;,&quot;size&quot;:40,&quot;sizes&quot;:[]},&quot;toggle_border_width&quot;:{&quot;unit&quot;:&quot;px&quot;,&quot;size&quot;:0,&quot;sizes&quot;:[]},&quot;_position&quot;:&quot;absolute&quot;,&quot;padding_horizontal_menu_item&quot;:{&quot;unit&quot;:&quot;px&quot;,&quot;size&quot;:15,&quot;sizes&quot;:[]},&quot;padding_horizontal_menu_item_tablet&quot;:{&quot;unit&quot;:&quot;px&quot;,&quot;size&quot;:&quot;&quot;,&quot;sizes&quot;:[]},&quot;padding_horizontal_menu_item_mobile&quot;:{&quot;unit&quot;:&quot;px&quot;,&quot;size&quot;:&quot;&quot;,&quot;sizes&quot;:[]},&quot;padding_vertical_menu_item&quot;:{&quot;unit&quot;:&quot;px&quot;,&quot;size&quot;:15,&quot;sizes&quot;:[]},&quot;padding_vertical_menu_item_tablet&quot;:{&quot;unit&quot;:&quot;px&quot;,&quot;size&quot;:&quot;&quot;,&quot;sizes&quot;:[]},&quot;padding_vertical_menu_item_mobile&quot;:{&quot;unit&quot;:&quot;px&quot;,&quot;size&quot;:&quot;&quot;,&quot;sizes&quot;:[]},&quot;menu_space_between&quot;:{&quot;unit&quot;:&quot;px&quot;,&quot;size&quot;:&quot;&quot;,&quot;sizes&quot;:[]},&quot;menu_space_between_tablet&quot;:{&quot;unit&quot;:&quot;px&quot;,&quot;size&quot;:&quot;&quot;,&quot;sizes&quot;:[]},&quot;menu_space_between_mobile&quot;:{&quot;unit&quot;:&quot;px&quot;,&quot;size&quot;:&quot;&quot;,&quot;sizes&quot;:[]},&quot;dropdown_border_radius&quot;:{&quot;unit&quot;:&quot;px&quot;,&quot;top&quot;:&quot;&quot;,&quot;right&quot;:&quot;&quot;,&quot;bottom&quot;:&quot;&quot;,&quot;left&quot;:&quot;&quot;,&quot;isLinked&quot;:true},&quot;dropdown_border_radius_tablet&quot;:{&quot;unit&quot;:&quot;px&quot;,&quot;top&quot;:&quot;&quot;,&quot;right&quot;:&quot;&quot;,&quot;bottom&quot;:&quot;&quot;,&quot;left&quot;:&quot;&quot;,&quot;isLinked&quot;:true},&quot;dropdown_border_radius_mobile&quot;:{&quot;unit&quot;:&quot;px&quot;,&quot;top&quot;:&quot;&quot;,&quot;right&quot;:&quot;&quot;,&quot;bottom&quot;:&quot;&quot;,&quot;left&quot;:&quot;&quot;,&quot;isLinked&quot;:true},&quot;padding_horizontal_dropdown_item&quot;:{&quot;unit&quot;:&quot;px&quot;,&quot;size&quot;:&quot;&quot;,&quot;sizes&quot;:[]},&quot;padding_horizontal_dropdown_item_tablet&quot;:{&quot;unit&quot;:&quot;px&quot;,&quot;size&quot;:&quot;&quot;,&quot;sizes&quot;:[]},&quot;padding_horizontal_dropdown_item_mobile&quot;:{&quot;unit&quot;:&quot;px&quot;,&quot;size&quot;:&quot;&quot;,&quot;sizes&quot;:[]},&quot;padding_vertical_dropdown_item&quot;:{&quot;unit&quot;:&quot;px&quot;,&quot;size&quot;:15,&quot;sizes&quot;:[]},&quot;padding_vertical_dropdown_item_tablet&quot;:{&quot;unit&quot;:&quot;px&quot;,&quot;size&quot;:&quot;&quot;,&quot;sizes&quot;:[]},&quot;padding_vertical_dropdown_item_mobile&quot;:{&quot;unit&quot;:&quot;px&quot;,&quot;size&quot;:&quot;&quot;,&quot;sizes&quot;:[]},&quot;distance_from_menu&quot;:{&quot;unit&quot;:&quot;px&quot;,&quot;size&quot;:&quot;&quot;,&quot;sizes&quot;:[]},&quot;distance_from_menu_tablet&quot;:{&quot;unit&quot;:&quot;px&quot;,&quot;size&quot;:&quot;&quot;,&quot;sizes&quot;:[]},&quot;distance_from_menu_mobile&quot;:{&quot;unit&quot;:&quot;px&quot;,&quot;size&quot;:&quot;&quot;,&quot;sizes&quot;:[]},&quot;toggle_size_tablet&quot;:{&quot;unit&quot;:&quot;px&quot;,&quot;size&quot;:&quot;&quot;,&quot;sizes&quot;:[]},&quot;toggle_size_mobile&quot;:{&quot;unit&quot;:&quot;px&quot;,&quot;size&quot;:&quot;&quot;,&quot;sizes&quot;:[]},&quot;toggle_border_width_tablet&quot;:{&quot;unit&quot;:&quot;px&quot;,&quot;size&quot;:&quot;&quot;,&quot;sizes&quot;:[]},&quot;toggle_border_width_mobile&quot;:{&quot;unit&quot;:&quot;px&quot;,&quot;size&quot;:&quot;&quot;,&quot;sizes&quot;:[]},&quot;toggle_border_radius&quot;:{&quot;unit&quot;:&quot;px&quot;,&quot;size&quot;:&quot;&quot;,&quot;sizes&quot;:[]},&quot;toggle_border_radius_tablet&quot;:{&quot;unit&quot;:&quot;px&quot;,&quot;size&quot;:&quot;&quot;,&quot;sizes&quot;:[]},&quot;toggle_border_radius_mobile&quot;:{&quot;unit&quot;:&quot;px&quot;,&quot;size&quot;:&quot;&quot;,&quot;sizes&quot;:[]}}\" data-widget_type=\"navigation-menu.default\">\n\t\t\t\t<div class=\"elementor-widget-container\">\n\t\t\t\t\t\t<div class=\"hfe-nav-menu hfe-layout-vertical hfe-nav-menu-layout vertical\" data-layout=\"vertical\">\n\t\t\t\t<div role=\"button\" class=\"hfe-nav-menu__toggle elementor-clickable\">\n\t\t\t\t\t<span class=\"screen-reader-text\">Menu<\/span>\n\t\t\t\t\t<div class=\"hfe-nav-menu-icon\">\n\t\t\t\t\t\t\t\t\t\t\t<\/div>\n\t\t\t\t<\/div>\n\t\t\t\t<nav itemscope=\"itemscope\" itemtype=\"https:\/\/schema.org\/SiteNavigationElement\" class=\"hfe-nav-menu__layout-vertical hfe-nav-menu__submenu-plus\" data-toggle-icon=\"\" data-close-icon=\"\" data-full-width=\"\">\n\t\t\t\t\t<ul id=\"menu-1-9e8b807\" class=\"hfe-nav-menu\"><li id=\"menu-item-5347\" itemprop=\"name\" class=\"menu-item menu-item-type-post_type menu-item-object-page parent hfe-creative-menu\"><a href=\"https:\/\/www.wundzentren.de\/en\/presse\/\" itemprop=\"url\" class = \"hfe-menu-item\">News &amp; Press<\/a><\/li>\n<li id=\"menu-item-5342\" itemprop=\"name\" class=\"menu-item menu-item-type-post_type menu-item-object-page parent hfe-creative-menu\"><a href=\"https:\/\/www.wundzentren.de\/en\/presse\/pressemitteilungen\/\" itemprop=\"url\" class = \"hfe-menu-item\">Press &amp; News<\/a><\/li>\n<li id=\"menu-item-5341\" itemprop=\"name\" class=\"menu-item menu-item-type-post_type menu-item-object-page parent hfe-creative-menu\"><a href=\"https:\/\/www.wundzentren.de\/en\/presse\/messen-veranstaltungen\/\" itemprop=\"url\" class = \"hfe-menu-item\">Trade fairs &amp; Events<\/a><\/li>\n<li id=\"menu-item-5340\" itemprop=\"name\" class=\"menu-item menu-item-type-post_type menu-item-object-page parent hfe-creative-menu\"><a href=\"https:\/\/www.wundzentren.de\/en\/presse\/pressefotos\/\" itemprop=\"url\" class = \"hfe-menu-item\">Press photos<\/a><\/li>\n<li id=\"menu-item-5339\" itemprop=\"name\" class=\"menu-item menu-item-type-post_type menu-item-object-page parent hfe-creative-menu\"><a href=\"https:\/\/www.wundzentren.de\/en\/presse\/ansprechpartner\/\" itemprop=\"url\" class = \"hfe-menu-item\">Contact<\/a><\/li>\n<\/ul> \n\t\t\t\t<\/nav>\n\t\t\t<\/div>\n\t\t\t\t\t<\/div>\n\t\t\t\t<\/div>\n\t\t\t\t\t<\/div>\n\t\t\t\t<\/div>\n\t\t<div class=\"elementor-element elementor-element-aa55129 e-flex e-con-boxed e-con e-parent\" data-id=\"aa55129\" data-element_type=\"container\">\n\t\t\t\t\t<div class=\"e-con-inner\">\n\t\t\t\t<div class=\"elementor-element elementor-element-71a20e3 elementor-widget elementor-widget-image\" data-id=\"71a20e3\" data-element_type=\"widget\" data-widget_type=\"image.default\">\n\t\t\t\t<div class=\"elementor-widget-container\">\n\t\t\t<style>\/*! elementor - v3.21.0 - 26-05-2024 *\/\n.elementor-widget-image{text-align:center}.elementor-widget-image a{display:inline-block}.elementor-widget-image a img[src$=\".svg\"]{width:48px}.elementor-widget-image img{vertical-align:middle;display:inline-block}<\/style>\t\t\t\t\t\t\t\t\t\t<img fetchpriority=\"high\" decoding=\"async\" width=\"880\" height=\"587\" src=\"https:\/\/www.wundzentren.de\/wp-content\/uploads\/2024\/05\/img-teaserimage-2024-01-01-eroeffnung-wz-hh-bergdorf.png\" class=\"attachment-large size-large wp-image-9175\" alt=\"\" \/>\t\t\t\t\t\t\t\t\t\t\t\t\t<\/div>\n\t\t\t\t<\/div>\n\t\t\t\t<div class=\"elementor-element elementor-element-5b9ef76 elementor-widget elementor-widget-heading\" data-id=\"5b9ef76\" data-element_type=\"widget\" data-widget_type=\"heading.default\">\n\t\t\t\t<div class=\"elementor-widget-container\">\n\t\t\t<h2 class=\"elementor-heading-title elementor-size-default\"><dl style=\"-webkit-tap-highlight-color: transparent; box-sizing: inherit; margin-bottom: 10px; font-size: 0.75rem; color: rgb(77, 77, 77); opacity: 0.7; text-transform: uppercase; font-family: Barlow-Medium, Helvetica, Arial, Lucida; white-space-collapse: collapse;\"><dd style=\"-webkit-tap-highlight-color: transparent; box-sizing: inherit; margin-bottom: 0px; margin-left: 0px;\"><time datetime=\"03.08.2023\" style=\"-webkit-tap-highlight-color: transparent; box-sizing: inherit;\">2. JANUAR.2024<\/time><span style=\"color: var( --e-global-color-primary ); font-family: var( --e-global-typography-primary-font-family ), Sans-serif; font-size: 2.5em; font-weight: var( --e-global-typography-primary-font-weight ); white-space-collapse: preserve; text-align: var(--text-align);\"><\/span><\/dd><\/dl><\/h2>\t\t<\/div>\n\t\t\t\t<\/div>\n\t\t\t\t<div class=\"elementor-element elementor-element-67ae0d5 elementor-widget elementor-widget-text-editor\" data-id=\"67ae0d5\" data-element_type=\"widget\" data-widget_type=\"text-editor.default\">\n\t\t\t\t<div class=\"elementor-widget-container\">\n\t\t\t<style>\/*! elementor - v3.21.0 - 26-05-2024 *\/\n.elementor-widget-text-editor.elementor-drop-cap-view-stacked .elementor-drop-cap{background-color:#69727d;color:#fff}.elementor-widget-text-editor.elementor-drop-cap-view-framed .elementor-drop-cap{color:#69727d;border:3px solid;background-color:transparent}.elementor-widget-text-editor:not(.elementor-drop-cap-view-default) .elementor-drop-cap{margin-top:8px}.elementor-widget-text-editor:not(.elementor-drop-cap-view-default) .elementor-drop-cap-letter{width:1em;height:1em}.elementor-widget-text-editor .elementor-drop-cap{float:left;text-align:center;line-height:1;font-size:50px}.elementor-widget-text-editor .elementor-drop-cap-letter{display:inline-block}<\/style>\t\t\t\t<div class=\"b-intro is-no-divider\" style=\"-webkit-tap-highlight-color: transparent; box-sizing: inherit; position: relative; width: 840px; padding-right: 20px; padding-left: 20px; color: #000000; font-family: Barlow-Medium, Helvetica, Arial, Lucida; font-size: medium;\"><header class=\"group\" style=\"-webkit-tap-highlight-color: transparent; box-sizing: inherit;\"><h1 class=\"title\" style=\"-webkit-tap-highlight-color: transparent; box-sizing: inherit; margin-bottom: 20px; font-family: Barlow, Helvetica, Arial, sans-serif; font-size: 2.5rem; line-height: 3rem; color: #8cb8c6;\">Eine weitere spezialisierte Pflegeeinrichtung f\u00fcr chronische und schwer heilende Wunden im M\u00fcnsterland &#8211; WZ-WundZentren GmbH er\u00f6ffnet 24. WZ-WundZentrum Warendorf<\/h1><\/header><div class=\"content b-richtext-content\" style=\"-webkit-tap-highlight-color: transparent; box-sizing: inherit; counter-reset: section 0; width: 800px; color: #777777; font-size: 1.25rem; line-height: 1.6875rem;\"><p style=\"-webkit-tap-highlight-color: transparent; box-sizing: inherit; margin-bottom: 18px; font-size: 1.25rem; line-height: 1.6875rem; font-family: Barlow-Medium, Helvetica, Arial, Lucida, sans-serif;\">D\u00fcsseldorf\/Warendorf, 02.01.2024. Seit Januar 2024 haben Menschen mit chronischen und schwer heilenden Wunden in Warendorf eine neue Anlaufstelle: Das WZ-WundZentrum Warendorf er\u00f6ffnet am 02.01.2024 erstmals seine Behandlungsr\u00e4ume im Gesundheitscampus am Josephs-Hospital, Am Krankenhaus 6 48231 Warendorf.<\/p><\/div><\/div><section class=\"b-article-section\" style=\"-webkit-tap-highlight-color: transparent; box-sizing: inherit; width: 840px;\"><div class=\"b-richtext-content\" style=\"-webkit-tap-highlight-color: transparent; box-sizing: inherit; counter-reset: section 0; padding-right: 20px; padding-left: 20px; width: 840px;\"><p style=\"-webkit-tap-highlight-color: transparent; box-sizing: inherit; margin-bottom: 15px; line-height: 1.625rem;\"><a style=\"color: #8cb8c6; font-family: Barlow-Medium, Helvetica, Arial, Lucida; font-size: 1.15rem; -webkit-tap-highlight-color: transparent; box-sizing: inherit; font-weight: 600;\" href=\"https:\/\/www.wundzentren.de\/wz-de\/resource\/blob\/66654\/477f3083df5ce56ddd1f53fd59d08872\/dl%20-%202024-01-02_Er%C3%B6ffnung_WZ-Warendorf-data.pdf\" target=\"&quot;_blank&quot;\">Download Pressemitteilung (PDF 252 KB)<\/a><br \/><span style=\"text-align: var(--text-align);\"><br \/><span style=\"color: #777777; font-family: Barlow-Medium, Helvetica, Arial, Lucida;\"><span style=\"font-size: 1.15rem; font-weight: var( --e-global-typography-text-font-weight );\">\u201ePatienten mit chronischen und schwer heilenden Wunden wie zum Beispiel dem \u201eoffenen Bein\u201c (Ulcus cruris), dem Druckgeschw\u00fcr (Dekubitus) oder dem diabetischen Fu\u00df haben meist einen langen Leidensweg hinter sich. Wir freuen uns sehr, nun auch Betroffene aus dem M\u00fcnsterland, neben Bielefeld, in unseren R\u00e4umlichkeiten in Warendorf begr\u00fc\u00dfen zu d\u00fcrfen\u201c. so Andr\u00e9 Lantin, Gesch\u00e4ftsf\u00fchrer und Gr\u00fcnder der WZ-WundZentren GmbH.<\/span><span style=\"font-size: 18.4px;\"><br \/><\/span><\/span><\/span><span style=\"text-align: var(--text-align);\"><span style=\"color: #777777; font-family: Barlow-Medium, Helvetica, Arial, Lucida;\"><span style=\"font-size: 18.4px;\"><br \/><\/span><\/span><span style=\"color: #a88165; font-family: Barlow, Helvetica, Arial, Lucida, sans-serif;\"><span style=\"font-size: 1.25rem;\"><b>Patient im Mittelpunkt<\/b><\/span><\/span><\/span><\/p><p style=\"color: #777777; font-family: Barlow-Medium, Helvetica, Arial, Lucida; font-size: 1.15rem; -webkit-tap-highlight-color: transparent; box-sizing: inherit; margin-bottom: 15px; line-height: 1.625rem;\">Die Kompetenz der spezialisierten Pflegefachpersonen des WZ-WundZentrum Warendorf liegt in der ambulanten Wundbehandlung, bei der die Wundheilung, die Lebensqualit\u00e4t und die umfassende, ganzheitliche Betreuung der Patient:innen im Vordergrund stehen.<br style=\"-webkit-tap-highlight-color: transparent; box-sizing: inherit;\" \/>Das hochqualifizierte Team des WZ-WundZentrums Warendorf nimmt sich in seinen Behandlungsr\u00e4umen ausreichend Zeit f\u00fcr eine umfassende Pflegeanamnese, Beratung, Behandlung und Koordination aller notwendigen Ma\u00dfnahmen. Oberstes Ziel dabei ist es, ein schnelles Abheilen der Wunden und dadurch ein beschwerdefreies Leben der Patient:innen zu erm\u00f6glichen.<\/p><p style=\"color: #777777; font-family: Barlow-Medium, Helvetica, Arial, Lucida; font-size: 1.15rem; -webkit-tap-highlight-color: transparent; box-sizing: inherit; margin-bottom: 15px; line-height: 1.625rem;\">Als spezialisierte Einrichtungen, die sich auf die Behandlung von chronischen und schwer heilenden Wunden spezialisiert haben, werden die Leistungen der WZ-WundZentren \u00fcber\u00a0<span style=\"-webkit-tap-highlight-color: transparent; box-sizing: inherit; font-weight: 600;\">\u00a7 37 Abs. 7 SGB V<\/span>\u00a0auf der Grundlage der h\u00e4uslichen Krankenpflege bei den Krankenkassen geltend gemacht. Dabei hat jeder, auch gesetzliche Versicherte, einen Versorgungsanspruch, wodurch die Krankenkassen die Leistungen erstattet.<br \/><br \/><\/p><p style=\"color: #777777; font-family: Barlow-Medium, Helvetica, Arial, Lucida; font-size: 1.15rem; -webkit-tap-highlight-color: transparent; box-sizing: inherit; margin-bottom: 15px; line-height: 1.625rem;\">\u00a0<\/p><p style=\"color: #777777; font-family: Barlow-Medium, Helvetica, Arial, Lucida; font-size: 1.15rem; -webkit-tap-highlight-color: transparent; box-sizing: inherit; margin-bottom: 15px; line-height: 1.625rem;\">\u00a0<\/p><div class=\"b-richtext-content textFragment\" style=\"color: #777777; font-family: Barlow-Medium, Helvetica, Arial, Lucida; font-size: medium; -webkit-tap-highlight-color: transparent; box-sizing: inherit; counter-reset: none; width: 800px;\"><h5 style=\"-webkit-tap-highlight-color: transparent; box-sizing: inherit; font-weight: 400; margin-top: 15px; margin-bottom: 12px; font-family: Barlow-Medium, Helvetica, Arial, Lucida; border: 1px solid #a88165; font-size: 1.15rem; line-height: 1.625rem; padding: 20px; box-shadow: #a88165 0px 1px 10px;\"><span class=\"underline\" style=\"-webkit-tap-highlight-color: transparent; box-sizing: inherit; text-decoration-line: underline;\">About WCC-WoundCareCenters<\/span><br style=\"-webkit-tap-highlight-color: transparent; box-sizing: inherit;\" \/>Seit 2008 konnten mit dem bew\u00e4hrten Behandlungskonzept der WZ-Wundzentren mehr als 45.000 Patienten an aktuell 24 Standorten in Deutschland erfolgreich behandelt werden.\u00a0 Die WZ-WundZentren sind spezialisierte ambulante Einrichtungen mit h\u00f6chsten hygienischen Standards, in denen ausschlie\u00dflich Patienten mit chronischen und schwer heilenden Wunden behandelt werden. WZ-WundZentren sind durch das HHVG (Heil-Hilfsmittel-Versorgungs-Gesetz) als eigenst\u00e4ndiger Leistungserbringer im Sinne des SGB V (Sozialgesetzbuch) definiert. Die Leistungen in den WZ-WundZentren als spezialisierte Einrichtungen, die sich auf die Behandlung von chronischen und schwer heilenden Wunden spezialisiert haben, werden von den Krankenkassen \u00fcber \u00a7 37 Abs. 7 SGB V auf der Grundlage der h\u00e4uslichen Krankenpflege geltend gemacht. Dort arbeiten Pflegefachpersonen, die zus\u00e4tzlich zu ihrer 3-j\u00e4hrigen Ausbildung in der Kranken- oder Altenpflege \u00fcber eine spezialisierte Zusatzqualifikation in der Wundbehandlung verf\u00fcgen.<br style=\"-webkit-tap-highlight-color: transparent; box-sizing: inherit;\" \/><br style=\"-webkit-tap-highlight-color: transparent; box-sizing: inherit;\" \/>Die WZ-WundZentren GmbH mit Sitz in D\u00fcsseldorf ist ein Unternehmen der recucare Gruppe.<br style=\"-webkit-tap-highlight-color: transparent; box-sizing: inherit;\" \/><br style=\"-webkit-tap-highlight-color: transparent; box-sizing: inherit;\" \/>Weitere Informationen unter\u00a0<a style=\"-webkit-tap-highlight-color: transparent; box-sizing: inherit; color: #8cb8c6; font-weight: 600;\" href=\"http:\/\/www.wundzentren.de\/\">www.wundzentren.de<\/a><\/h5><\/div><\/div><\/section>\t\t\t\t\t\t<\/div>\n\t\t\t\t<\/div>\n\t\t\t\t\t<\/div>\n\t\t\t\t<\/div>\n\t\t\t\t<\/div>","protected":false},"excerpt":{"rendered":"<p>Unternehmen &amp; Leistungen Wundlexikon Standorte Jobs &amp;amp Karriere Neuigkeiten &amp; Presse Menu Neuigkeiten &amp; Presse Presse &amp; Aktuelles Messen \u2013 Veranstaltungen Presse-Fotos Ansprechpartner 2. JANUAR.2024 Eine weitere spezialisierte Pflegeeinrichtung f\u00fcr chronische und schwer heilende Wunden im M\u00fcnsterland &#8211; WZ-WundZentren GmbH er\u00f6ffnet 24. WZ-WundZentrum Warendorf D\u00fcsseldorf\/Warendorf, 02.01.2024. Seit Januar 2024 haben Menschen mit chronischen und schwer&#8230;<\/p>","protected":false},"author":1,"featured_media":0,"comment_status":"closed","ping_status":"open","sticky":false,"template":"","format":"standard","meta":{"footnotes":""},"categories":[1],"tags":[],"class_list":["post-8602","post","type-post","status-publish","format-standard","hentry","category-allgemein"],"yoast_head":"<!-- This site is optimized with the Yoast SEO plugin v24.4 - https:\/\/yoast.com\/wordpress\/plugins\/seo\/ -->\n<title>Spezialisierte ambulante Wundbehandlung im M\u00fcnsterland - WZ-WundZentren: Ihr Spezialist f\u00fcr die Behandlung von chronischen und schwer heilenden Wunden<\/title>\n<meta name=\"robots\" content=\"index, follow, max-snippet:-1, max-image-preview:large, max-video-preview:-1\" \/>\n<link rel=\"canonical\" href=\"https:\/\/www.wundzentren.de\/en\/2024\/01\/02\/wzwarendorf\/\" \/>\n<meta property=\"og:locale\" content=\"en_GB\" \/>\n<meta property=\"og:type\" content=\"article\" \/>\n<meta property=\"og:title\" content=\"Spezialisierte ambulante Wundbehandlung im M\u00fcnsterland - WZ-WundZentren: Ihr Spezialist f\u00fcr die Behandlung von chronischen und schwer heilenden Wunden\" \/>\n<meta property=\"og:description\" content=\"Unternehmen &amp; Leistungen Wundlexikon Standorte Jobs &amp;amp Karriere Neuigkeiten &amp; Presse Menu Neuigkeiten &amp; Presse Presse &amp; Aktuelles Messen \u2013 Veranstaltungen Presse-Fotos Ansprechpartner 2. JANUAR.2024 Eine weitere spezialisierte Pflegeeinrichtung f\u00fcr chronische und schwer heilende Wunden im M\u00fcnsterland &#8211; WZ-WundZentren GmbH er\u00f6ffnet 24. WZ-WundZentrum Warendorf D\u00fcsseldorf\/Warendorf, 02.01.2024. Seit Januar 2024 haben Menschen mit chronischen und schwer...\" \/>\n<meta property=\"og:url\" content=\"https:\/\/www.wundzentren.de\/en\/2024\/01\/02\/wzwarendorf\/\" \/>\n<meta property=\"og:site_name\" content=\"WZ-WundZentren: Ihr Spezialist f\u00fcr die Behandlung von chronischen und schwer heilenden Wunden\" \/>\n<meta property=\"article:published_time\" content=\"2024-01-02T03:48:43+00:00\" \/>\n<meta property=\"article:modified_time\" content=\"2025-11-05T18:55:08+00:00\" \/>\n<meta property=\"og:image\" content=\"https:\/\/wz.wz-medcubes.de\/wp-content\/uploads\/2024\/05\/img-teaserimage-2024-01-01-eroeffnung-wz-hh-bergdorf.png\" \/>\n<meta name=\"author\" content=\"wundzentren\" \/>\n<meta name=\"twitter:card\" content=\"summary_large_image\" \/>\n<meta name=\"twitter:label1\" content=\"Written by\" \/>\n\t<meta name=\"twitter:data1\" content=\"wundzentren\" \/>\n\t<meta name=\"twitter:label2\" content=\"Estimated reading time\" \/>\n\t<meta name=\"twitter:data2\" content=\"3 minutes\" \/>\n<script type=\"application\/ld+json\" class=\"yoast-schema-graph\">{\"@context\":\"https:\/\/schema.org\",\"@graph\":[{\"@type\":\"WebPage\",\"@id\":\"https:\/\/www.wundzentren.de\/2024\/01\/02\/wzwarendorf\/\",\"url\":\"https:\/\/www.wundzentren.de\/2024\/01\/02\/wzwarendorf\/\",\"name\":\"Spezialisierte ambulante Wundbehandlung im M\u00fcnsterland - WZ-WundZentren: Ihr Spezialist f\u00fcr die Behandlung von chronischen und schwer heilenden Wunden\",\"isPartOf\":{\"@id\":\"https:\/\/www.wundzentren.de\/#website\"},\"primaryImageOfPage\":{\"@id\":\"https:\/\/www.wundzentren.de\/2024\/01\/02\/wzwarendorf\/#primaryimage\"},\"image\":{\"@id\":\"https:\/\/www.wundzentren.de\/2024\/01\/02\/wzwarendorf\/#primaryimage\"},\"thumbnailUrl\":\"https:\/\/wz.wz-medcubes.de\/wp-content\/uploads\/2024\/05\/img-teaserimage-2024-01-01-eroeffnung-wz-hh-bergdorf.png\",\"datePublished\":\"2024-01-02T03:48:43+00:00\",\"dateModified\":\"2025-11-05T18:55:08+00:00\",\"author\":{\"@id\":\"https:\/\/www.wundzentren.de\/#\/schema\/person\/31764b4b2cface4d0a6c2fd0d39dcfeb\"},\"breadcrumb\":{\"@id\":\"https:\/\/www.wundzentren.de\/2024\/01\/02\/wzwarendorf\/#breadcrumb\"},\"inLanguage\":\"en-GB\",\"potentialAction\":[{\"@type\":\"ReadAction\",\"target\":[\"https:\/\/www.wundzentren.de\/2024\/01\/02\/wzwarendorf\/\"]}]},{\"@type\":\"ImageObject\",\"inLanguage\":\"en-GB\",\"@id\":\"https:\/\/www.wundzentren.de\/2024\/01\/02\/wzwarendorf\/#primaryimage\",\"url\":\"https:\/\/wz.wz-medcubes.de\/wp-content\/uploads\/2024\/05\/img-teaserimage-2024-01-01-eroeffnung-wz-hh-bergdorf.png\",\"contentUrl\":\"https:\/\/wz.wz-medcubes.de\/wp-content\/uploads\/2024\/05\/img-teaserimage-2024-01-01-eroeffnung-wz-hh-bergdorf.png\"},{\"@type\":\"BreadcrumbList\",\"@id\":\"https:\/\/www.wundzentren.de\/2024\/01\/02\/wzwarendorf\/#breadcrumb\",\"itemListElement\":[{\"@type\":\"ListItem\",\"position\":1,\"name\":\"Startseite\",\"item\":\"https:\/\/www.wundzentren.de\/\"},{\"@type\":\"ListItem\",\"position\":2,\"name\":\"Spezialisierte ambulante Wundbehandlung im M\u00fcnsterland\"}]},{\"@type\":\"WebSite\",\"@id\":\"https:\/\/www.wundzentren.de\/#website\",\"url\":\"https:\/\/www.wundzentren.de\/\",\"name\":\"WZ-WundZentren: Ihr Spezialist f\u00fcr die Behandlung von chronischen und schwer heilenden Wunden\",\"description\":\"\",\"potentialAction\":[{\"@type\":\"SearchAction\",\"target\":{\"@type\":\"EntryPoint\",\"urlTemplate\":\"https:\/\/www.wundzentren.de\/?s={search_term_string}\"},\"query-input\":{\"@type\":\"PropertyValueSpecification\",\"valueRequired\":true,\"valueName\":\"search_term_string\"}}],\"inLanguage\":\"en-GB\"},{\"@type\":\"Person\",\"@id\":\"https:\/\/www.wundzentren.de\/#\/schema\/person\/31764b4b2cface4d0a6c2fd0d39dcfeb\",\"name\":\"wundzentren\",\"image\":{\"@type\":\"ImageObject\",\"inLanguage\":\"en-GB\",\"@id\":\"https:\/\/www.wundzentren.de\/#\/schema\/person\/image\/\",\"url\":\"https:\/\/secure.gravatar.com\/avatar\/6aaf6a53554b39bea64f00cf30fefb0c4f2fa1767df7fd480c50d6b0b696112c?s=96&d=mm&r=g\",\"contentUrl\":\"https:\/\/secure.gravatar.com\/avatar\/6aaf6a53554b39bea64f00cf30fefb0c4f2fa1767df7fd480c50d6b0b696112c?s=96&d=mm&r=g\",\"caption\":\"wundzentren\"},\"sameAs\":[\"https:\/\/wz.wz-medcubes.de\"],\"url\":\"https:\/\/www.wundzentren.de\/en\/author\/wundzentren\/\"}]}<\/script>\n<!-- \/ Yoast SEO plugin. -->","yoast_head_json":{"title":"Spezialisierte ambulante Wundbehandlung im M\u00fcnsterland - WZ-WundZentren: Ihr Spezialist f\u00fcr die Behandlung von chronischen und schwer heilenden Wunden","robots":{"index":"index","follow":"follow","max-snippet":"max-snippet:-1","max-image-preview":"max-image-preview:large","max-video-preview":"max-video-preview:-1"},"canonical":"https:\/\/www.wundzentren.de\/en\/2024\/01\/02\/wzwarendorf\/","og_locale":"en_GB","og_type":"article","og_title":"Spezialisierte ambulante Wundbehandlung im M\u00fcnsterland - WZ-WundZentren: Ihr Spezialist f\u00fcr die Behandlung von chronischen und schwer heilenden Wunden","og_description":"Unternehmen &amp; Leistungen Wundlexikon Standorte Jobs &amp;amp Karriere Neuigkeiten &amp; Presse Menu Neuigkeiten &amp; Presse Presse &amp; Aktuelles Messen \u2013 Veranstaltungen Presse-Fotos Ansprechpartner 2. JANUAR.2024 Eine weitere spezialisierte Pflegeeinrichtung f\u00fcr chronische und schwer heilende Wunden im M\u00fcnsterland &#8211; WZ-WundZentren GmbH er\u00f6ffnet 24. WZ-WundZentrum Warendorf D\u00fcsseldorf\/Warendorf, 02.01.2024. Seit Januar 2024 haben Menschen mit chronischen und schwer...","og_url":"https:\/\/www.wundzentren.de\/en\/2024\/01\/02\/wzwarendorf\/","og_site_name":"WZ-WundZentren: Ihr Spezialist f\u00fcr die Behandlung von chronischen und schwer heilenden Wunden","article_published_time":"2024-01-02T03:48:43+00:00","article_modified_time":"2025-11-05T18:55:08+00:00","og_image":[{"url":"https:\/\/wz.wz-medcubes.de\/wp-content\/uploads\/2024\/05\/img-teaserimage-2024-01-01-eroeffnung-wz-hh-bergdorf.png","type":"","width":"","height":""}],"author":"wundzentren","twitter_card":"summary_large_image","twitter_misc":{"Written by":"wundzentren","Estimated reading time":"3 minutes"},"schema":{"@context":"https:\/\/schema.org","@graph":[{"@type":"WebPage","@id":"https:\/\/www.wundzentren.de\/2024\/01\/02\/wzwarendorf\/","url":"https:\/\/www.wundzentren.de\/2024\/01\/02\/wzwarendorf\/","name":"Spezialisierte ambulante Wundbehandlung im M\u00fcnsterland - WZ-WundZentren: Ihr Spezialist f\u00fcr die Behandlung von chronischen und schwer heilenden Wunden","isPartOf":{"@id":"https:\/\/www.wundzentren.de\/#website"},"primaryImageOfPage":{"@id":"https:\/\/www.wundzentren.de\/2024\/01\/02\/wzwarendorf\/#primaryimage"},"image":{"@id":"https:\/\/www.wundzentren.de\/2024\/01\/02\/wzwarendorf\/#primaryimage"},"thumbnailUrl":"https:\/\/wz.wz-medcubes.de\/wp-content\/uploads\/2024\/05\/img-teaserimage-2024-01-01-eroeffnung-wz-hh-bergdorf.png","datePublished":"2024-01-02T03:48:43+00:00","dateModified":"2025-11-05T18:55:08+00:00","author":{"@id":"https:\/\/www.wundzentren.de\/#\/schema\/person\/31764b4b2cface4d0a6c2fd0d39dcfeb"},"breadcrumb":{"@id":"https:\/\/www.wundzentren.de\/2024\/01\/02\/wzwarendorf\/#breadcrumb"},"inLanguage":"en-GB","potentialAction":[{"@type":"ReadAction","target":["https:\/\/www.wundzentren.de\/2024\/01\/02\/wzwarendorf\/"]}]},{"@type":"ImageObject","inLanguage":"en-GB","@id":"https:\/\/www.wundzentren.de\/2024\/01\/02\/wzwarendorf\/#primaryimage","url":"https:\/\/wz.wz-medcubes.de\/wp-content\/uploads\/2024\/05\/img-teaserimage-2024-01-01-eroeffnung-wz-hh-bergdorf.png","contentUrl":"https:\/\/wz.wz-medcubes.de\/wp-content\/uploads\/2024\/05\/img-teaserimage-2024-01-01-eroeffnung-wz-hh-bergdorf.png"},{"@type":"BreadcrumbList","@id":"https:\/\/www.wundzentren.de\/2024\/01\/02\/wzwarendorf\/#breadcrumb","itemListElement":[{"@type":"ListItem","position":1,"name":"Startseite","item":"https:\/\/www.wundzentren.de\/"},{"@type":"ListItem","position":2,"name":"Spezialisierte ambulante Wundbehandlung im M\u00fcnsterland"}]},{"@type":"WebSite","@id":"https:\/\/www.wundzentren.de\/#website","url":"https:\/\/www.wundzentren.de\/","name":"WZ-WundZentren: Ihr Spezialist f\u00fcr die Behandlung von chronischen und schwer heilenden Wunden","description":"","potentialAction":[{"@type":"SearchAction","target":{"@type":"EntryPoint","urlTemplate":"https:\/\/www.wundzentren.de\/?s={search_term_string}"},"query-input":{"@type":"PropertyValueSpecification","valueRequired":true,"valueName":"search_term_string"}}],"inLanguage":"en-GB"},{"@type":"Person","@id":"https:\/\/www.wundzentren.de\/#\/schema\/person\/31764b4b2cface4d0a6c2fd0d39dcfeb","name":"wundzentren","image":{"@type":"ImageObject","inLanguage":"en-GB","@id":"https:\/\/www.wundzentren.de\/#\/schema\/person\/image\/","url":"https:\/\/secure.gravatar.com\/avatar\/6aaf6a53554b39bea64f00cf30fefb0c4f2fa1767df7fd480c50d6b0b696112c?s=96&d=mm&r=g","contentUrl":"https:\/\/secure.gravatar.com\/avatar\/6aaf6a53554b39bea64f00cf30fefb0c4f2fa1767df7fd480c50d6b0b696112c?s=96&d=mm&r=g","caption":"wundzentren"},"sameAs":["https:\/\/wz.wz-medcubes.de"],"url":"https:\/\/www.wundzentren.de\/en\/author\/wundzentren\/"}]}},"rttpg_featured_image_url":null,"rttpg_author":{"display_name":"wundzentren","author_link":"https:\/\/www.wundzentren.de\/en\/author\/wundzentren\/"},"rttpg_comment":10,"rttpg_category":"<a href=\"https:\/\/www.wundzentren.de\/en\/category\/allgemein\/\" rel=\"category tag\">Allgemein<\/a>","rttpg_excerpt":"Unternehmen &amp; Leistungen Wundlexikon Standorte Jobs &amp;amp Karriere Neuigkeiten &amp; Presse Menu Neuigkeiten &amp; Presse Presse &amp; Aktuelles Messen \u2013 Veranstaltungen Presse-Fotos Ansprechpartner 2. JANUAR.2024 Eine weitere spezialisierte Pflegeeinrichtung f\u00fcr chronische und schwer heilende Wunden im M\u00fcnsterland &#8211; WZ-WundZentren GmbH er\u00f6ffnet 24. WZ-WundZentrum Warendorf D\u00fcsseldorf\/Warendorf, 02.01.2024. Seit Januar 2024 haben Menschen mit chronischen und schwer...","_links":{"self":[{"href":"https:\/\/www.wundzentren.de\/en\/wp-json\/wp\/v2\/posts\/8602","targetHints":{"allow":["GET"]}}],"collection":[{"href":"https:\/\/www.wundzentren.de\/en\/wp-json\/wp\/v2\/posts"}],"about":[{"href":"https:\/\/www.wundzentren.de\/en\/wp-json\/wp\/v2\/types\/post"}],"author":[{"embeddable":true,"href":"https:\/\/www.wundzentren.de\/en\/wp-json\/wp\/v2\/users\/1"}],"replies":[{"embeddable":true,"href":"https:\/\/www.wundzentren.de\/en\/wp-json\/wp\/v2\/comments?post=8602"}],"version-history":[{"count":22,"href":"https:\/\/www.wundzentren.de\/en\/wp-json\/wp\/v2\/posts\/8602\/revisions"}],"predecessor-version":[{"id":11197,"href":"https:\/\/www.wundzentren.de\/en\/wp-json\/wp\/v2\/posts\/8602\/revisions\/11197"}],"wp:attachment":[{"href":"https:\/\/www.wundzentren.de\/en\/wp-json\/wp\/v2\/media?parent=8602"}],"wp:term":[{"taxonomy":"category","embeddable":true,"href":"https:\/\/www.wundzentren.de\/en\/wp-json\/wp\/v2\/categories?post=8602"},{"taxonomy":"post_tag","embeddable":true,"href":"https:\/\/www.wundzentren.de\/en\/wp-json\/wp\/v2\/tags?post=8602"}],"curies":[{"name":"wp","href":"https:\/\/api.w.org\/{rel}","templated":true}]}}