{"id":8597,"date":"2023-06-07T04:47:02","date_gmt":"2023-06-07T02:47:02","guid":{"rendered":"https:\/\/wz.wz-medcubes.de\/?p=8597"},"modified":"2025-11-05T19:55:08","modified_gmt":"2025-11-05T18:55:08","slug":"aok-baden-wuerttemberg-zu-besuch-im-wz-wundzentrum-heidelberg","status":"publish","type":"post","link":"https:\/\/www.wundzentren.de\/en\/2023\/06\/07\/aok-baden-wuerttemberg-zu-besuch-im-wz-wundzentrum-heidelberg\/","title":{"rendered":"AOK-Baden-W\u00fcrttemberg zu Besuch im WZ-Wundzentrum Heidelberg"},"content":{"rendered":"<div data-elementor-type=\"wp-post\" data-elementor-id=\"8597\" class=\"elementor elementor-8597\">\n\t\t\t\t<div class=\"elementor-element elementor-element-d22b0ff e-flex e-con-boxed e-con e-child\" data-id=\"d22b0ff\" data-element_type=\"container\" data-settings=\"{&quot;background_background&quot;:&quot;slideshow&quot;,&quot;background_slideshow_gallery&quot;:[{&quot;id&quot;:12,&quot;url&quot;:&quot;https:\\\/\\\/wz.wz-medcubes.de\\\/wp-content\\\/uploads\\\/2024\\\/02\\\/img-headerbild-wundbehandlung-1.jpg&quot;}],&quot;background_slideshow_transition_duration&quot;:20,&quot;background_slideshow_loop&quot;:&quot;yes&quot;,&quot;background_slideshow_slide_duration&quot;:5000,&quot;background_slideshow_slide_transition&quot;:&quot;fade&quot;}\">\n\t\t\t\t\t<div class=\"e-con-inner\">\n\t\t<div class=\"elementor-element elementor-element-f940939 e-con-full e-flex e-con e-child\" data-id=\"f940939\" data-element_type=\"container\" data-settings=\"{&quot;background_background&quot;:&quot;slideshow&quot;,&quot;background_slideshow_gallery&quot;:[],&quot;background_slideshow_loop&quot;:&quot;yes&quot;,&quot;background_slideshow_slide_duration&quot;:5000,&quot;background_slideshow_slide_transition&quot;:&quot;fade&quot;,&quot;background_slideshow_transition_duration&quot;:500}\">\n\t\t<div class=\"elementor-element elementor-element-bd86df2 e-con-full e-flex e-con e-child\" data-id=\"bd86df2\" data-element_type=\"container\">\n\t\t<a class=\"elementor-element elementor-element-5494982 landing-nav-tab-hover e-flex e-con-boxed e-con e-child\" data-id=\"5494982\" data-element_type=\"container\" data-settings=\"{&quot;background_background&quot;:&quot;classic&quot;}\" href=\"\/wordpress\/unternehmen-leistungen\/\">\n\t\t\t\t\t<div class=\"e-con-inner\">\n\t\t\t\t<div class=\"elementor-element elementor-element-822f64d landing-nav-tab-title elementor-widget elementor-widget-heading\" data-id=\"822f64d\" data-element_type=\"widget\" data-widget_type=\"heading.default\">\n\t\t\t\t<div class=\"elementor-widget-container\">\n\t\t\t<style>\/*! elementor - v3.21.0 - 26-05-2024 *\/\n.elementor-heading-title{padding:0;margin:0;line-height:1}.elementor-widget-heading .elementor-heading-title[class*=elementor-size-]>a{color:inherit;font-size:inherit;line-height:inherit}.elementor-widget-heading .elementor-heading-title.elementor-size-small{font-size:15px}.elementor-widget-heading .elementor-heading-title.elementor-size-medium{font-size:19px}.elementor-widget-heading .elementor-heading-title.elementor-size-large{font-size:29px}.elementor-widget-heading .elementor-heading-title.elementor-size-xl{font-size:39px}.elementor-widget-heading .elementor-heading-title.elementor-size-xxl{font-size:59px}<\/style><h2 class=\"elementor-heading-title elementor-size-default\">Company &amp; <br>Services<\/h2>\t\t<\/div>\n\t\t\t\t<\/div>\n\t\t\t\t\t<\/div>\n\t\t\t\t<\/a>\n\t\t\t\t<\/div>\n\t\t<div class=\"elementor-element elementor-element-e0d8f86 e-con-full e-flex e-con e-child\" data-id=\"e0d8f86\" data-element_type=\"container\">\n\t\t<a class=\"elementor-element elementor-element-6333b40 landing-nav-tab-hover e-flex e-con-boxed e-con e-child\" data-id=\"6333b40\" data-element_type=\"container\" data-settings=\"{&quot;background_background&quot;:&quot;classic&quot;}\" href=\"\/wordpress\/wundlexikon\/\">\n\t\t\t\t\t<div class=\"e-con-inner\">\n\t\t\t\t<div class=\"elementor-element elementor-element-4c8f6d9 landing-nav-tab-title elementor-widget elementor-widget-heading\" data-id=\"4c8f6d9\" data-element_type=\"widget\" data-widget_type=\"heading.default\">\n\t\t\t\t<div class=\"elementor-widget-container\">\n\t\t\t<h2 class=\"elementor-heading-title elementor-size-default\">Wound dictionary<\/h2>\t\t<\/div>\n\t\t\t\t<\/div>\n\t\t\t\t\t<\/div>\n\t\t\t\t<\/a>\n\t\t\t\t<\/div>\n\t\t<div class=\"elementor-element elementor-element-2dde0e0 e-con-full e-flex e-con e-child\" data-id=\"2dde0e0\" data-element_type=\"container\">\n\t\t<a class=\"elementor-element elementor-element-0399bcc landing-nav-tab-hover e-flex e-con-boxed e-con e-child\" data-id=\"0399bcc\" data-element_type=\"container\" data-settings=\"{&quot;background_background&quot;:&quot;classic&quot;}\" href=\"\/wordpress\/standorte\/\">\n\t\t\t\t\t<div class=\"e-con-inner\">\n\t\t\t\t<div class=\"elementor-element elementor-element-8b77454 landing-nav-tab-title elementor-widget elementor-widget-heading\" data-id=\"8b77454\" data-element_type=\"widget\" data-widget_type=\"heading.default\">\n\t\t\t\t<div class=\"elementor-widget-container\">\n\t\t\t<h2 class=\"elementor-heading-title elementor-size-default\">Locations<\/h2>\t\t<\/div>\n\t\t\t\t<\/div>\n\t\t\t\t\t<\/div>\n\t\t\t\t<\/a>\n\t\t\t\t<\/div>\n\t\t<div class=\"elementor-element elementor-element-d534acb e-con-full e-flex e-con e-child\" data-id=\"d534acb\" data-element_type=\"container\">\n\t\t<a class=\"elementor-element elementor-element-acd11be landing-nav-tab-hover e-flex e-con-boxed e-con e-child\" data-id=\"acd11be\" data-element_type=\"container\" data-settings=\"{&quot;background_background&quot;:&quot;classic&quot;}\" href=\"\/wordpress\/karriere\/\">\n\t\t\t\t\t<div class=\"e-con-inner\">\n\t\t\t\t<div class=\"elementor-element elementor-element-d8c8c54 landing-nav-tab-title elementor-widget elementor-widget-heading\" data-id=\"d8c8c54\" data-element_type=\"widget\" data-widget_type=\"heading.default\">\n\t\t\t\t<div class=\"elementor-widget-container\">\n\t\t\t<h2 class=\"elementor-heading-title elementor-size-default\">Jobs and career<\/h2>\t\t<\/div>\n\t\t\t\t<\/div>\n\t\t\t\t\t<\/div>\n\t\t\t\t<\/a>\n\t\t\t\t<\/div>\n\t\t<div class=\"elementor-element elementor-element-3bba889 e-con-full e-flex e-con e-child\" data-id=\"3bba889\" data-element_type=\"container\">\n\t\t<a class=\"elementor-element elementor-element-618bd50 landing-nav-tab-hover e-flex e-con-boxed e-con e-child\" data-id=\"618bd50\" data-element_type=\"container\" data-settings=\"{&quot;background_background&quot;:&quot;classic&quot;}\" href=\"\/wordpress\/presse\/\">\n\t\t\t\t\t<div class=\"e-con-inner\">\n\t\t\t\t<div class=\"elementor-element elementor-element-bc5ca9c landing-nav-tab-title elementor-widget elementor-widget-heading\" data-id=\"bc5ca9c\" data-element_type=\"widget\" data-widget_type=\"heading.default\">\n\t\t\t\t<div class=\"elementor-widget-container\">\n\t\t\t<h2 class=\"elementor-heading-title elementor-size-default\">News &amp;<br>Press<\/h2>\t\t<\/div>\n\t\t\t\t<\/div>\n\t\t\t\t\t<\/div>\n\t\t\t\t<\/a>\n\t\t\t\t<\/div>\n\t\t\t\t<\/div>\n\t\t\t\t<div class=\"elementor-element elementor-element-edddb46 hfe-submenu-icon-plus hfe-nav-menu__breakpoint-none elementor-widget__width-initial hfe-link-redirect-self_link remove-on-md elementor-absolute hfe-nav-menu__align-left elementor-widget elementor-widget-navigation-menu\" data-id=\"edddb46\" data-element_type=\"widget\" data-settings=\"{&quot;toggle_size&quot;:{&quot;unit&quot;:&quot;px&quot;,&quot;size&quot;:40,&quot;sizes&quot;:[]},&quot;toggle_border_width&quot;:{&quot;unit&quot;:&quot;px&quot;,&quot;size&quot;:0,&quot;sizes&quot;:[]},&quot;_position&quot;:&quot;absolute&quot;,&quot;padding_horizontal_menu_item&quot;:{&quot;unit&quot;:&quot;px&quot;,&quot;size&quot;:15,&quot;sizes&quot;:[]},&quot;padding_horizontal_menu_item_tablet&quot;:{&quot;unit&quot;:&quot;px&quot;,&quot;size&quot;:&quot;&quot;,&quot;sizes&quot;:[]},&quot;padding_horizontal_menu_item_mobile&quot;:{&quot;unit&quot;:&quot;px&quot;,&quot;size&quot;:&quot;&quot;,&quot;sizes&quot;:[]},&quot;padding_vertical_menu_item&quot;:{&quot;unit&quot;:&quot;px&quot;,&quot;size&quot;:15,&quot;sizes&quot;:[]},&quot;padding_vertical_menu_item_tablet&quot;:{&quot;unit&quot;:&quot;px&quot;,&quot;size&quot;:&quot;&quot;,&quot;sizes&quot;:[]},&quot;padding_vertical_menu_item_mobile&quot;:{&quot;unit&quot;:&quot;px&quot;,&quot;size&quot;:&quot;&quot;,&quot;sizes&quot;:[]},&quot;menu_space_between&quot;:{&quot;unit&quot;:&quot;px&quot;,&quot;size&quot;:&quot;&quot;,&quot;sizes&quot;:[]},&quot;menu_space_between_tablet&quot;:{&quot;unit&quot;:&quot;px&quot;,&quot;size&quot;:&quot;&quot;,&quot;sizes&quot;:[]},&quot;menu_space_between_mobile&quot;:{&quot;unit&quot;:&quot;px&quot;,&quot;size&quot;:&quot;&quot;,&quot;sizes&quot;:[]},&quot;dropdown_border_radius&quot;:{&quot;unit&quot;:&quot;px&quot;,&quot;top&quot;:&quot;&quot;,&quot;right&quot;:&quot;&quot;,&quot;bottom&quot;:&quot;&quot;,&quot;left&quot;:&quot;&quot;,&quot;isLinked&quot;:true},&quot;dropdown_border_radius_tablet&quot;:{&quot;unit&quot;:&quot;px&quot;,&quot;top&quot;:&quot;&quot;,&quot;right&quot;:&quot;&quot;,&quot;bottom&quot;:&quot;&quot;,&quot;left&quot;:&quot;&quot;,&quot;isLinked&quot;:true},&quot;dropdown_border_radius_mobile&quot;:{&quot;unit&quot;:&quot;px&quot;,&quot;top&quot;:&quot;&quot;,&quot;right&quot;:&quot;&quot;,&quot;bottom&quot;:&quot;&quot;,&quot;left&quot;:&quot;&quot;,&quot;isLinked&quot;:true},&quot;padding_horizontal_dropdown_item&quot;:{&quot;unit&quot;:&quot;px&quot;,&quot;size&quot;:&quot;&quot;,&quot;sizes&quot;:[]},&quot;padding_horizontal_dropdown_item_tablet&quot;:{&quot;unit&quot;:&quot;px&quot;,&quot;size&quot;:&quot;&quot;,&quot;sizes&quot;:[]},&quot;padding_horizontal_dropdown_item_mobile&quot;:{&quot;unit&quot;:&quot;px&quot;,&quot;size&quot;:&quot;&quot;,&quot;sizes&quot;:[]},&quot;padding_vertical_dropdown_item&quot;:{&quot;unit&quot;:&quot;px&quot;,&quot;size&quot;:15,&quot;sizes&quot;:[]},&quot;padding_vertical_dropdown_item_tablet&quot;:{&quot;unit&quot;:&quot;px&quot;,&quot;size&quot;:&quot;&quot;,&quot;sizes&quot;:[]},&quot;padding_vertical_dropdown_item_mobile&quot;:{&quot;unit&quot;:&quot;px&quot;,&quot;size&quot;:&quot;&quot;,&quot;sizes&quot;:[]},&quot;distance_from_menu&quot;:{&quot;unit&quot;:&quot;px&quot;,&quot;size&quot;:&quot;&quot;,&quot;sizes&quot;:[]},&quot;distance_from_menu_tablet&quot;:{&quot;unit&quot;:&quot;px&quot;,&quot;size&quot;:&quot;&quot;,&quot;sizes&quot;:[]},&quot;distance_from_menu_mobile&quot;:{&quot;unit&quot;:&quot;px&quot;,&quot;size&quot;:&quot;&quot;,&quot;sizes&quot;:[]},&quot;toggle_size_tablet&quot;:{&quot;unit&quot;:&quot;px&quot;,&quot;size&quot;:&quot;&quot;,&quot;sizes&quot;:[]},&quot;toggle_size_mobile&quot;:{&quot;unit&quot;:&quot;px&quot;,&quot;size&quot;:&quot;&quot;,&quot;sizes&quot;:[]},&quot;toggle_border_width_tablet&quot;:{&quot;unit&quot;:&quot;px&quot;,&quot;size&quot;:&quot;&quot;,&quot;sizes&quot;:[]},&quot;toggle_border_width_mobile&quot;:{&quot;unit&quot;:&quot;px&quot;,&quot;size&quot;:&quot;&quot;,&quot;sizes&quot;:[]},&quot;toggle_border_radius&quot;:{&quot;unit&quot;:&quot;px&quot;,&quot;size&quot;:&quot;&quot;,&quot;sizes&quot;:[]},&quot;toggle_border_radius_tablet&quot;:{&quot;unit&quot;:&quot;px&quot;,&quot;size&quot;:&quot;&quot;,&quot;sizes&quot;:[]},&quot;toggle_border_radius_mobile&quot;:{&quot;unit&quot;:&quot;px&quot;,&quot;size&quot;:&quot;&quot;,&quot;sizes&quot;:[]}}\" data-widget_type=\"navigation-menu.default\">\n\t\t\t\t<div class=\"elementor-widget-container\">\n\t\t\t\t\t\t<div class=\"hfe-nav-menu hfe-layout-vertical hfe-nav-menu-layout vertical\" data-layout=\"vertical\">\n\t\t\t\t<div role=\"button\" class=\"hfe-nav-menu__toggle elementor-clickable\">\n\t\t\t\t\t<span class=\"screen-reader-text\">Menu<\/span>\n\t\t\t\t\t<div class=\"hfe-nav-menu-icon\">\n\t\t\t\t\t\t\t\t\t\t\t<\/div>\n\t\t\t\t<\/div>\n\t\t\t\t<nav itemscope=\"itemscope\" itemtype=\"https:\/\/schema.org\/SiteNavigationElement\" class=\"hfe-nav-menu__layout-vertical hfe-nav-menu__submenu-plus\" data-toggle-icon=\"\" data-close-icon=\"\" data-full-width=\"\">\n\t\t\t\t\t<ul id=\"menu-1-edddb46\" class=\"hfe-nav-menu\"><li id=\"menu-item-5347\" itemprop=\"name\" class=\"menu-item menu-item-type-post_type menu-item-object-page parent hfe-creative-menu\"><a href=\"https:\/\/www.wundzentren.de\/en\/presse\/\" itemprop=\"url\" class = \"hfe-menu-item\">News &amp; Press<\/a><\/li>\n<li id=\"menu-item-5342\" itemprop=\"name\" class=\"menu-item menu-item-type-post_type menu-item-object-page parent hfe-creative-menu\"><a href=\"https:\/\/www.wundzentren.de\/en\/presse\/pressemitteilungen\/\" itemprop=\"url\" class = \"hfe-menu-item\">Press &amp; News<\/a><\/li>\n<li id=\"menu-item-5341\" itemprop=\"name\" class=\"menu-item menu-item-type-post_type menu-item-object-page parent hfe-creative-menu\"><a href=\"https:\/\/www.wundzentren.de\/en\/presse\/messen-veranstaltungen\/\" itemprop=\"url\" class = \"hfe-menu-item\">Trade fairs &amp; Events<\/a><\/li>\n<li id=\"menu-item-5340\" itemprop=\"name\" class=\"menu-item menu-item-type-post_type menu-item-object-page parent hfe-creative-menu\"><a href=\"https:\/\/www.wundzentren.de\/en\/presse\/pressefotos\/\" itemprop=\"url\" class = \"hfe-menu-item\">Press photos<\/a><\/li>\n<li id=\"menu-item-5339\" itemprop=\"name\" class=\"menu-item menu-item-type-post_type menu-item-object-page parent hfe-creative-menu\"><a href=\"https:\/\/www.wundzentren.de\/en\/presse\/ansprechpartner\/\" itemprop=\"url\" class = \"hfe-menu-item\">Contact<\/a><\/li>\n<\/ul> \n\t\t\t\t<\/nav>\n\t\t\t<\/div>\n\t\t\t\t\t<\/div>\n\t\t\t\t<\/div>\n\t\t\t\t\t<\/div>\n\t\t\t\t<\/div>\n\t\t<div class=\"elementor-element elementor-element-ab06aaf e-flex e-con-boxed e-con e-parent\" data-id=\"ab06aaf\" data-element_type=\"container\">\n\t\t\t\t\t<div class=\"e-con-inner\">\n\t\t\t\t<div class=\"elementor-element elementor-element-b146467 elementor-widget elementor-widget-image\" data-id=\"b146467\" data-element_type=\"widget\" data-widget_type=\"image.default\">\n\t\t\t\t<div class=\"elementor-widget-container\">\n\t\t\t<style>\/*! elementor - v3.21.0 - 26-05-2024 *\/\n.elementor-widget-image{text-align:center}.elementor-widget-image a{display:inline-block}.elementor-widget-image a img[src$=\".svg\"]{width:48px}.elementor-widget-image img{vertical-align:middle;display:inline-block}<\/style>\t\t\t\t\t\t\t\t\t\t<img fetchpriority=\"high\" decoding=\"async\" width=\"1200\" height=\"900\" src=\"https:\/\/www.wundzentren.de\/wp-content\/uploads\/2024\/05\/img-Teaserimage-2023-05-06_AOK_besucht_WZ-Heidelberg-data-1280x960.jpg\" class=\"attachment-large size-large wp-image-9183\" alt=\"\" \/>\t\t\t\t\t\t\t\t\t\t\t\t\t<\/div>\n\t\t\t\t<\/div>\n\t\t\t\t<div class=\"elementor-element elementor-element-d3e82d4 elementor-widget elementor-widget-heading\" data-id=\"d3e82d4\" data-element_type=\"widget\" data-widget_type=\"heading.default\">\n\t\t\t\t<div class=\"elementor-widget-container\">\n\t\t\t<h2 class=\"elementor-heading-title elementor-size-default\"><dl style=\"-webkit-tap-highlight-color: transparent; box-sizing: inherit; margin-bottom: 10px; font-size: 0.75rem; color: rgb(77, 77, 77); opacity: 0.7; text-transform: uppercase; font-family: Barlow-Medium, Helvetica, Arial, Lucida; white-space-collapse: collapse;\"><dd style=\"-webkit-tap-highlight-color: transparent; box-sizing: inherit; margin-bottom: 0px; margin-left: 0px;\"><time datetime=\"03.08.2023\" style=\"-webkit-tap-highlight-color: transparent; box-sizing: inherit;\">3. AUGUST 2023<\/time><span style=\"color: var( --e-global-color-primary ); font-family: var( --e-global-typography-primary-font-family ), Sans-serif; font-size: 2.5em; font-weight: var( --e-global-typography-primary-font-weight ); white-space-collapse: preserve; text-align: var(--text-align);\"><\/span><\/dd><\/dl><\/h2>\t\t<\/div>\n\t\t\t\t<\/div>\n\t\t\t\t<div class=\"elementor-element elementor-element-ba15155 elementor-widget elementor-widget-text-editor\" data-id=\"ba15155\" data-element_type=\"widget\" data-widget_type=\"text-editor.default\">\n\t\t\t\t<div class=\"elementor-widget-container\">\n\t\t\t<style>\/*! elementor - v3.21.0 - 26-05-2024 *\/\n.elementor-widget-text-editor.elementor-drop-cap-view-stacked .elementor-drop-cap{background-color:#69727d;color:#fff}.elementor-widget-text-editor.elementor-drop-cap-view-framed .elementor-drop-cap{color:#69727d;border:3px solid;background-color:transparent}.elementor-widget-text-editor:not(.elementor-drop-cap-view-default) .elementor-drop-cap{margin-top:8px}.elementor-widget-text-editor:not(.elementor-drop-cap-view-default) .elementor-drop-cap-letter{width:1em;height:1em}.elementor-widget-text-editor .elementor-drop-cap{float:left;text-align:center;line-height:1;font-size:50px}.elementor-widget-text-editor .elementor-drop-cap-letter{display:inline-block}<\/style>\t\t\t\t<div class=\"b-intro is-no-divider\" style=\"-webkit-tap-highlight-color: transparent; box-sizing: inherit; position: relative; width: 840px; padding-right: 20px; padding-left: 20px; color: rgb(0, 0, 0); font-family: Barlow-Medium, Helvetica, Arial, Lucida; font-size: medium;\"><header class=\"group\" style=\"-webkit-tap-highlight-color: transparent; box-sizing: inherit;\"><h1 class=\"title\" style=\"-webkit-tap-highlight-color: transparent; box-sizing: inherit; margin-bottom: 20px; font-family: Barlow, Helvetica, Arial, sans-serif; font-size: 2.5rem; line-height: 3rem; color: rgb(140, 184, 198);\">Erfolgreicher politischer Dialog im WZ-WundZentrum Mainz: Bundestagsabgeordnete Kordula Schulz-Asche (B\u00fcndnis 90\/Die Gr\u00fcnen) zu Besuch im WZ-WundZentrum Mainz<\/h1><\/header><div class=\"content b-richtext-content\" style=\"-webkit-tap-highlight-color: transparent; box-sizing: inherit; counter-reset: section 0; width: 800px; color: rgb(119, 119, 119); font-size: 1.25rem; line-height: 1.6875rem;\"><p style=\"-webkit-tap-highlight-color: transparent; box-sizing: inherit; margin-bottom: 18px; font-size: 1.25rem; line-height: 1.6875rem; font-family: Barlow-Medium, Helvetica, Arial, Lucida, sans-serif;\">D\u00fcsseldorf\/Mainz, 15.02.2024. Am 14. Februar lud das WZ-WundZentrum Mainz zum politischen Dialog in seine k\u00fcrzlich erweiterten R\u00e4umlichkeiten (Gro\u00dfe Langgasse 12, 55116 Mainz) ein und begr\u00fc\u00dfte neben verschiedenen Gesundheitsdienstleistern aus dem Mainzer Netzwerk auch die Bundestagsabgeordnete Kordula Schulz-Asche (B\u00fcndnis 90\/Die Gr\u00fcnen).<\/p><\/div><\/div><section class=\"b-article-section\" style=\"-webkit-tap-highlight-color: transparent; box-sizing: inherit; width: 840px; color: rgb(0, 0, 0); font-family: Barlow-Medium, Helvetica, Arial, Lucida; font-size: medium;\"><div class=\"b-richtext-content\" style=\"-webkit-tap-highlight-color: transparent; box-sizing: inherit; counter-reset: section 0; padding-right: 20px; padding-left: 20px; width: 840px; color: rgb(119, 119, 119);\"><p style=\"-webkit-tap-highlight-color: transparent; box-sizing: inherit; margin-bottom: 15px; font-size: 1.15rem; line-height: 1.625rem;\"><a href=\"https:\/\/www.wundzentren.de\/wz-de\/resource\/blob\/66620\/f461e540f9ff92e5838537c9a0ffce86\/dl%20-%202024-15-24_Pressemitteilung_Politischer_Dialog_Mainz-data.pdf\" target=\"&quot;_blank&quot;\" style=\"-webkit-tap-highlight-color: transparent; box-sizing: inherit; color: rgb(140, 184, 198); font-weight: 600;\">Download Pressemitteilung (PDF 325 KB)<\/a><\/p><p style=\"-webkit-tap-highlight-color: transparent; box-sizing: inherit; margin-bottom: 15px; font-size: 1.15rem; line-height: 1.625rem;\"><\/p><h3 style=\"-webkit-tap-highlight-color: transparent; box-sizing: inherit; margin-bottom: 15px; font-family: Barlow, Helvetica, Arial, Lucida, sans-serif; color: rgb(168, 129, 101); padding-top: 10px; font-size: 1.25rem; line-height: 1.5rem;\">G\u00e4ste und Gru\u00dfworte:<\/h3><p style=\"-webkit-tap-highlight-color: transparent; box-sizing: inherit; margin-bottom: 15px; font-size: 1.15rem; line-height: 1.625rem;\">Das WZ-WundZentrum durfte eine hochkar\u00e4tige Politikerin begr\u00fc\u00dfen: Die Bundestagsabgeordnete Kordula Schulz-Asche (B\u00fcndnis 90\/Die Gr\u00fcnen) hielt einen inspirierenden Vortrag und teilte ihre wertvollen Einblicke in die Bedeutung der spezialisierten Pflege f\u00fcr unsere Gesellschaft. Die gelernte Krankenschwester Kordula Schulz-Asche ist seit \u00fcber 20 Jahren in der Politik und seit September 2013 Mitglied des Bundestages, im Ausschuss f\u00fcr Gesundheit und im Unterausschuss Globale Gesundheit, sowie Berichterstatterin der gr\u00fcnen Fraktion f\u00fcr Pflege- und Altenpolitik. In ihrem Input zur besonderen Rolle der spezialisierten Pflege bei der Pr\u00e4vention und Versorgung chronischer Wunden erl\u00e4uterte die Politikerin, dass der Pflege die zentrale Rolle in einer modernen interdisziplin\u00e4ren Versorgung zukommen m\u00fcsse. Daf\u00fcr ben\u00f6tige es einer zunehmenden Anerkennung pflegerischer Kompetenzen, auch von \u00e4rztlicher Seite. Schulz-Asche betonte, dass dies auch gesetzlich verankert und ausgebaut werden m\u00fcsse. Das anstehende Pflegekompetenzgesetz sieht sie in diesem Zusammenhang als wegweisend, nicht nur f\u00fcr die Wundversorgung durch Pflegende, sondern auch f\u00fcr den Beruf und pflegerisches Handeln insgesamt.<\/p><p style=\"-webkit-tap-highlight-color: transparent; box-sizing: inherit; margin-bottom: 15px; font-size: 1.15rem; line-height: 1.625rem;\"><\/p><h3 style=\"-webkit-tap-highlight-color: transparent; box-sizing: inherit; margin-bottom: 15px; font-family: Barlow, Helvetica, Arial, Lucida, sans-serif; color: rgb(168, 129, 101); padding-top: 10px; font-size: 1.25rem; line-height: 1.5rem;\">Begr\u00fc\u00dfung durch Andr\u00e9 Lantin, Gesch\u00e4ftsf\u00fchrer der WZ-WundZentren GmbH:<\/h3><p style=\"-webkit-tap-highlight-color: transparent; box-sizing: inherit; margin-bottom: 15px; font-size: 1.15rem; line-height: 1.625rem;\">Er\u00f6ffnet wurde der Dialog von Andr\u00e9 Lantin, Gr\u00fcnder und Gesch\u00e4ftsf\u00fchrer der WZ-WundZentren GmbH. Mit seiner langj\u00e4hrigen Erfahrung im Gesundheitswesen und Ausbildung zum Krankenpfleger unterstrich er die Bedeutung dieses Dialogs und hielt einen sehr interessanten Vortrag \u00fcber die Spezialisierung in der Wundbehandlung, die Neuregelung der ambulanten Wundversorgung im Rahmen der neuen Rahmenempfehlung nach \u00a7 37 Abs. 7 SGB V und was behandelnde \u00c4rzt:innen dabei wissen und beachten m\u00fcssen. &#8220; Wir freuen uns sehr, dass Frau Schulz-Asche mit ihrem<br style=\"-webkit-tap-highlight-color: transparent; box-sizing: inherit;\">Besuch bei uns in Mainz ihr Augenmerk auf die Wundversorgung richtet. Politische Entscheidungen spielen f\u00fcr unsere Arbeit eine wesentliche Rolle&#8220;, so der Gesch\u00e4ftsf\u00fchrer der WZ-WundZentren. Bereits im April 2017 hat der Gesetzgeber die WundZentren als spezialisierte Versorgungseinrichtungen und damit als Leistungserbringer zur L\u00f6sung bestehender Versorgungsprobleme anerkannt.<br style=\"-webkit-tap-highlight-color: transparent; box-sizing: inherit;\">\u201eDer Weg bis zum Vertragsabschluss mit allen Krankenkassen war lang und steinig. Umso mehr sch\u00e4tzen wir es nun, Vertragspartner aller Krankenkassen zu sein. Gemeinsam haben wir bedeutende Fortschritte erzielt und zahlreichen Patient:innen eine bestm\u00f6gliche Versorgung anbieten k\u00f6nnen. Wir sind stolz auf das Erreichte und freuen uns auf die kommenden Herausforderungen. Unser Ziel bleibt es, die spezialisierte Versorgung f\u00fcr alle Betroffenen sicherzustellen und den Bed\u00fcrfnissen der Versicherten gerecht zu werden&#8220;, so Lantin.<\/p><h3 style=\"-webkit-tap-highlight-color: transparent; box-sizing: inherit; margin-bottom: 15px; font-family: Barlow, Helvetica, Arial, Lucida, sans-serif; color: rgb(168, 129, 101); padding-top: 10px; font-size: 1.25rem; line-height: 1.5rem;\"><br style=\"-webkit-tap-highlight-color: transparent; box-sizing: inherit;\">Begeisterung \u00fcber die Praxisarbeit der spezialisierten Pflegefachpersonen im WZ-WundZentrum Mainz:<\/h3><p style=\"-webkit-tap-highlight-color: transparent; box-sizing: inherit; margin-bottom: 15px; font-size: 1.15rem; line-height: 1.625rem;\">Frau Schulz-Asche zeigte sich begeistert vom WZ-WundZentrum, als sie von Herrn Lantin durch die Behandlungsr\u00e4ume gef\u00fchrt wurde. Andr\u00e9 Lantin erl\u00e4uterte die Versorgungsstruktur und die Qualit\u00e4t der leitliniengerechten, ganzheitlichen Spezialversorgung chronischer und schwer heilender Wunden und verdeutlichte den Mehrwert f\u00fcr die Betroffenen. Sehr interessiert folgten die zahlreichen Besucherinnen und Besucher dem Team des WundZentrums und stellten dabei Fragen, z.B. zum Ablauf einer Behandlung im WundZentrum.<\/p><h3 style=\"-webkit-tap-highlight-color: transparent; box-sizing: inherit; margin-bottom: 15px; font-family: Barlow, Helvetica, Arial, Lucida, sans-serif; color: rgb(168, 129, 101); padding-top: 10px; font-size: 1.25rem; line-height: 1.5rem;\"><br style=\"-webkit-tap-highlight-color: transparent; box-sizing: inherit;\">R\u00fcckblick auf den Dialog:<\/h3><p style=\"-webkit-tap-highlight-color: transparent; box-sizing: inherit; margin-bottom: 15px; font-size: 1.15rem; line-height: 1.625rem;\">W\u00e4hrend des Dialogs wurden innovative L\u00f6sungen und Wege zur Verbesserung der Wundversorgung diskutiert und entwickelt. Der Erfahrungsaustausch zwischen den Teilnehmenden lieferte wichtige Erkenntnisse f\u00fcr die Zukunft der Gesundheitsversorgung, insbesondere im Bereich der Wundversorgung.<br style=\"-webkit-tap-highlight-color: transparent; box-sizing: inherit;\">Wir sind stolz auf den Erfolg dieser Veranstaltung und danken allen, die dazu beigetragen haben. Ihr Engagement f\u00fcr eine bessere Gesundheit ist von unsch\u00e4tzbarem Wert.<\/p><h3 style=\"-webkit-tap-highlight-color: transparent; box-sizing: inherit; margin-bottom: 15px; font-family: Barlow, Helvetica, Arial, Lucida, sans-serif; color: rgb(168, 129, 101); padding-top: 10px; font-size: 1.25rem; line-height: 1.5rem;\"><br style=\"-webkit-tap-highlight-color: transparent; box-sizing: inherit;\">Mehr als zwei Millionen Menschen leiden in Deutschland an Wundheilungsst\u00f6rungen<\/h3><p style=\"-webkit-tap-highlight-color: transparent; box-sizing: inherit; margin-bottom: 15px; font-size: 1.15rem; line-height: 1.625rem;\">In Deutschland sind mehr als zwei Millionen Menschen von schwer heilenden Wunden betroffen. Die h\u00e4ufigsten Wundarten sind das \u201eoffene Bein\u201c (Ulcus cruris), das Druckgeschw\u00fcr (Dekubitus) und der diabetische Fu\u00df. Dar\u00fcber hinaus gibt es mehr als 150 weitere Wundarten, die als Symptom oder Komplikation verschiedenster Grunderkrankungen auftreten.<br style=\"-webkit-tap-highlight-color: transparent; box-sizing: inherit;\">Die Lebensqualit\u00e4t der Betroffenen ist durch starke Schmerzen, Geruch und Wundsekret meist massiv beeintr\u00e4chtigt. Nicht selten f\u00fchrt eine schlecht heilende Wunde zu sozialer Isolation und Arbeitsunf\u00e4higkeit.<br style=\"-webkit-tap-highlight-color: transparent; box-sizing: inherit;\">&#8222;Der Zeitmangel und die fehlende fachliche Spezialisierung auf schwer heilende Wunden sowie die hohen hygienischen und r\u00e4umlichen Anforderungen bei der Versorgung sind wesentliche Gr\u00fcnde daf\u00fcr, dass sich \u00c4rzt:innen in der Regel schwer tun, komplexe Wunden in ihren Praxen selbst zu versorgen&#8220;. erg\u00e4nzt Andr\u00e9 Lantin.<br style=\"-webkit-tap-highlight-color: transparent; box-sizing: inherit;\">Die Lebensqualit\u00e4t der betroffenen Patient:innen zu verbessern, steht f\u00fcr die Pflegefachpersonen des WZ-WundZentrum in Mainz an erster Stelle. &#8222;Nicht nur Patient:innen mit chronischen und schwer heilenden Wunden, sondern auch Haus\u00e4rzt:innen k\u00f6nnen von unseren Leistungen profitieren. Mit dem aktuellen Modellvorhaben zur Heilkunden\u00fcbertragung wurde explizit im Bereich Wunde ein Meilenstein erreicht. Hier profitiert das Gesundheitssystem von der Professionalisierung der Pflege. Wir setzen in unseren WZ-WundZentren genau das seit \u00fcber 15 Jahren um, was der Gesetzgeber nun in Struktur gegossen hat&#8220;, so Andr\u00e9 Lantin.<\/p><h3 style=\"-webkit-tap-highlight-color: transparent; box-sizing: inherit; margin-bottom: 15px; font-family: Barlow, Helvetica, Arial, Lucida, sans-serif; color: rgb(168, 129, 101); padding-top: 10px; font-size: 1.25rem; line-height: 1.5rem;\"><br style=\"-webkit-tap-highlight-color: transparent; box-sizing: inherit;\">Spezialisierte ambulante Wundbehandlung in den WZ-WundZentren<\/h3><p style=\"-webkit-tap-highlight-color: transparent; box-sizing: inherit; margin-bottom: 15px; font-size: 1.15rem; line-height: 1.625rem;\">Eine ausf\u00fchrliche medizinische- und Pflegeanamnese, die Ursachenforschung und Diagnostik sowie die Beratung und Koordination von Ma\u00dfnahmen geh\u00f6ren in den WZ-WundZentren zum Therapiekonzept. Jede Wunde ist anders, deshalb ist die Wundbehandlung auch auf jeden Betroffenen zugeschnitten. Oberstes Ziel der Behandlung ist es, ein schnelles Abheilen der Wunden und dadurch ein beschwerdefreies Leben der Betroffenen zu erm\u00f6glichen. Dabei hat jeder Versicherte, gesetzlich oder privat, einen Versorgungsanspruch, wodurch die Krankenkassen die Leistungen erstatten muss, wenn gleich in Teilen noch per Einzelfallentscheidung.<br style=\"-webkit-tap-highlight-color: transparent; box-sizing: inherit;\">Weitere Informationen zu Leistungen und Kontaktm\u00f6glichkeiten f\u00fcr die Terminvereinbarung am Standort Mainz finden Sie unter https:\/\/www.wundzentren.de\/mainz oder telefonisch unter 06131 &#8211; 888 973 8.<\/p><p style=\"-webkit-tap-highlight-color: transparent; box-sizing: inherit; margin-bottom: 15px; font-size: 1.15rem; line-height: 1.625rem;\"><\/p><h3 style=\"-webkit-tap-highlight-color: transparent; box-sizing: inherit; margin-bottom: 15px; font-family: Barlow, Helvetica, Arial, Lucida, sans-serif; color: rgb(168, 129, 101); padding-top: 10px; font-size: 1.25rem; line-height: 1.5rem;\"><\/h3><div class=\"b-richtext-content textFragment\" style=\"-webkit-tap-highlight-color: transparent; box-sizing: inherit; counter-reset: none; width: 800px;\"><h5 style=\"-webkit-tap-highlight-color: transparent; box-sizing: inherit; font-weight: 400; margin-top: 15px; margin-bottom: 12px; font-family: Barlow-Medium, Helvetica, Arial, Lucida; border: 1px solid rgb(168, 129, 101); font-size: 1.15rem; line-height: 1.625rem; padding: 20px; box-shadow: rgb(168, 129, 101) 0px 1px 10px;\"><span class=\"underline\" style=\"-webkit-tap-highlight-color: transparent; box-sizing: inherit; text-decoration-line: underline;\">About WCC-WoundCareCenters<\/span><br style=\"-webkit-tap-highlight-color: transparent; box-sizing: inherit;\">Seit 2008 konnten mit dem bew\u00e4hrten Behandlungskonzept der WZ-Wundzentren mehr als 45.000 Patienten an aktuell 24 Standorten in Deutschland erfolgreich behandelt werden.&nbsp; Die WZ-WundZentren sind spezialisierte ambulante Einrichtungen mit h\u00f6chsten hygienischen Standards, in denen ausschlie\u00dflich Patienten mit chronischen und schwer heilenden Wunden behandelt werden. WZ-WundZentren sind durch das HHVG (Heil-Hilfsmittel-Versorgungs-Gesetz) als eigenst\u00e4ndiger Leistungserbringer im Sinne des SGB V (Sozialgesetzbuch) definiert. Die Leistungen in den WZ-WundZentren als spezialisierte Einrichtungen, die sich auf die Behandlung von chronischen und schwer heilenden Wunden spezialisiert haben, werden von den Krankenkassen \u00fcber \u00a7 37 Abs. 7 SGB V auf der Grundlage der h\u00e4uslichen Krankenpflege geltend gemacht. Dort arbeiten Pflegefachpersonen, die zus\u00e4tzlich zu ihrer 3-j\u00e4hrigen Ausbildung in der Kranken- oder Altenpflege \u00fcber eine spezialisierte Zusatzqualifikation in der Wundbehandlung verf\u00fcgen.<br style=\"-webkit-tap-highlight-color: transparent; box-sizing: inherit;\"><br style=\"-webkit-tap-highlight-color: transparent; box-sizing: inherit;\">Die WZ-WundZentren GmbH mit Sitz in D\u00fcsseldorf ist ein Unternehmen der recucare Gruppe.<br style=\"-webkit-tap-highlight-color: transparent; box-sizing: inherit;\"><br style=\"-webkit-tap-highlight-color: transparent; box-sizing: inherit;\">Weitere Informationen unter&nbsp;<a href=\"http:\/\/www.wundzentren.de\/\" style=\"-webkit-tap-highlight-color: transparent; box-sizing: inherit; color: rgb(140, 184, 198); font-weight: 600;\">www.wundzentren.de<\/a><\/h5><\/div><h3 style=\"-webkit-tap-highlight-color: transparent; box-sizing: inherit; margin-bottom: 15px; font-family: Barlow, Helvetica, Arial, Lucida, sans-serif; color: rgb(168, 129, 101); padding-top: 10px; font-size: 1.25rem; line-height: 1.5rem;\"><\/h3><p style=\"-webkit-tap-highlight-color: transparent; box-sizing: inherit; margin-bottom: 15px; font-size: 1.15rem; line-height: 1.625rem;\"><br style=\"-webkit-tap-highlight-color: transparent; box-sizing: inherit;\"><span style=\"-webkit-tap-highlight-color: transparent; box-sizing: inherit; font-weight: 600;\">Pressekontakt:<\/span><\/p><p style=\"-webkit-tap-highlight-color: transparent; box-sizing: inherit; margin-bottom: 15px; font-size: 1.15rem; line-height: 1.625rem;\">recucare GmbH<br style=\"-webkit-tap-highlight-color: transparent; box-sizing: inherit;\">Edna Frenthoff<\/p><p style=\"-webkit-tap-highlight-color: transparent; box-sizing: inherit; margin-bottom: 15px; font-size: 1.15rem; line-height: 1.625rem;\">L\u00f6wentorstra\u00dfe 78<br style=\"-webkit-tap-highlight-color: transparent; box-sizing: inherit;\">70376 Stuttgart<br style=\"-webkit-tap-highlight-color: transparent; box-sizing: inherit;\">Tel.: 0711 \u2013 900 071 10-42<br style=\"-webkit-tap-highlight-color: transparent; box-sizing: inherit;\">E-Mail:&nbsp;<a href=\"mailto:presse@recucare.de\" target=\"_blank\" rel=\"noopener\" style=\"-webkit-tap-highlight-color: transparent; box-sizing: inherit; color: rgb(140, 184, 198); font-weight: 600;\">presse@recucare.de<\/a><\/p><p style=\"-webkit-tap-highlight-color: transparent; box-sizing: inherit; margin-bottom: 15px; font-size: 1.15rem; line-height: 1.625rem;\"><br style=\"-webkit-tap-highlight-color: transparent; box-sizing: inherit;\"><span style=\"-webkit-tap-highlight-color: transparent; box-sizing: inherit; font-weight: 600;\">Weiterf\u00fchrende Links:<\/span><br style=\"-webkit-tap-highlight-color: transparent; box-sizing: inherit;\"><a href=\"https:\/\/www.wundzentren.de\/wz-de\/presse\/pressefotos\" target=\"_blank\" rel=\"noopener\" style=\"-webkit-tap-highlight-color: transparent; box-sizing: inherit; color: rgb(140, 184, 198); font-weight: 600;\">https:\/\/wundzentren.de\/presse\/pressefotos<\/a><\/p><\/div><\/section>\t\t\t\t\t\t<\/div>\n\t\t\t\t<\/div>\n\t\t\t\t\t<\/div>\n\t\t\t\t<\/div>\n\t\t\t\t<\/div>","protected":false},"excerpt":{"rendered":"<p>Unternehmen &amp; Leistungen Wundlexikon Standorte Jobs &#038;amp Karriere Neuigkeiten &amp;Presse Menu Neuigkeiten &amp; Presse Presse &#038; Aktuelles Messen &#8211; Veranstaltungen Presse-Fotos Ansprechpartner 3. AUGUST 2023 Erfolgreicher politischer Dialog im WZ-WundZentrum Mainz: Bundestagsabgeordnete Kordula Schulz-Asche (B\u00fcndnis 90\/Die Gr\u00fcnen) zu Besuch im WZ-WundZentrum Mainz D\u00fcsseldorf\/Mainz, 15.02.2024. Am 14. Februar lud das WZ-WundZentrum Mainz zum politischen Dialog in&#8230;<\/p>","protected":false},"author":1,"featured_media":0,"comment_status":"closed","ping_status":"open","sticky":false,"template":"","format":"standard","meta":{"footnotes":""},"categories":[1],"tags":[],"class_list":["post-8597","post","type-post","status-publish","format-standard","hentry","category-allgemein"],"yoast_head":"<!-- This site is optimized with the Yoast SEO plugin v24.4 - https:\/\/yoast.com\/wordpress\/plugins\/seo\/ -->\n<title>AOK-Baden-W\u00fcrttemberg zu Besuch im WZ-Wundzentrum Heidelberg - WZ-WundZentren: Ihr Spezialist f\u00fcr die Behandlung von chronischen und schwer heilenden Wunden<\/title>\n<meta name=\"robots\" content=\"index, follow, max-snippet:-1, max-image-preview:large, max-video-preview:-1\" \/>\n<link rel=\"canonical\" href=\"https:\/\/www.wundzentren.de\/en\/2023\/06\/07\/aok-baden-wuerttemberg-zu-besuch-im-wz-wundzentrum-heidelberg\/\" \/>\n<meta property=\"og:locale\" content=\"en_GB\" \/>\n<meta property=\"og:type\" content=\"article\" \/>\n<meta property=\"og:title\" content=\"AOK-Baden-W\u00fcrttemberg zu Besuch im WZ-Wundzentrum Heidelberg - WZ-WundZentren: Ihr Spezialist f\u00fcr die Behandlung von chronischen und schwer heilenden Wunden\" \/>\n<meta property=\"og:description\" content=\"Unternehmen &amp; Leistungen Wundlexikon Standorte Jobs &#038;amp Karriere Neuigkeiten &amp;Presse Menu Neuigkeiten &amp; Presse Presse &#038; Aktuelles Messen &#8211; Veranstaltungen Presse-Fotos Ansprechpartner 3. AUGUST 2023 Erfolgreicher politischer Dialog im WZ-WundZentrum Mainz: Bundestagsabgeordnete Kordula Schulz-Asche (B\u00fcndnis 90\/Die Gr\u00fcnen) zu Besuch im WZ-WundZentrum Mainz D\u00fcsseldorf\/Mainz, 15.02.2024. Am 14. Februar lud das WZ-WundZentrum Mainz zum politischen Dialog in...\" \/>\n<meta property=\"og:url\" content=\"https:\/\/www.wundzentren.de\/en\/2023\/06\/07\/aok-baden-wuerttemberg-zu-besuch-im-wz-wundzentrum-heidelberg\/\" \/>\n<meta property=\"og:site_name\" content=\"WZ-WundZentren: Ihr Spezialist f\u00fcr die Behandlung von chronischen und schwer heilenden Wunden\" \/>\n<meta property=\"article:published_time\" content=\"2023-06-07T02:47:02+00:00\" \/>\n<meta property=\"article:modified_time\" content=\"2025-11-05T18:55:08+00:00\" \/>\n<meta property=\"og:image\" content=\"https:\/\/wz.wz-medcubes.de\/wp-content\/uploads\/2024\/05\/img-Teaserimage-2023-05-06_AOK_besucht_WZ-Heidelberg-data-1280x960.jpg\" \/>\n<meta name=\"author\" content=\"wundzentren\" \/>\n<meta name=\"twitter:card\" content=\"summary_large_image\" \/>\n<meta name=\"twitter:label1\" content=\"Written by\" \/>\n\t<meta name=\"twitter:data1\" content=\"wundzentren\" \/>\n\t<meta name=\"twitter:label2\" content=\"Estimated reading time\" \/>\n\t<meta name=\"twitter:data2\" content=\"6 minutes\" \/>\n<script type=\"application\/ld+json\" class=\"yoast-schema-graph\">{\"@context\":\"https:\/\/schema.org\",\"@graph\":[{\"@type\":\"WebPage\",\"@id\":\"https:\/\/www.wundzentren.de\/2023\/06\/07\/aok-baden-wuerttemberg-zu-besuch-im-wz-wundzentrum-heidelberg\/\",\"url\":\"https:\/\/www.wundzentren.de\/2023\/06\/07\/aok-baden-wuerttemberg-zu-besuch-im-wz-wundzentrum-heidelberg\/\",\"name\":\"AOK-Baden-W\u00fcrttemberg zu Besuch im WZ-Wundzentrum Heidelberg - WZ-WundZentren: Ihr Spezialist f\u00fcr die Behandlung von chronischen und schwer heilenden Wunden\",\"isPartOf\":{\"@id\":\"https:\/\/www.wundzentren.de\/#website\"},\"primaryImageOfPage\":{\"@id\":\"https:\/\/www.wundzentren.de\/2023\/06\/07\/aok-baden-wuerttemberg-zu-besuch-im-wz-wundzentrum-heidelberg\/#primaryimage\"},\"image\":{\"@id\":\"https:\/\/www.wundzentren.de\/2023\/06\/07\/aok-baden-wuerttemberg-zu-besuch-im-wz-wundzentrum-heidelberg\/#primaryimage\"},\"thumbnailUrl\":\"https:\/\/wz.wz-medcubes.de\/wp-content\/uploads\/2024\/05\/img-Teaserimage-2023-05-06_AOK_besucht_WZ-Heidelberg-data-1280x960.jpg\",\"datePublished\":\"2023-06-07T02:47:02+00:00\",\"dateModified\":\"2025-11-05T18:55:08+00:00\",\"author\":{\"@id\":\"https:\/\/www.wundzentren.de\/#\/schema\/person\/31764b4b2cface4d0a6c2fd0d39dcfeb\"},\"breadcrumb\":{\"@id\":\"https:\/\/www.wundzentren.de\/2023\/06\/07\/aok-baden-wuerttemberg-zu-besuch-im-wz-wundzentrum-heidelberg\/#breadcrumb\"},\"inLanguage\":\"en-GB\",\"potentialAction\":[{\"@type\":\"ReadAction\",\"target\":[\"https:\/\/www.wundzentren.de\/2023\/06\/07\/aok-baden-wuerttemberg-zu-besuch-im-wz-wundzentrum-heidelberg\/\"]}]},{\"@type\":\"ImageObject\",\"inLanguage\":\"en-GB\",\"@id\":\"https:\/\/www.wundzentren.de\/2023\/06\/07\/aok-baden-wuerttemberg-zu-besuch-im-wz-wundzentrum-heidelberg\/#primaryimage\",\"url\":\"https:\/\/wz.wz-medcubes.de\/wp-content\/uploads\/2024\/05\/img-Teaserimage-2023-05-06_AOK_besucht_WZ-Heidelberg-data-1280x960.jpg\",\"contentUrl\":\"https:\/\/wz.wz-medcubes.de\/wp-content\/uploads\/2024\/05\/img-Teaserimage-2023-05-06_AOK_besucht_WZ-Heidelberg-data-1280x960.jpg\"},{\"@type\":\"BreadcrumbList\",\"@id\":\"https:\/\/www.wundzentren.de\/2023\/06\/07\/aok-baden-wuerttemberg-zu-besuch-im-wz-wundzentrum-heidelberg\/#breadcrumb\",\"itemListElement\":[{\"@type\":\"ListItem\",\"position\":1,\"name\":\"Startseite\",\"item\":\"https:\/\/www.wundzentren.de\/\"},{\"@type\":\"ListItem\",\"position\":2,\"name\":\"AOK-Baden-W\u00fcrttemberg zu Besuch im WZ-Wundzentrum Heidelberg\"}]},{\"@type\":\"WebSite\",\"@id\":\"https:\/\/www.wundzentren.de\/#website\",\"url\":\"https:\/\/www.wundzentren.de\/\",\"name\":\"WZ-WundZentren: Ihr Spezialist f\u00fcr die Behandlung von chronischen und schwer heilenden Wunden\",\"description\":\"\",\"potentialAction\":[{\"@type\":\"SearchAction\",\"target\":{\"@type\":\"EntryPoint\",\"urlTemplate\":\"https:\/\/www.wundzentren.de\/?s={search_term_string}\"},\"query-input\":{\"@type\":\"PropertyValueSpecification\",\"valueRequired\":true,\"valueName\":\"search_term_string\"}}],\"inLanguage\":\"en-GB\"},{\"@type\":\"Person\",\"@id\":\"https:\/\/www.wundzentren.de\/#\/schema\/person\/31764b4b2cface4d0a6c2fd0d39dcfeb\",\"name\":\"wundzentren\",\"image\":{\"@type\":\"ImageObject\",\"inLanguage\":\"en-GB\",\"@id\":\"https:\/\/www.wundzentren.de\/#\/schema\/person\/image\/\",\"url\":\"https:\/\/secure.gravatar.com\/avatar\/6aaf6a53554b39bea64f00cf30fefb0c4f2fa1767df7fd480c50d6b0b696112c?s=96&d=mm&r=g\",\"contentUrl\":\"https:\/\/secure.gravatar.com\/avatar\/6aaf6a53554b39bea64f00cf30fefb0c4f2fa1767df7fd480c50d6b0b696112c?s=96&d=mm&r=g\",\"caption\":\"wundzentren\"},\"sameAs\":[\"https:\/\/wz.wz-medcubes.de\"],\"url\":\"https:\/\/www.wundzentren.de\/en\/author\/wundzentren\/\"}]}<\/script>\n<!-- \/ Yoast SEO plugin. -->","yoast_head_json":{"title":"AOK-Baden-W\u00fcrttemberg zu Besuch im WZ-Wundzentrum Heidelberg - WZ-WundZentren: Ihr Spezialist f\u00fcr die Behandlung von chronischen und schwer heilenden Wunden","robots":{"index":"index","follow":"follow","max-snippet":"max-snippet:-1","max-image-preview":"max-image-preview:large","max-video-preview":"max-video-preview:-1"},"canonical":"https:\/\/www.wundzentren.de\/en\/2023\/06\/07\/aok-baden-wuerttemberg-zu-besuch-im-wz-wundzentrum-heidelberg\/","og_locale":"en_GB","og_type":"article","og_title":"AOK-Baden-W\u00fcrttemberg zu Besuch im WZ-Wundzentrum Heidelberg - WZ-WundZentren: Ihr Spezialist f\u00fcr die Behandlung von chronischen und schwer heilenden Wunden","og_description":"Unternehmen &amp; Leistungen Wundlexikon Standorte Jobs &#038;amp Karriere Neuigkeiten &amp;Presse Menu Neuigkeiten &amp; Presse Presse &#038; Aktuelles Messen &#8211; Veranstaltungen Presse-Fotos Ansprechpartner 3. AUGUST 2023 Erfolgreicher politischer Dialog im WZ-WundZentrum Mainz: Bundestagsabgeordnete Kordula Schulz-Asche (B\u00fcndnis 90\/Die Gr\u00fcnen) zu Besuch im WZ-WundZentrum Mainz D\u00fcsseldorf\/Mainz, 15.02.2024. Am 14. Februar lud das WZ-WundZentrum Mainz zum politischen Dialog in...","og_url":"https:\/\/www.wundzentren.de\/en\/2023\/06\/07\/aok-baden-wuerttemberg-zu-besuch-im-wz-wundzentrum-heidelberg\/","og_site_name":"WZ-WundZentren: Ihr Spezialist f\u00fcr die Behandlung von chronischen und schwer heilenden Wunden","article_published_time":"2023-06-07T02:47:02+00:00","article_modified_time":"2025-11-05T18:55:08+00:00","og_image":[{"url":"https:\/\/wz.wz-medcubes.de\/wp-content\/uploads\/2024\/05\/img-Teaserimage-2023-05-06_AOK_besucht_WZ-Heidelberg-data-1280x960.jpg","type":"","width":"","height":""}],"author":"wundzentren","twitter_card":"summary_large_image","twitter_misc":{"Written by":"wundzentren","Estimated reading time":"6 minutes"},"schema":{"@context":"https:\/\/schema.org","@graph":[{"@type":"WebPage","@id":"https:\/\/www.wundzentren.de\/2023\/06\/07\/aok-baden-wuerttemberg-zu-besuch-im-wz-wundzentrum-heidelberg\/","url":"https:\/\/www.wundzentren.de\/2023\/06\/07\/aok-baden-wuerttemberg-zu-besuch-im-wz-wundzentrum-heidelberg\/","name":"AOK-Baden-W\u00fcrttemberg zu Besuch im WZ-Wundzentrum Heidelberg - WZ-WundZentren: Ihr Spezialist f\u00fcr die Behandlung von chronischen und schwer heilenden Wunden","isPartOf":{"@id":"https:\/\/www.wundzentren.de\/#website"},"primaryImageOfPage":{"@id":"https:\/\/www.wundzentren.de\/2023\/06\/07\/aok-baden-wuerttemberg-zu-besuch-im-wz-wundzentrum-heidelberg\/#primaryimage"},"image":{"@id":"https:\/\/www.wundzentren.de\/2023\/06\/07\/aok-baden-wuerttemberg-zu-besuch-im-wz-wundzentrum-heidelberg\/#primaryimage"},"thumbnailUrl":"https:\/\/wz.wz-medcubes.de\/wp-content\/uploads\/2024\/05\/img-Teaserimage-2023-05-06_AOK_besucht_WZ-Heidelberg-data-1280x960.jpg","datePublished":"2023-06-07T02:47:02+00:00","dateModified":"2025-11-05T18:55:08+00:00","author":{"@id":"https:\/\/www.wundzentren.de\/#\/schema\/person\/31764b4b2cface4d0a6c2fd0d39dcfeb"},"breadcrumb":{"@id":"https:\/\/www.wundzentren.de\/2023\/06\/07\/aok-baden-wuerttemberg-zu-besuch-im-wz-wundzentrum-heidelberg\/#breadcrumb"},"inLanguage":"en-GB","potentialAction":[{"@type":"ReadAction","target":["https:\/\/www.wundzentren.de\/2023\/06\/07\/aok-baden-wuerttemberg-zu-besuch-im-wz-wundzentrum-heidelberg\/"]}]},{"@type":"ImageObject","inLanguage":"en-GB","@id":"https:\/\/www.wundzentren.de\/2023\/06\/07\/aok-baden-wuerttemberg-zu-besuch-im-wz-wundzentrum-heidelberg\/#primaryimage","url":"https:\/\/wz.wz-medcubes.de\/wp-content\/uploads\/2024\/05\/img-Teaserimage-2023-05-06_AOK_besucht_WZ-Heidelberg-data-1280x960.jpg","contentUrl":"https:\/\/wz.wz-medcubes.de\/wp-content\/uploads\/2024\/05\/img-Teaserimage-2023-05-06_AOK_besucht_WZ-Heidelberg-data-1280x960.jpg"},{"@type":"BreadcrumbList","@id":"https:\/\/www.wundzentren.de\/2023\/06\/07\/aok-baden-wuerttemberg-zu-besuch-im-wz-wundzentrum-heidelberg\/#breadcrumb","itemListElement":[{"@type":"ListItem","position":1,"name":"Startseite","item":"https:\/\/www.wundzentren.de\/"},{"@type":"ListItem","position":2,"name":"AOK-Baden-W\u00fcrttemberg zu Besuch im WZ-Wundzentrum Heidelberg"}]},{"@type":"WebSite","@id":"https:\/\/www.wundzentren.de\/#website","url":"https:\/\/www.wundzentren.de\/","name":"WZ-WundZentren: Ihr Spezialist f\u00fcr die Behandlung von chronischen und schwer heilenden Wunden","description":"","potentialAction":[{"@type":"SearchAction","target":{"@type":"EntryPoint","urlTemplate":"https:\/\/www.wundzentren.de\/?s={search_term_string}"},"query-input":{"@type":"PropertyValueSpecification","valueRequired":true,"valueName":"search_term_string"}}],"inLanguage":"en-GB"},{"@type":"Person","@id":"https:\/\/www.wundzentren.de\/#\/schema\/person\/31764b4b2cface4d0a6c2fd0d39dcfeb","name":"wundzentren","image":{"@type":"ImageObject","inLanguage":"en-GB","@id":"https:\/\/www.wundzentren.de\/#\/schema\/person\/image\/","url":"https:\/\/secure.gravatar.com\/avatar\/6aaf6a53554b39bea64f00cf30fefb0c4f2fa1767df7fd480c50d6b0b696112c?s=96&d=mm&r=g","contentUrl":"https:\/\/secure.gravatar.com\/avatar\/6aaf6a53554b39bea64f00cf30fefb0c4f2fa1767df7fd480c50d6b0b696112c?s=96&d=mm&r=g","caption":"wundzentren"},"sameAs":["https:\/\/wz.wz-medcubes.de"],"url":"https:\/\/www.wundzentren.de\/en\/author\/wundzentren\/"}]}},"rttpg_featured_image_url":null,"rttpg_author":{"display_name":"wundzentren","author_link":"https:\/\/www.wundzentren.de\/en\/author\/wundzentren\/"},"rttpg_comment":0,"rttpg_category":"<a href=\"https:\/\/www.wundzentren.de\/en\/category\/allgemein\/\" rel=\"category tag\">Allgemein<\/a>","rttpg_excerpt":"Unternehmen &amp; Leistungen Wundlexikon Standorte Jobs &#038;amp Karriere Neuigkeiten &amp;Presse Menu Neuigkeiten &amp; Presse Presse &#038; Aktuelles Messen &#8211; Veranstaltungen Presse-Fotos Ansprechpartner 3. AUGUST 2023 Erfolgreicher politischer Dialog im WZ-WundZentrum Mainz: Bundestagsabgeordnete Kordula Schulz-Asche (B\u00fcndnis 90\/Die Gr\u00fcnen) zu Besuch im WZ-WundZentrum Mainz D\u00fcsseldorf\/Mainz, 15.02.2024. Am 14. Februar lud das WZ-WundZentrum Mainz zum politischen Dialog in...","_links":{"self":[{"href":"https:\/\/www.wundzentren.de\/en\/wp-json\/wp\/v2\/posts\/8597","targetHints":{"allow":["GET"]}}],"collection":[{"href":"https:\/\/www.wundzentren.de\/en\/wp-json\/wp\/v2\/posts"}],"about":[{"href":"https:\/\/www.wundzentren.de\/en\/wp-json\/wp\/v2\/types\/post"}],"author":[{"embeddable":true,"href":"https:\/\/www.wundzentren.de\/en\/wp-json\/wp\/v2\/users\/1"}],"replies":[{"embeddable":true,"href":"https:\/\/www.wundzentren.de\/en\/wp-json\/wp\/v2\/comments?post=8597"}],"version-history":[{"count":21,"href":"https:\/\/www.wundzentren.de\/en\/wp-json\/wp\/v2\/posts\/8597\/revisions"}],"predecessor-version":[{"id":9759,"href":"https:\/\/www.wundzentren.de\/en\/wp-json\/wp\/v2\/posts\/8597\/revisions\/9759"}],"wp:attachment":[{"href":"https:\/\/www.wundzentren.de\/en\/wp-json\/wp\/v2\/media?parent=8597"}],"wp:term":[{"taxonomy":"category","embeddable":true,"href":"https:\/\/www.wundzentren.de\/en\/wp-json\/wp\/v2\/categories?post=8597"},{"taxonomy":"post_tag","embeddable":true,"href":"https:\/\/www.wundzentren.de\/en\/wp-json\/wp\/v2\/tags?post=8597"}],"curies":[{"name":"wp","href":"https:\/\/api.w.org\/{rel}","templated":true}]}}