{"id":12368,"date":"2025-11-05T13:38:41","date_gmt":"2025-11-05T12:38:41","guid":{"rendered":"https:\/\/www.wundzentren.de\/?p=12368"},"modified":"2025-11-05T19:55:06","modified_gmt":"2025-11-05T18:55:06","slug":"5-jahre-wz-wundzentrum-mainz-spezialisierte-ambulante-pflegeeinrichtung-feiert-jubilaeum","status":"publish","type":"post","link":"https:\/\/www.wundzentren.de\/en\/2025\/11\/05\/5-jahre-wz-wundzentrum-mainz-spezialisierte-ambulante-pflegeeinrichtung-feiert-jubilaeum\/","title":{"rendered":"5 Jahre WZ-WundZentrum Mainz \u2013 Spezialisierte ambulante Pflegeeinrichtung feiert Jubil\u00e4um"},"content":{"rendered":"<div data-elementor-type=\"wp-post\" data-elementor-id=\"12368\" class=\"elementor elementor-12368\">\n\t\t\t\t<div class=\"elementor-element elementor-element-8de270c e-con-full e-flex e-con e-child\" data-id=\"8de270c\" data-element_type=\"container\" data-settings=\"{&quot;background_background&quot;:&quot;slideshow&quot;,&quot;background_slideshow_gallery&quot;:[{&quot;id&quot;:12,&quot;url&quot;:&quot;https:\\\/\\\/wz.wz-medcubes.de\\\/wp-content\\\/uploads\\\/2024\\\/02\\\/img-headerbild-wundbehandlung-1.jpg&quot;}],&quot;background_slideshow_transition_duration&quot;:20,&quot;background_slideshow_loop&quot;:&quot;yes&quot;,&quot;background_slideshow_slide_duration&quot;:5000,&quot;background_slideshow_slide_transition&quot;:&quot;fade&quot;}\">\n\t\t<div class=\"elementor-element elementor-element-4b2aaf1 e-con-full e-flex e-con e-child\" data-id=\"4b2aaf1\" data-element_type=\"container\" data-settings=\"{&quot;background_background&quot;:&quot;slideshow&quot;,&quot;background_slideshow_gallery&quot;:[],&quot;background_slideshow_loop&quot;:&quot;yes&quot;,&quot;background_slideshow_slide_duration&quot;:5000,&quot;background_slideshow_slide_transition&quot;:&quot;fade&quot;,&quot;background_slideshow_transition_duration&quot;:500}\">\n\t\t<div class=\"elementor-element elementor-element-df1ee43 e-con-full e-flex e-con e-child\" data-id=\"df1ee43\" data-element_type=\"container\">\n\t\t<a class=\"elementor-element elementor-element-6ffb7df landing-nav-tab-hover e-flex e-con-boxed e-con e-child\" data-id=\"6ffb7df\" data-element_type=\"container\" data-settings=\"{&quot;background_background&quot;:&quot;classic&quot;}\" href=\"\/wordpress\/unternehmen-leistungen\/\">\n\t\t\t\t\t<div class=\"e-con-inner\">\n\t\t\t\t<div class=\"elementor-element elementor-element-2e0c613 landing-nav-tab-title elementor-widget elementor-widget-heading\" data-id=\"2e0c613\" data-element_type=\"widget\" data-widget_type=\"heading.default\">\n\t\t\t\t<div class=\"elementor-widget-container\">\n\t\t\t<style>\/*! elementor - v3.21.0 - 26-05-2024 *\/\n.elementor-heading-title{padding:0;margin:0;line-height:1}.elementor-widget-heading .elementor-heading-title[class*=elementor-size-]>a{color:inherit;font-size:inherit;line-height:inherit}.elementor-widget-heading .elementor-heading-title.elementor-size-small{font-size:15px}.elementor-widget-heading .elementor-heading-title.elementor-size-medium{font-size:19px}.elementor-widget-heading .elementor-heading-title.elementor-size-large{font-size:29px}.elementor-widget-heading .elementor-heading-title.elementor-size-xl{font-size:39px}.elementor-widget-heading .elementor-heading-title.elementor-size-xxl{font-size:59px}<\/style><h2 class=\"elementor-heading-title elementor-size-default\">Company &amp; <br>Services<\/h2>\t\t<\/div>\n\t\t\t\t<\/div>\n\t\t\t\t\t<\/div>\n\t\t\t\t<\/a>\n\t\t\t\t<\/div>\n\t\t<div class=\"elementor-element elementor-element-330062e e-con-full e-flex e-con e-child\" data-id=\"330062e\" data-element_type=\"container\">\n\t\t<a class=\"elementor-element elementor-element-e2e66bf landing-nav-tab-hover e-flex e-con-boxed e-con e-child\" data-id=\"e2e66bf\" data-element_type=\"container\" data-settings=\"{&quot;background_background&quot;:&quot;classic&quot;}\" href=\"\/wordpress\/wundlexikon\/\">\n\t\t\t\t\t<div class=\"e-con-inner\">\n\t\t\t\t<div class=\"elementor-element elementor-element-89ea20b landing-nav-tab-title elementor-widget elementor-widget-heading\" data-id=\"89ea20b\" data-element_type=\"widget\" data-widget_type=\"heading.default\">\n\t\t\t\t<div class=\"elementor-widget-container\">\n\t\t\t<h2 class=\"elementor-heading-title elementor-size-default\">Wound dictionary<\/h2>\t\t<\/div>\n\t\t\t\t<\/div>\n\t\t\t\t\t<\/div>\n\t\t\t\t<\/a>\n\t\t\t\t<\/div>\n\t\t<div class=\"elementor-element elementor-element-82bd67d e-con-full e-flex e-con e-child\" data-id=\"82bd67d\" data-element_type=\"container\">\n\t\t<a class=\"elementor-element elementor-element-20688c5 landing-nav-tab-hover e-flex e-con-boxed e-con e-child\" data-id=\"20688c5\" data-element_type=\"container\" data-settings=\"{&quot;background_background&quot;:&quot;classic&quot;}\" href=\"\/wordpress\/standorte\/\">\n\t\t\t\t\t<div class=\"e-con-inner\">\n\t\t\t\t<div class=\"elementor-element elementor-element-2c70851 landing-nav-tab-title elementor-widget elementor-widget-heading\" data-id=\"2c70851\" data-element_type=\"widget\" data-widget_type=\"heading.default\">\n\t\t\t\t<div class=\"elementor-widget-container\">\n\t\t\t<h2 class=\"elementor-heading-title elementor-size-default\">Locations<\/h2>\t\t<\/div>\n\t\t\t\t<\/div>\n\t\t\t\t\t<\/div>\n\t\t\t\t<\/a>\n\t\t\t\t<\/div>\n\t\t<div class=\"elementor-element elementor-element-dc5afda e-con-full e-flex e-con e-child\" data-id=\"dc5afda\" data-element_type=\"container\">\n\t\t<a class=\"elementor-element elementor-element-15fe35c landing-nav-tab-hover e-flex e-con-boxed e-con e-child\" data-id=\"15fe35c\" data-element_type=\"container\" data-settings=\"{&quot;background_background&quot;:&quot;classic&quot;}\" href=\"\/wordpress\/karriere\/\">\n\t\t\t\t\t<div class=\"e-con-inner\">\n\t\t\t\t<div class=\"elementor-element elementor-element-97fac2b landing-nav-tab-title elementor-widget elementor-widget-heading\" data-id=\"97fac2b\" data-element_type=\"widget\" data-widget_type=\"heading.default\">\n\t\t\t\t<div class=\"elementor-widget-container\">\n\t\t\t<h2 class=\"elementor-heading-title elementor-size-default\">Jobs and career<\/h2>\t\t<\/div>\n\t\t\t\t<\/div>\n\t\t\t\t\t<\/div>\n\t\t\t\t<\/a>\n\t\t\t\t<\/div>\n\t\t<div class=\"elementor-element elementor-element-3dd6e17 e-con-full e-flex e-con e-child\" data-id=\"3dd6e17\" data-element_type=\"container\">\n\t\t<a class=\"elementor-element elementor-element-0dff254 landing-nav-tab-hover e-flex e-con-boxed e-con e-child\" data-id=\"0dff254\" data-element_type=\"container\" data-settings=\"{&quot;background_background&quot;:&quot;classic&quot;}\" href=\"\/wordpress\/presse\/\">\n\t\t\t\t\t<div class=\"e-con-inner\">\n\t\t\t\t<div class=\"elementor-element elementor-element-d812f5d landing-nav-tab-title elementor-widget elementor-widget-heading\" data-id=\"d812f5d\" data-element_type=\"widget\" data-widget_type=\"heading.default\">\n\t\t\t\t<div class=\"elementor-widget-container\">\n\t\t\t<h2 class=\"elementor-heading-title elementor-size-default\">News &amp;<br>Press<\/h2>\t\t<\/div>\n\t\t\t\t<\/div>\n\t\t\t\t\t<\/div>\n\t\t\t\t<\/a>\n\t\t\t\t<\/div>\n\t\t\t\t<\/div>\n\t\t\t\t<div class=\"elementor-element elementor-element-7748494 hfe-submenu-icon-plus hfe-nav-menu__breakpoint-none elementor-widget__width-initial hfe-link-redirect-self_link start-menu-active elementor-absolute hfe-nav-menu__align-left elementor-widget elementor-widget-navigation-menu\" data-id=\"7748494\" data-element_type=\"widget\" data-settings=\"{&quot;toggle_size&quot;:{&quot;unit&quot;:&quot;px&quot;,&quot;size&quot;:40,&quot;sizes&quot;:[]},&quot;toggle_border_width&quot;:{&quot;unit&quot;:&quot;px&quot;,&quot;size&quot;:0,&quot;sizes&quot;:[]},&quot;_position&quot;:&quot;absolute&quot;,&quot;padding_horizontal_menu_item&quot;:{&quot;unit&quot;:&quot;px&quot;,&quot;size&quot;:15,&quot;sizes&quot;:[]},&quot;padding_horizontal_menu_item_tablet&quot;:{&quot;unit&quot;:&quot;px&quot;,&quot;size&quot;:&quot;&quot;,&quot;sizes&quot;:[]},&quot;padding_horizontal_menu_item_mobile&quot;:{&quot;unit&quot;:&quot;px&quot;,&quot;size&quot;:&quot;&quot;,&quot;sizes&quot;:[]},&quot;padding_vertical_menu_item&quot;:{&quot;unit&quot;:&quot;px&quot;,&quot;size&quot;:15,&quot;sizes&quot;:[]},&quot;padding_vertical_menu_item_tablet&quot;:{&quot;unit&quot;:&quot;px&quot;,&quot;size&quot;:&quot;&quot;,&quot;sizes&quot;:[]},&quot;padding_vertical_menu_item_mobile&quot;:{&quot;unit&quot;:&quot;px&quot;,&quot;size&quot;:&quot;&quot;,&quot;sizes&quot;:[]},&quot;menu_space_between&quot;:{&quot;unit&quot;:&quot;px&quot;,&quot;size&quot;:&quot;&quot;,&quot;sizes&quot;:[]},&quot;menu_space_between_tablet&quot;:{&quot;unit&quot;:&quot;px&quot;,&quot;size&quot;:&quot;&quot;,&quot;sizes&quot;:[]},&quot;menu_space_between_mobile&quot;:{&quot;unit&quot;:&quot;px&quot;,&quot;size&quot;:&quot;&quot;,&quot;sizes&quot;:[]},&quot;dropdown_border_radius&quot;:{&quot;unit&quot;:&quot;px&quot;,&quot;top&quot;:&quot;&quot;,&quot;right&quot;:&quot;&quot;,&quot;bottom&quot;:&quot;&quot;,&quot;left&quot;:&quot;&quot;,&quot;isLinked&quot;:true},&quot;dropdown_border_radius_tablet&quot;:{&quot;unit&quot;:&quot;px&quot;,&quot;top&quot;:&quot;&quot;,&quot;right&quot;:&quot;&quot;,&quot;bottom&quot;:&quot;&quot;,&quot;left&quot;:&quot;&quot;,&quot;isLinked&quot;:true},&quot;dropdown_border_radius_mobile&quot;:{&quot;unit&quot;:&quot;px&quot;,&quot;top&quot;:&quot;&quot;,&quot;right&quot;:&quot;&quot;,&quot;bottom&quot;:&quot;&quot;,&quot;left&quot;:&quot;&quot;,&quot;isLinked&quot;:true},&quot;padding_horizontal_dropdown_item&quot;:{&quot;unit&quot;:&quot;px&quot;,&quot;size&quot;:&quot;&quot;,&quot;sizes&quot;:[]},&quot;padding_horizontal_dropdown_item_tablet&quot;:{&quot;unit&quot;:&quot;px&quot;,&quot;size&quot;:&quot;&quot;,&quot;sizes&quot;:[]},&quot;padding_horizontal_dropdown_item_mobile&quot;:{&quot;unit&quot;:&quot;px&quot;,&quot;size&quot;:&quot;&quot;,&quot;sizes&quot;:[]},&quot;padding_vertical_dropdown_item&quot;:{&quot;unit&quot;:&quot;px&quot;,&quot;size&quot;:15,&quot;sizes&quot;:[]},&quot;padding_vertical_dropdown_item_tablet&quot;:{&quot;unit&quot;:&quot;px&quot;,&quot;size&quot;:&quot;&quot;,&quot;sizes&quot;:[]},&quot;padding_vertical_dropdown_item_mobile&quot;:{&quot;unit&quot;:&quot;px&quot;,&quot;size&quot;:&quot;&quot;,&quot;sizes&quot;:[]},&quot;distance_from_menu&quot;:{&quot;unit&quot;:&quot;px&quot;,&quot;size&quot;:&quot;&quot;,&quot;sizes&quot;:[]},&quot;distance_from_menu_tablet&quot;:{&quot;unit&quot;:&quot;px&quot;,&quot;size&quot;:&quot;&quot;,&quot;sizes&quot;:[]},&quot;distance_from_menu_mobile&quot;:{&quot;unit&quot;:&quot;px&quot;,&quot;size&quot;:&quot;&quot;,&quot;sizes&quot;:[]},&quot;toggle_size_tablet&quot;:{&quot;unit&quot;:&quot;px&quot;,&quot;size&quot;:&quot;&quot;,&quot;sizes&quot;:[]},&quot;toggle_size_mobile&quot;:{&quot;unit&quot;:&quot;px&quot;,&quot;size&quot;:&quot;&quot;,&quot;sizes&quot;:[]},&quot;toggle_border_width_tablet&quot;:{&quot;unit&quot;:&quot;px&quot;,&quot;size&quot;:&quot;&quot;,&quot;sizes&quot;:[]},&quot;toggle_border_width_mobile&quot;:{&quot;unit&quot;:&quot;px&quot;,&quot;size&quot;:&quot;&quot;,&quot;sizes&quot;:[]},&quot;toggle_border_radius&quot;:{&quot;unit&quot;:&quot;px&quot;,&quot;size&quot;:&quot;&quot;,&quot;sizes&quot;:[]},&quot;toggle_border_radius_tablet&quot;:{&quot;unit&quot;:&quot;px&quot;,&quot;size&quot;:&quot;&quot;,&quot;sizes&quot;:[]},&quot;toggle_border_radius_mobile&quot;:{&quot;unit&quot;:&quot;px&quot;,&quot;size&quot;:&quot;&quot;,&quot;sizes&quot;:[]}}\" data-widget_type=\"navigation-menu.default\">\n\t\t\t\t<div class=\"elementor-widget-container\">\n\t\t\t\t\t\t<div class=\"hfe-nav-menu hfe-layout-vertical hfe-nav-menu-layout vertical\" data-layout=\"vertical\">\n\t\t\t\t<div role=\"button\" class=\"hfe-nav-menu__toggle elementor-clickable\">\n\t\t\t\t\t<span class=\"screen-reader-text\">Menu<\/span>\n\t\t\t\t\t<div class=\"hfe-nav-menu-icon\">\n\t\t\t\t\t\t\t\t\t\t\t<\/div>\n\t\t\t\t<\/div>\n\t\t\t\t<nav itemscope=\"itemscope\" itemtype=\"https:\/\/schema.org\/SiteNavigationElement\" class=\"hfe-nav-menu__layout-vertical hfe-nav-menu__submenu-plus\" data-toggle-icon=\"\" data-close-icon=\"\" data-full-width=\"\">\n\t\t\t\t\t<ul id=\"menu-1-7748494\" class=\"hfe-nav-menu\"><li id=\"menu-item-5347\" itemprop=\"name\" class=\"menu-item menu-item-type-post_type menu-item-object-page parent hfe-creative-menu\"><a href=\"https:\/\/www.wundzentren.de\/en\/presse\/\" itemprop=\"url\" class = \"hfe-menu-item\">News &amp; Press<\/a><\/li>\n<li id=\"menu-item-5342\" itemprop=\"name\" class=\"menu-item menu-item-type-post_type menu-item-object-page parent hfe-creative-menu\"><a href=\"https:\/\/www.wundzentren.de\/en\/presse\/pressemitteilungen\/\" itemprop=\"url\" class = \"hfe-menu-item\">Press &amp; News<\/a><\/li>\n<li id=\"menu-item-5341\" itemprop=\"name\" class=\"menu-item menu-item-type-post_type menu-item-object-page parent hfe-creative-menu\"><a href=\"https:\/\/www.wundzentren.de\/en\/presse\/messen-veranstaltungen\/\" itemprop=\"url\" class = \"hfe-menu-item\">Trade fairs &amp; Events<\/a><\/li>\n<li id=\"menu-item-5340\" itemprop=\"name\" class=\"menu-item menu-item-type-post_type menu-item-object-page parent hfe-creative-menu\"><a href=\"https:\/\/www.wundzentren.de\/en\/presse\/pressefotos\/\" itemprop=\"url\" class = \"hfe-menu-item\">Press photos<\/a><\/li>\n<li id=\"menu-item-5339\" itemprop=\"name\" class=\"menu-item menu-item-type-post_type menu-item-object-page parent hfe-creative-menu\"><a href=\"https:\/\/www.wundzentren.de\/en\/presse\/ansprechpartner\/\" itemprop=\"url\" class = \"hfe-menu-item\">Contact<\/a><\/li>\n<\/ul> \n\t\t\t\t<\/nav>\n\t\t\t<\/div>\n\t\t\t\t\t<\/div>\n\t\t\t\t<\/div>\n\t\t\t\t<\/div>\n\t\t<div class=\"elementor-element elementor-element-9f8d070 e-flex e-con-boxed e-con e-parent\" data-id=\"9f8d070\" data-element_type=\"container\">\n\t\t\t\t\t<div class=\"e-con-inner\">\n\t\t<div class=\"elementor-element elementor-element-f46e960 e-con-full e-flex e-con e-child\" data-id=\"f46e960\" data-element_type=\"container\">\n\t\t\t\t<div class=\"elementor-element elementor-element-b4e02fb elementor-widget elementor-widget-image\" data-id=\"b4e02fb\" data-element_type=\"widget\" data-widget_type=\"image.default\">\n\t\t\t\t<div class=\"elementor-widget-container\">\n\t\t\t<style>\/*! elementor - v3.21.0 - 26-05-2024 *\/\n.elementor-widget-image{text-align:center}.elementor-widget-image a{display:inline-block}.elementor-widget-image a img[src$=\".svg\"]{width:48px}.elementor-widget-image img{vertical-align:middle;display:inline-block}<\/style>\t\t\t\t\t\t\t\t\t\t<img fetchpriority=\"high\" decoding=\"async\" width=\"1536\" height=\"1024\" src=\"https:\/\/www.wundzentren.de\/wp-content\/uploads\/2025\/11\/ABP_1060-1536x1024.jpg\" class=\"attachment-1536x1536 size-1536x1536 wp-image-12385\" alt=\"\" \/>\t\t\t\t\t\t\t\t\t\t\t\t\t<\/div>\n\t\t\t\t<\/div>\n\t\t\t\t<div class=\"elementor-element elementor-element-2aa378d elementor-widget elementor-widget-heading\" data-id=\"2aa378d\" data-element_type=\"widget\" data-widget_type=\"heading.default\">\n\t\t\t\t<div class=\"elementor-widget-container\">\n\t\t\t<h2 class=\"elementor-heading-title elementor-size-default\"><dl style=\"-webkit-tap-highlight-color: transparent; box-sizing: inherit; margin-bottom: 10px; font-size: 0.75rem; color: rgb(77, 77, 77); opacity: 0.7; text-transform: uppercase; font-family: Barlow-Medium, Helvetica, Arial, Lucida; white-space-collapse: collapse;\"><dd style=\"-webkit-tap-highlight-color: transparent; box-sizing: inherit; margin-bottom: 0px; margin-left: 0px;\"><time datetime=\"03.08.2023\" style=\"-webkit-tap-highlight-color: transparent; box-sizing: inherit;\">05. August 2025<\/time><\/dd><\/dl><\/h2>\t\t<\/div>\n\t\t\t\t<\/div>\n\t\t\t\t<div class=\"elementor-element elementor-element-215f8d7 elementor-widget elementor-widget-heading\" data-id=\"215f8d7\" data-element_type=\"widget\" data-widget_type=\"heading.default\">\n\t\t\t\t<div class=\"elementor-widget-container\">\n\t\t\t<h1 class=\"elementor-heading-title elementor-size-default\"><span style=\"font-size: 33.3333px; font-family: Barlow, Helvetica, Arial, sans-serif;\"><b>5 Jahre WZ-WundZentrum Mainz \u2013 Spezialisierte ambulante Pflegeeinrichtung feiert Jubil\u00e4um<\/b><\/span><br><\/h1>\t\t<\/div>\n\t\t\t\t<\/div>\n\t\t\t\t<div class=\"elementor-element elementor-element-639c62d elementor-widget elementor-widget-text-editor\" data-id=\"639c62d\" data-element_type=\"widget\" data-widget_type=\"text-editor.default\">\n\t\t\t\t<div class=\"elementor-widget-container\">\n\t\t\t<style>\/*! elementor - v3.21.0 - 26-05-2024 *\/\n.elementor-widget-text-editor.elementor-drop-cap-view-stacked .elementor-drop-cap{background-color:#69727d;color:#fff}.elementor-widget-text-editor.elementor-drop-cap-view-framed .elementor-drop-cap{color:#69727d;border:3px solid;background-color:transparent}.elementor-widget-text-editor:not(.elementor-drop-cap-view-default) .elementor-drop-cap{margin-top:8px}.elementor-widget-text-editor:not(.elementor-drop-cap-view-default) .elementor-drop-cap-letter{width:1em;height:1em}.elementor-widget-text-editor .elementor-drop-cap{float:left;text-align:center;line-height:1;font-size:50px}.elementor-widget-text-editor .elementor-drop-cap-letter{display:inline-block}<\/style>\t\t\t\t<div style=\"-webkit-tap-highlight-color: transparent; box-sizing: inherit; position: relative; width: 840px; padding-right: 20px; padding-left: 20px;\"><div style=\"-webkit-tap-highlight-color: transparent; box-sizing: inherit; counter-reset: section 0; width: 800px; color: #777777; font-size: 1.15rem; line-height: 1.625rem; font-family: Barlow, Helvetica, Arial, Lucida, sans-serif;\"><p style=\"font-size: 1.15rem; color: #777777; line-height: 1.625rem; font-weight: 400; margin-bottom: 15px;\"><a style=\"box-sizing: inherit; transition-property: all; color: #8cb8c6; font-size: 18.4px; -webkit-tap-highlight-color: transparent; font-weight: 600;\" href=\"https:\/\/www.wundzentren.de\/wp-content\/uploads\/2025\/10\/082025_PM_5_Jahre_WZ-Mainz.pdf\" target=\"_blank\" rel=\"noopener\">Download Pressemitteilung (PDF 328 KB)<\/a><i><\/i><\/p><\/div><\/div><section style=\"-webkit-tap-highlight-color: transparent; box-sizing: inherit; width: 840px;\"><div style=\"-webkit-tap-highlight-color: transparent; box-sizing: inherit; counter-reset: section 0; padding-right: 20px; padding-left: 20px; width: 840px; color: #777777; font-family: Barlow, Helvetica, Arial, Lucida, sans-serif;\"><p><em>D\u00fcsseldorf\/Mainz, 05.08.2025<\/em>. <strong>Am 03. August 2025 feierte das WZ-WundZentrum Mainz sein 5-j\u00e4hriges Bestehen. Seitdem bietet das WZ-WundZentrum Mainz Menschen mit chronischen und schwer heilenden Wunden in der Region evidenzbasierte, spezialisierte, ambulante Behandlungsm\u00f6glichkeiten.<\/strong><\/p><p><br \/>\u201e5 Jahre WZ Mainz \u2013 das steht f\u00fcr engagierte, spezialisierte Versorgung, ein starkes Team und eine kontinuierliche Verbesserung der Lebensqualit\u00e4t unserer Patientinnen und Patienten\u201c, so Andr\u00e9 Lantin, Inhaber und Gr\u00fcnder der WZ-WundZentren GmbH, die \u00fcber 22 Standorte in f\u00fcnf Bundesl\u00e4ndern verf\u00fcgt. \u201eUnser Dank gilt besonders all unseren Partnern und Zuweisern f\u00fcr das Vertrauen und die gute Zusammenarbeit, die eine erfolgreiche Behandlung unserer Patient:innen erst erm\u00f6glichen.\u201c, so Lantin weiter.<\/p><p><br \/>\u201eWir haben das Jubil\u00e4um im kleinen Rahmen gefeiert \u2013 mit Stolz auf das bisher Erreichte und dem Blick nach vorn: Denn auch in Zukunft m\u00f6chten wir, das gesamte Team des WZ Mainz einen aktiven Beitrag zur Verbesserung der ambulanten Wundversorgung in der Region leisten\u201c, so die Standortleitung Daniela Folz.<\/p><p><br \/><strong>Chronische Wunden betreffen \u00fcber zwei Millionen Menschen in Deutschland. <\/strong><\/p><p>Typische Ursachen sind ven\u00f6se oder arterielle Durchblutungsst\u00f6rungen, Diabetes oder Druckgeschw\u00fcre.<br \/>Das WZ-WundZentrum Mainz bietet diesen Betroffenen spezialisierte Unterst\u00fctzung durch umfassende Anamnese, pers\u00f6nliche Beratung und evidenzbasierte Wundbehandlung. Ziel ist eine m\u00f6glichst schnelle und nachhaltige Wundheilung \u2013 und damit eine sp\u00fcrbare Verbesserung der Lebensqualit\u00e4t.<\/p><p><br \/>Die Patient:innen profitieren dabei von stets aktuellen pflegerischen und therapeutischen Ans\u00e4tzen. Die Leistungen werden f\u00fcr gesetzlich Versicherte vollst\u00e4ndig von den Krankenkassen \u00fcbernommen.<\/p><p>Weitere Informationen zu Leistungen und Kontaktm\u00f6glichkeiten am Standort Mainz unter: <a href=\"https:\/\/www.wundzentren.de\/mainz\/\">https:\/\/www.wundzentren.de\/mainz\/<\/a>.<\/p><\/div><\/section>\t\t\t\t\t\t<\/div>\n\t\t\t\t<\/div>\n\t\t<div class=\"elementor-element elementor-element-22daf0c e-flex e-con-boxed e-con e-child\" data-id=\"22daf0c\" data-element_type=\"container\">\n\t\t\t\t\t<div class=\"e-con-inner\">\n\t\t<div class=\"elementor-element elementor-element-3effeef e-con-full e-flex e-con e-child\" data-id=\"3effeef\" data-element_type=\"container\">\n\t\t\t\t<div class=\"elementor-element elementor-element-85de473 elementor-widget__width-inherit elementor-widget elementor-widget-text-editor\" data-id=\"85de473\" data-element_type=\"widget\" data-widget_type=\"text-editor.default\">\n\t\t\t\t<div class=\"elementor-widget-container\">\n\t\t\t\t\t\t\t<p><strong>About WCC-WoundCareCenters<\/strong><br \/>Seit 2008 konnten an aktuell 22 Standorten in f\u00fcnf Bundesl\u00e4ndern Deutschlands mehr als 50.000 Patient:innen mit dem bew\u00e4hrten Behandlungskonzept der WZ-WundZentren erfolgreich behandelt werden. Die WZ-WundZentren sind spezialisierte ambulante Pflegeeinrichtungen mit h\u00f6chsten hygienischen Standards, in denen ausschlie\u00dflich Patient:innen mit chronischen und schwer heilenden Wunden behandelt werden. Die Leistungen in den WZ-WundZentren als spezialisierte Einrichtungen werden von den Krankenkassen \u00fcber \u00a7 37 Abs. 7 SGB V auf der Grundlage der h\u00e4uslichen Krankenpflege nach \u00a7132a geltend gemacht.<br \/>In unseren Einrichtungen arbeiten Pflegefachpersonen, die zus\u00e4tzlich zu ihrer 3-j\u00e4hrigen Ausbildung in der Kranken- oder Altenpflege \u00fcber eine spezialisierte Zusatzqualifikation in der Wundbehandlung verf\u00fcgen.<br \/>Die WZ-WundZentren GmbH mit Sitz in D\u00fcsseldorf ist ein Unternehmen der recucare-Gruppe.<br \/>Weitere Informationen unter <a href=\"https:\/\/www.wundzentren.de\/\">https:\/\/www.wundzentren.de\/<\/a>.<\/p>\t\t\t\t\t\t<\/div>\n\t\t\t\t<\/div>\n\t\t\t\t<\/div>\n\t\t\t\t<div class=\"elementor-element elementor-element-fd5aa88 elementor-widget elementor-widget-text-editor\" data-id=\"fd5aa88\" data-element_type=\"widget\" data-widget_type=\"text-editor.default\">\n\t\t\t\t<div class=\"elementor-widget-container\">\n\t\t\t\t\t\t\t<div class=\"b-intro is-no-divider\" style=\"-webkit-tap-highlight-color: transparent; box-sizing: inherit; position: relative; width: 840px; padding-right: 20px; padding-left: 20px;\"><div class=\"content b-richtext-content\" style=\"-webkit-tap-highlight-color: transparent; box-sizing: inherit; counter-reset: section 0; width: 800px; color: #777777; font-size: 1.25rem; line-height: 1.6875rem;\"><p style=\"-webkit-tap-highlight-color: transparent; box-sizing: inherit; margin-bottom: 15px; font-size: 1.15rem; line-height: 1.625rem; font-family: Barlow-Medium, Helvetica, Arial, Lucida;\"><span style=\"-webkit-tap-highlight-color: transparent; box-sizing: inherit; font-weight: 600;\">Pressekontakt:<\/span><\/p><p style=\"-webkit-tap-highlight-color: transparent; box-sizing: inherit; margin-bottom: 15px; font-size: 1.15rem; line-height: 1.625rem; font-family: Barlow-Medium, Helvetica, Arial, Lucida;\">recucare GmbH<br style=\"-webkit-tap-highlight-color: transparent; box-sizing: inherit;\" \/>Catarina Fretwurst<\/p><p style=\"-webkit-tap-highlight-color: transparent; box-sizing: inherit; margin-bottom: 15px; font-size: 1.15rem; line-height: 1.625rem; font-family: Barlow-Medium, Helvetica, Arial, Lucida;\">Heilbronner Stra\u00dfe 156<br style=\"-webkit-tap-highlight-color: transparent; box-sizing: inherit;\" \/>70191 Stuttgart<br style=\"-webkit-tap-highlight-color: transparent; box-sizing: inherit;\" \/>Tel.: 0711 &#8211; 900 071 10 44<br style=\"-webkit-tap-highlight-color: transparent; box-sizing: inherit;\" \/>E-Mail:\u00a0<a style=\"-webkit-tap-highlight-color: transparent; box-sizing: inherit; color: #8cb8c6; font-weight: 600;\" href=\"mailto:presse@recucare.de\" target=\"_blank\" rel=\"noopener\">presse@recucare.de<\/a><\/p><p style=\"-webkit-tap-highlight-color: transparent; box-sizing: inherit; margin-bottom: 15px; font-size: 1.15rem; line-height: 1.625rem; font-family: Barlow-Medium, Helvetica, Arial, Lucida;\"><span style=\"-webkit-tap-highlight-color: transparent; box-sizing: inherit; font-weight: 600;\">Weiterf\u00fchrende Links:<\/span><br style=\"-webkit-tap-highlight-color: transparent; box-sizing: inherit;\" \/><a style=\"-webkit-tap-highlight-color: transparent; box-sizing: inherit; color: #8cb8c6; font-weight: 600;\" href=\"https:\/\/www.wundzentren.de\/wz-de\/presse\/pressefotos\" target=\"_blank\" rel=\"noopener\">https:\/\/wundzentren.de\/presse\/pressefotos<\/a><\/p><\/div><\/div><section class=\"b-article-section\" style=\"-webkit-tap-highlight-color: transparent; box-sizing: inherit; width: 840px;\"><div class=\"b-richtext-content\" style=\"-webkit-tap-highlight-color: transparent; box-sizing: inherit; counter-reset: section 0; padding-right: 20px; padding-left: 20px; width: 840px; color: #777777;\"><p style=\"-webkit-tap-highlight-color: transparent; box-sizing: inherit; font-weight: 400; margin-bottom: 15px; font-size: 1.15rem; line-height: 1.625rem;\">\u00a0<\/p><\/div><\/section>\t\t\t\t\t\t<\/div>\n\t\t\t\t<\/div>\n\t\t\t\t\t<\/div>\n\t\t\t\t<\/div>\n\t\t\t\t<\/div>\n\t\t\t\t\t<\/div>\n\t\t\t\t<\/div>\n\t\t\t\t<\/div>","protected":false},"excerpt":{"rendered":"<p>Unternehmen &amp; Leistungen Wundlexikon Standorte Jobs &#038;amp Karriere Neuigkeiten &amp;Presse Men\u00fc Neuigkeiten &#038; Presse Presse &#038; Aktuelles Messen &#8211; Veranstaltungen Presse-Fotos Ansprechpartner 05. August 2025 5 Jahre WZ-WundZentrum Mainz \u2013 Spezialisierte ambulante Pflegeeinrichtung feiert Jubil\u00e4um Download Pressemitteilung (PDF 328 KB) D\u00fcsseldorf\/Mainz, 05.08.2025. Am 03. August 2025 feierte das WZ-WundZentrum Mainz sein 5-j\u00e4hriges Bestehen. Seitdem bietet&#8230;<\/p>","protected":false},"author":6,"featured_media":0,"comment_status":"closed","ping_status":"open","sticky":false,"template":"","format":"standard","meta":{"footnotes":""},"categories":[1],"tags":[],"class_list":["post-12368","post","type-post","status-publish","format-standard","hentry","category-allgemein"],"yoast_head":"<!-- This site is optimized with the Yoast SEO plugin v24.4 - https:\/\/yoast.com\/wordpress\/plugins\/seo\/ -->\n<title>5 Jahre WZ-WundZentrum Mainz \u2013 Spezialisierte ambulante Pflegeeinrichtung feiert Jubil\u00e4um - WZ-WundZentren: Ihr Spezialist f\u00fcr die Behandlung von chronischen und schwer heilenden Wunden<\/title>\n<meta name=\"robots\" content=\"index, follow, max-snippet:-1, max-image-preview:large, max-video-preview:-1\" \/>\n<link rel=\"canonical\" href=\"https:\/\/www.wundzentren.de\/en\/2025\/11\/05\/5-jahre-wz-wundzentrum-mainz-spezialisierte-ambulante-pflegeeinrichtung-feiert-jubilaeum\/\" \/>\n<meta property=\"og:locale\" content=\"en_GB\" \/>\n<meta property=\"og:type\" content=\"article\" \/>\n<meta property=\"og:title\" content=\"5 Jahre WZ-WundZentrum Mainz \u2013 Spezialisierte ambulante Pflegeeinrichtung feiert Jubil\u00e4um - WZ-WundZentren: Ihr Spezialist f\u00fcr die Behandlung von chronischen und schwer heilenden Wunden\" \/>\n<meta property=\"og:description\" content=\"Unternehmen &amp; Leistungen Wundlexikon Standorte Jobs &#038;amp Karriere Neuigkeiten &amp;Presse Men\u00fc Neuigkeiten &#038; Presse Presse &#038; Aktuelles Messen &#8211; Veranstaltungen Presse-Fotos Ansprechpartner 05. August 2025 5 Jahre WZ-WundZentrum Mainz \u2013 Spezialisierte ambulante Pflegeeinrichtung feiert Jubil\u00e4um Download Pressemitteilung (PDF 328 KB) D\u00fcsseldorf\/Mainz, 05.08.2025. Am 03. August 2025 feierte das WZ-WundZentrum Mainz sein 5-j\u00e4hriges Bestehen. Seitdem bietet...\" \/>\n<meta property=\"og:url\" content=\"https:\/\/www.wundzentren.de\/en\/2025\/11\/05\/5-jahre-wz-wundzentrum-mainz-spezialisierte-ambulante-pflegeeinrichtung-feiert-jubilaeum\/\" \/>\n<meta property=\"og:site_name\" content=\"WZ-WundZentren: Ihr Spezialist f\u00fcr die Behandlung von chronischen und schwer heilenden Wunden\" \/>\n<meta property=\"article:published_time\" content=\"2025-11-05T12:38:41+00:00\" \/>\n<meta property=\"article:modified_time\" content=\"2025-11-05T18:55:06+00:00\" \/>\n<meta property=\"og:image\" content=\"https:\/\/www.wundzentren.de\/wp-content\/uploads\/2025\/11\/ABP_1060-1536x1024.jpg\" \/>\n<meta name=\"author\" content=\"Catarina Fretwurst\" \/>\n<meta name=\"twitter:card\" content=\"summary_large_image\" \/>\n<meta name=\"twitter:label1\" content=\"Written by\" \/>\n\t<meta name=\"twitter:data1\" content=\"Catarina Fretwurst\" \/>\n\t<meta name=\"twitter:label2\" content=\"Estimated reading time\" \/>\n\t<meta name=\"twitter:data2\" content=\"3 minutes\" \/>\n<script type=\"application\/ld+json\" class=\"yoast-schema-graph\">{\"@context\":\"https:\/\/schema.org\",\"@graph\":[{\"@type\":\"WebPage\",\"@id\":\"https:\/\/www.wundzentren.de\/2025\/11\/05\/5-jahre-wz-wundzentrum-mainz-spezialisierte-ambulante-pflegeeinrichtung-feiert-jubilaeum\/\",\"url\":\"https:\/\/www.wundzentren.de\/2025\/11\/05\/5-jahre-wz-wundzentrum-mainz-spezialisierte-ambulante-pflegeeinrichtung-feiert-jubilaeum\/\",\"name\":\"5 Jahre WZ-WundZentrum Mainz \u2013 Spezialisierte ambulante Pflegeeinrichtung feiert Jubil\u00e4um - WZ-WundZentren: Ihr Spezialist f\u00fcr die Behandlung von chronischen und schwer heilenden Wunden\",\"isPartOf\":{\"@id\":\"https:\/\/www.wundzentren.de\/#website\"},\"primaryImageOfPage\":{\"@id\":\"https:\/\/www.wundzentren.de\/2025\/11\/05\/5-jahre-wz-wundzentrum-mainz-spezialisierte-ambulante-pflegeeinrichtung-feiert-jubilaeum\/#primaryimage\"},\"image\":{\"@id\":\"https:\/\/www.wundzentren.de\/2025\/11\/05\/5-jahre-wz-wundzentrum-mainz-spezialisierte-ambulante-pflegeeinrichtung-feiert-jubilaeum\/#primaryimage\"},\"thumbnailUrl\":\"https:\/\/www.wundzentren.de\/wp-content\/uploads\/2025\/11\/ABP_1060-1536x1024.jpg\",\"datePublished\":\"2025-11-05T12:38:41+00:00\",\"dateModified\":\"2025-11-05T18:55:06+00:00\",\"author\":{\"@id\":\"https:\/\/www.wundzentren.de\/#\/schema\/person\/fd3c16596ef822a273bb03037fab39a5\"},\"breadcrumb\":{\"@id\":\"https:\/\/www.wundzentren.de\/2025\/11\/05\/5-jahre-wz-wundzentrum-mainz-spezialisierte-ambulante-pflegeeinrichtung-feiert-jubilaeum\/#breadcrumb\"},\"inLanguage\":\"en-GB\",\"potentialAction\":[{\"@type\":\"ReadAction\",\"target\":[\"https:\/\/www.wundzentren.de\/2025\/11\/05\/5-jahre-wz-wundzentrum-mainz-spezialisierte-ambulante-pflegeeinrichtung-feiert-jubilaeum\/\"]}]},{\"@type\":\"ImageObject\",\"inLanguage\":\"en-GB\",\"@id\":\"https:\/\/www.wundzentren.de\/2025\/11\/05\/5-jahre-wz-wundzentrum-mainz-spezialisierte-ambulante-pflegeeinrichtung-feiert-jubilaeum\/#primaryimage\",\"url\":\"https:\/\/www.wundzentren.de\/wp-content\/uploads\/2025\/11\/ABP_1060-1536x1024.jpg\",\"contentUrl\":\"https:\/\/www.wundzentren.de\/wp-content\/uploads\/2025\/11\/ABP_1060-1536x1024.jpg\"},{\"@type\":\"BreadcrumbList\",\"@id\":\"https:\/\/www.wundzentren.de\/2025\/11\/05\/5-jahre-wz-wundzentrum-mainz-spezialisierte-ambulante-pflegeeinrichtung-feiert-jubilaeum\/#breadcrumb\",\"itemListElement\":[{\"@type\":\"ListItem\",\"position\":1,\"name\":\"Startseite\",\"item\":\"https:\/\/www.wundzentren.de\/\"},{\"@type\":\"ListItem\",\"position\":2,\"name\":\"5 Jahre WZ-WundZentrum Mainz \u2013 Spezialisierte ambulante Pflegeeinrichtung feiert Jubil\u00e4um\"}]},{\"@type\":\"WebSite\",\"@id\":\"https:\/\/www.wundzentren.de\/#website\",\"url\":\"https:\/\/www.wundzentren.de\/\",\"name\":\"WZ-WundZentren: Ihr Spezialist f\u00fcr die Behandlung von chronischen und schwer heilenden Wunden\",\"description\":\"\",\"potentialAction\":[{\"@type\":\"SearchAction\",\"target\":{\"@type\":\"EntryPoint\",\"urlTemplate\":\"https:\/\/www.wundzentren.de\/?s={search_term_string}\"},\"query-input\":{\"@type\":\"PropertyValueSpecification\",\"valueRequired\":true,\"valueName\":\"search_term_string\"}}],\"inLanguage\":\"en-GB\"},{\"@type\":\"Person\",\"@id\":\"https:\/\/www.wundzentren.de\/#\/schema\/person\/fd3c16596ef822a273bb03037fab39a5\",\"name\":\"Catarina Fretwurst\",\"image\":{\"@type\":\"ImageObject\",\"inLanguage\":\"en-GB\",\"@id\":\"https:\/\/www.wundzentren.de\/#\/schema\/person\/image\/\",\"url\":\"https:\/\/secure.gravatar.com\/avatar\/df320e1f843bc13bb9d64bf13e7bd537f364a1faa412984200cf6cf8d91505a7?s=96&d=mm&r=g\",\"contentUrl\":\"https:\/\/secure.gravatar.com\/avatar\/df320e1f843bc13bb9d64bf13e7bd537f364a1faa412984200cf6cf8d91505a7?s=96&d=mm&r=g\",\"caption\":\"Catarina Fretwurst\"},\"url\":\"https:\/\/www.wundzentren.de\/en\/author\/catarina-fretwurst\/\"}]}<\/script>\n<!-- \/ Yoast SEO plugin. -->","yoast_head_json":{"title":"5 Jahre WZ-WundZentrum Mainz \u2013 Spezialisierte ambulante Pflegeeinrichtung feiert Jubil\u00e4um - WZ-WundZentren: Ihr Spezialist f\u00fcr die Behandlung von chronischen und schwer heilenden Wunden","robots":{"index":"index","follow":"follow","max-snippet":"max-snippet:-1","max-image-preview":"max-image-preview:large","max-video-preview":"max-video-preview:-1"},"canonical":"https:\/\/www.wundzentren.de\/en\/2025\/11\/05\/5-jahre-wz-wundzentrum-mainz-spezialisierte-ambulante-pflegeeinrichtung-feiert-jubilaeum\/","og_locale":"en_GB","og_type":"article","og_title":"5 Jahre WZ-WundZentrum Mainz \u2013 Spezialisierte ambulante Pflegeeinrichtung feiert Jubil\u00e4um - WZ-WundZentren: Ihr Spezialist f\u00fcr die Behandlung von chronischen und schwer heilenden Wunden","og_description":"Unternehmen &amp; Leistungen Wundlexikon Standorte Jobs &#038;amp Karriere Neuigkeiten &amp;Presse Men\u00fc Neuigkeiten &#038; Presse Presse &#038; Aktuelles Messen &#8211; Veranstaltungen Presse-Fotos Ansprechpartner 05. August 2025 5 Jahre WZ-WundZentrum Mainz \u2013 Spezialisierte ambulante Pflegeeinrichtung feiert Jubil\u00e4um Download Pressemitteilung (PDF 328 KB) D\u00fcsseldorf\/Mainz, 05.08.2025. Am 03. August 2025 feierte das WZ-WundZentrum Mainz sein 5-j\u00e4hriges Bestehen. Seitdem bietet...","og_url":"https:\/\/www.wundzentren.de\/en\/2025\/11\/05\/5-jahre-wz-wundzentrum-mainz-spezialisierte-ambulante-pflegeeinrichtung-feiert-jubilaeum\/","og_site_name":"WZ-WundZentren: Ihr Spezialist f\u00fcr die Behandlung von chronischen und schwer heilenden Wunden","article_published_time":"2025-11-05T12:38:41+00:00","article_modified_time":"2025-11-05T18:55:06+00:00","og_image":[{"url":"https:\/\/www.wundzentren.de\/wp-content\/uploads\/2025\/11\/ABP_1060-1536x1024.jpg","type":"","width":"","height":""}],"author":"Catarina Fretwurst","twitter_card":"summary_large_image","twitter_misc":{"Written by":"Catarina Fretwurst","Estimated reading time":"3 minutes"},"schema":{"@context":"https:\/\/schema.org","@graph":[{"@type":"WebPage","@id":"https:\/\/www.wundzentren.de\/2025\/11\/05\/5-jahre-wz-wundzentrum-mainz-spezialisierte-ambulante-pflegeeinrichtung-feiert-jubilaeum\/","url":"https:\/\/www.wundzentren.de\/2025\/11\/05\/5-jahre-wz-wundzentrum-mainz-spezialisierte-ambulante-pflegeeinrichtung-feiert-jubilaeum\/","name":"5 Jahre WZ-WundZentrum Mainz \u2013 Spezialisierte ambulante Pflegeeinrichtung feiert Jubil\u00e4um - WZ-WundZentren: Ihr Spezialist f\u00fcr die Behandlung von chronischen und schwer heilenden Wunden","isPartOf":{"@id":"https:\/\/www.wundzentren.de\/#website"},"primaryImageOfPage":{"@id":"https:\/\/www.wundzentren.de\/2025\/11\/05\/5-jahre-wz-wundzentrum-mainz-spezialisierte-ambulante-pflegeeinrichtung-feiert-jubilaeum\/#primaryimage"},"image":{"@id":"https:\/\/www.wundzentren.de\/2025\/11\/05\/5-jahre-wz-wundzentrum-mainz-spezialisierte-ambulante-pflegeeinrichtung-feiert-jubilaeum\/#primaryimage"},"thumbnailUrl":"https:\/\/www.wundzentren.de\/wp-content\/uploads\/2025\/11\/ABP_1060-1536x1024.jpg","datePublished":"2025-11-05T12:38:41+00:00","dateModified":"2025-11-05T18:55:06+00:00","author":{"@id":"https:\/\/www.wundzentren.de\/#\/schema\/person\/fd3c16596ef822a273bb03037fab39a5"},"breadcrumb":{"@id":"https:\/\/www.wundzentren.de\/2025\/11\/05\/5-jahre-wz-wundzentrum-mainz-spezialisierte-ambulante-pflegeeinrichtung-feiert-jubilaeum\/#breadcrumb"},"inLanguage":"en-GB","potentialAction":[{"@type":"ReadAction","target":["https:\/\/www.wundzentren.de\/2025\/11\/05\/5-jahre-wz-wundzentrum-mainz-spezialisierte-ambulante-pflegeeinrichtung-feiert-jubilaeum\/"]}]},{"@type":"ImageObject","inLanguage":"en-GB","@id":"https:\/\/www.wundzentren.de\/2025\/11\/05\/5-jahre-wz-wundzentrum-mainz-spezialisierte-ambulante-pflegeeinrichtung-feiert-jubilaeum\/#primaryimage","url":"https:\/\/www.wundzentren.de\/wp-content\/uploads\/2025\/11\/ABP_1060-1536x1024.jpg","contentUrl":"https:\/\/www.wundzentren.de\/wp-content\/uploads\/2025\/11\/ABP_1060-1536x1024.jpg"},{"@type":"BreadcrumbList","@id":"https:\/\/www.wundzentren.de\/2025\/11\/05\/5-jahre-wz-wundzentrum-mainz-spezialisierte-ambulante-pflegeeinrichtung-feiert-jubilaeum\/#breadcrumb","itemListElement":[{"@type":"ListItem","position":1,"name":"Startseite","item":"https:\/\/www.wundzentren.de\/"},{"@type":"ListItem","position":2,"name":"5 Jahre WZ-WundZentrum Mainz \u2013 Spezialisierte ambulante Pflegeeinrichtung feiert Jubil\u00e4um"}]},{"@type":"WebSite","@id":"https:\/\/www.wundzentren.de\/#website","url":"https:\/\/www.wundzentren.de\/","name":"WZ-WundZentren: Ihr Spezialist f\u00fcr die Behandlung von chronischen und schwer heilenden Wunden","description":"","potentialAction":[{"@type":"SearchAction","target":{"@type":"EntryPoint","urlTemplate":"https:\/\/www.wundzentren.de\/?s={search_term_string}"},"query-input":{"@type":"PropertyValueSpecification","valueRequired":true,"valueName":"search_term_string"}}],"inLanguage":"en-GB"},{"@type":"Person","@id":"https:\/\/www.wundzentren.de\/#\/schema\/person\/fd3c16596ef822a273bb03037fab39a5","name":"Catarina Fretwurst","image":{"@type":"ImageObject","inLanguage":"en-GB","@id":"https:\/\/www.wundzentren.de\/#\/schema\/person\/image\/","url":"https:\/\/secure.gravatar.com\/avatar\/df320e1f843bc13bb9d64bf13e7bd537f364a1faa412984200cf6cf8d91505a7?s=96&d=mm&r=g","contentUrl":"https:\/\/secure.gravatar.com\/avatar\/df320e1f843bc13bb9d64bf13e7bd537f364a1faa412984200cf6cf8d91505a7?s=96&d=mm&r=g","caption":"Catarina Fretwurst"},"url":"https:\/\/www.wundzentren.de\/en\/author\/catarina-fretwurst\/"}]}},"rttpg_featured_image_url":null,"rttpg_author":{"display_name":"Catarina Fretwurst","author_link":"https:\/\/www.wundzentren.de\/en\/author\/catarina-fretwurst\/"},"rttpg_comment":0,"rttpg_category":"<a href=\"https:\/\/www.wundzentren.de\/en\/category\/allgemein\/\" rel=\"category tag\">Allgemein<\/a>","rttpg_excerpt":"Unternehmen &amp; Leistungen Wundlexikon Standorte Jobs &#038;amp Karriere Neuigkeiten &amp;Presse Men\u00fc Neuigkeiten &#038; Presse Presse &#038; Aktuelles Messen &#8211; Veranstaltungen Presse-Fotos Ansprechpartner 05. August 2025 5 Jahre WZ-WundZentrum Mainz \u2013 Spezialisierte ambulante Pflegeeinrichtung feiert Jubil\u00e4um Download Pressemitteilung (PDF 328 KB) D\u00fcsseldorf\/Mainz, 05.08.2025. Am 03. August 2025 feierte das WZ-WundZentrum Mainz sein 5-j\u00e4hriges Bestehen. Seitdem bietet...","_links":{"self":[{"href":"https:\/\/www.wundzentren.de\/en\/wp-json\/wp\/v2\/posts\/12368","targetHints":{"allow":["GET"]}}],"collection":[{"href":"https:\/\/www.wundzentren.de\/en\/wp-json\/wp\/v2\/posts"}],"about":[{"href":"https:\/\/www.wundzentren.de\/en\/wp-json\/wp\/v2\/types\/post"}],"author":[{"embeddable":true,"href":"https:\/\/www.wundzentren.de\/en\/wp-json\/wp\/v2\/users\/6"}],"replies":[{"embeddable":true,"href":"https:\/\/www.wundzentren.de\/en\/wp-json\/wp\/v2\/comments?post=12368"}],"version-history":[{"count":4,"href":"https:\/\/www.wundzentren.de\/en\/wp-json\/wp\/v2\/posts\/12368\/revisions"}],"predecessor-version":[{"id":12389,"href":"https:\/\/www.wundzentren.de\/en\/wp-json\/wp\/v2\/posts\/12368\/revisions\/12389"}],"wp:attachment":[{"href":"https:\/\/www.wundzentren.de\/en\/wp-json\/wp\/v2\/media?parent=12368"}],"wp:term":[{"taxonomy":"category","embeddable":true,"href":"https:\/\/www.wundzentren.de\/en\/wp-json\/wp\/v2\/categories?post=12368"},{"taxonomy":"post_tag","embeddable":true,"href":"https:\/\/www.wundzentren.de\/en\/wp-json\/wp\/v2\/tags?post=12368"}],"curies":[{"name":"wp","href":"https:\/\/api.w.org\/{rel}","templated":true}]}}