{"id":12360,"date":"2025-11-05T13:16:56","date_gmt":"2025-11-05T12:16:56","guid":{"rendered":"https:\/\/www.wundzentren.de\/?p=12360"},"modified":"2025-11-06T10:35:41","modified_gmt":"2025-11-06T09:35:41","slug":"jahre-wz-wundzentrum-freiburg-spezialisierte-ambulante-pflegeeinrichtung-feiert-jubilaeum","status":"publish","type":"post","link":"https:\/\/www.wundzentren.de\/en\/2025\/11\/05\/jahre-wz-wundzentrum-freiburg-spezialisierte-ambulante-pflegeeinrichtung-feiert-jubilaeum\/","title":{"rendered":"Jahre WZ-WundZentrum Freiburg \u2013 Spezialisierte ambulante Pflegeeinrichtung feiert Jubil\u00e4um"},"content":{"rendered":"<div data-elementor-type=\"wp-post\" data-elementor-id=\"12360\" class=\"elementor elementor-12360\">\n\t\t\t\t<div class=\"elementor-element elementor-element-ea3cd6f e-con-full e-flex e-con e-child\" data-id=\"ea3cd6f\" data-element_type=\"container\" data-settings=\"{&quot;background_background&quot;:&quot;slideshow&quot;,&quot;background_slideshow_gallery&quot;:[{&quot;id&quot;:12,&quot;url&quot;:&quot;https:\\\/\\\/wz.wz-medcubes.de\\\/wp-content\\\/uploads\\\/2024\\\/02\\\/img-headerbild-wundbehandlung-1.jpg&quot;}],&quot;background_slideshow_transition_duration&quot;:20,&quot;background_slideshow_loop&quot;:&quot;yes&quot;,&quot;background_slideshow_slide_duration&quot;:5000,&quot;background_slideshow_slide_transition&quot;:&quot;fade&quot;}\">\n\t\t<div class=\"elementor-element elementor-element-5c10192 e-con-full e-flex e-con e-child\" data-id=\"5c10192\" data-element_type=\"container\" data-settings=\"{&quot;background_background&quot;:&quot;slideshow&quot;,&quot;background_slideshow_gallery&quot;:[],&quot;background_slideshow_loop&quot;:&quot;yes&quot;,&quot;background_slideshow_slide_duration&quot;:5000,&quot;background_slideshow_slide_transition&quot;:&quot;fade&quot;,&quot;background_slideshow_transition_duration&quot;:500}\">\n\t\t<div class=\"elementor-element elementor-element-8311606 e-con-full e-flex e-con e-child\" data-id=\"8311606\" data-element_type=\"container\">\n\t\t<a class=\"elementor-element elementor-element-28a84de landing-nav-tab-hover e-flex e-con-boxed e-con e-child\" data-id=\"28a84de\" data-element_type=\"container\" data-settings=\"{&quot;background_background&quot;:&quot;classic&quot;}\" href=\"\/wordpress\/unternehmen-leistungen\/\">\n\t\t\t\t\t<div class=\"e-con-inner\">\n\t\t\t\t<div class=\"elementor-element elementor-element-f59dcab landing-nav-tab-title elementor-widget elementor-widget-heading\" data-id=\"f59dcab\" data-element_type=\"widget\" data-widget_type=\"heading.default\">\n\t\t\t\t<div class=\"elementor-widget-container\">\n\t\t\t<style>\/*! elementor - v3.21.0 - 26-05-2024 *\/\n.elementor-heading-title{padding:0;margin:0;line-height:1}.elementor-widget-heading .elementor-heading-title[class*=elementor-size-]>a{color:inherit;font-size:inherit;line-height:inherit}.elementor-widget-heading .elementor-heading-title.elementor-size-small{font-size:15px}.elementor-widget-heading .elementor-heading-title.elementor-size-medium{font-size:19px}.elementor-widget-heading .elementor-heading-title.elementor-size-large{font-size:29px}.elementor-widget-heading .elementor-heading-title.elementor-size-xl{font-size:39px}.elementor-widget-heading .elementor-heading-title.elementor-size-xxl{font-size:59px}<\/style><h2 class=\"elementor-heading-title elementor-size-default\">Company &amp; <br>Services<\/h2>\t\t<\/div>\n\t\t\t\t<\/div>\n\t\t\t\t\t<\/div>\n\t\t\t\t<\/a>\n\t\t\t\t<\/div>\n\t\t<div class=\"elementor-element elementor-element-e873046 e-con-full e-flex e-con e-child\" data-id=\"e873046\" data-element_type=\"container\">\n\t\t<a class=\"elementor-element elementor-element-996db90 landing-nav-tab-hover e-flex e-con-boxed e-con e-child\" data-id=\"996db90\" data-element_type=\"container\" data-settings=\"{&quot;background_background&quot;:&quot;classic&quot;}\" href=\"\/wordpress\/wundlexikon\/\">\n\t\t\t\t\t<div class=\"e-con-inner\">\n\t\t\t\t<div class=\"elementor-element elementor-element-10ce54c landing-nav-tab-title elementor-widget elementor-widget-heading\" data-id=\"10ce54c\" data-element_type=\"widget\" data-widget_type=\"heading.default\">\n\t\t\t\t<div class=\"elementor-widget-container\">\n\t\t\t<h2 class=\"elementor-heading-title elementor-size-default\">Wound dictionary<\/h2>\t\t<\/div>\n\t\t\t\t<\/div>\n\t\t\t\t\t<\/div>\n\t\t\t\t<\/a>\n\t\t\t\t<\/div>\n\t\t<div class=\"elementor-element elementor-element-aff60c4 e-con-full e-flex e-con e-child\" data-id=\"aff60c4\" data-element_type=\"container\">\n\t\t<a class=\"elementor-element elementor-element-d47a3cd landing-nav-tab-hover e-flex e-con-boxed e-con e-child\" data-id=\"d47a3cd\" data-element_type=\"container\" data-settings=\"{&quot;background_background&quot;:&quot;classic&quot;}\" href=\"\/wordpress\/standorte\/\">\n\t\t\t\t\t<div class=\"e-con-inner\">\n\t\t\t\t<div class=\"elementor-element elementor-element-7a52ce0 landing-nav-tab-title elementor-widget elementor-widget-heading\" data-id=\"7a52ce0\" data-element_type=\"widget\" data-widget_type=\"heading.default\">\n\t\t\t\t<div class=\"elementor-widget-container\">\n\t\t\t<h2 class=\"elementor-heading-title elementor-size-default\">Locations<\/h2>\t\t<\/div>\n\t\t\t\t<\/div>\n\t\t\t\t\t<\/div>\n\t\t\t\t<\/a>\n\t\t\t\t<\/div>\n\t\t<div class=\"elementor-element elementor-element-1c64336 e-con-full e-flex e-con e-child\" data-id=\"1c64336\" data-element_type=\"container\">\n\t\t<a class=\"elementor-element elementor-element-ee77431 landing-nav-tab-hover e-flex e-con-boxed e-con e-child\" data-id=\"ee77431\" data-element_type=\"container\" data-settings=\"{&quot;background_background&quot;:&quot;classic&quot;}\" href=\"\/wordpress\/karriere\/\">\n\t\t\t\t\t<div class=\"e-con-inner\">\n\t\t\t\t<div class=\"elementor-element elementor-element-482dab7 landing-nav-tab-title elementor-widget elementor-widget-heading\" data-id=\"482dab7\" data-element_type=\"widget\" data-widget_type=\"heading.default\">\n\t\t\t\t<div class=\"elementor-widget-container\">\n\t\t\t<h2 class=\"elementor-heading-title elementor-size-default\">Jobs and career<\/h2>\t\t<\/div>\n\t\t\t\t<\/div>\n\t\t\t\t\t<\/div>\n\t\t\t\t<\/a>\n\t\t\t\t<\/div>\n\t\t<div class=\"elementor-element elementor-element-6509f78 e-con-full e-flex e-con e-child\" data-id=\"6509f78\" data-element_type=\"container\">\n\t\t<a class=\"elementor-element elementor-element-29bbc40 landing-nav-tab-hover e-flex e-con-boxed e-con e-child\" data-id=\"29bbc40\" data-element_type=\"container\" data-settings=\"{&quot;background_background&quot;:&quot;classic&quot;}\" href=\"\/wordpress\/presse\/\">\n\t\t\t\t\t<div class=\"e-con-inner\">\n\t\t\t\t<div class=\"elementor-element elementor-element-2b2a98c landing-nav-tab-title elementor-widget elementor-widget-heading\" data-id=\"2b2a98c\" data-element_type=\"widget\" data-widget_type=\"heading.default\">\n\t\t\t\t<div class=\"elementor-widget-container\">\n\t\t\t<h2 class=\"elementor-heading-title elementor-size-default\">News &amp;<br>Press<\/h2>\t\t<\/div>\n\t\t\t\t<\/div>\n\t\t\t\t\t<\/div>\n\t\t\t\t<\/a>\n\t\t\t\t<\/div>\n\t\t\t\t<\/div>\n\t\t\t\t<div class=\"elementor-element elementor-element-70bcace hfe-submenu-icon-plus hfe-nav-menu__breakpoint-none elementor-widget__width-initial hfe-link-redirect-self_link start-menu-active elementor-absolute hfe-nav-menu__align-left elementor-widget elementor-widget-navigation-menu\" data-id=\"70bcace\" data-element_type=\"widget\" data-settings=\"{&quot;toggle_size&quot;:{&quot;unit&quot;:&quot;px&quot;,&quot;size&quot;:40,&quot;sizes&quot;:[]},&quot;toggle_border_width&quot;:{&quot;unit&quot;:&quot;px&quot;,&quot;size&quot;:0,&quot;sizes&quot;:[]},&quot;_position&quot;:&quot;absolute&quot;,&quot;padding_horizontal_menu_item&quot;:{&quot;unit&quot;:&quot;px&quot;,&quot;size&quot;:15,&quot;sizes&quot;:[]},&quot;padding_horizontal_menu_item_tablet&quot;:{&quot;unit&quot;:&quot;px&quot;,&quot;size&quot;:&quot;&quot;,&quot;sizes&quot;:[]},&quot;padding_horizontal_menu_item_mobile&quot;:{&quot;unit&quot;:&quot;px&quot;,&quot;size&quot;:&quot;&quot;,&quot;sizes&quot;:[]},&quot;padding_vertical_menu_item&quot;:{&quot;unit&quot;:&quot;px&quot;,&quot;size&quot;:15,&quot;sizes&quot;:[]},&quot;padding_vertical_menu_item_tablet&quot;:{&quot;unit&quot;:&quot;px&quot;,&quot;size&quot;:&quot;&quot;,&quot;sizes&quot;:[]},&quot;padding_vertical_menu_item_mobile&quot;:{&quot;unit&quot;:&quot;px&quot;,&quot;size&quot;:&quot;&quot;,&quot;sizes&quot;:[]},&quot;menu_space_between&quot;:{&quot;unit&quot;:&quot;px&quot;,&quot;size&quot;:&quot;&quot;,&quot;sizes&quot;:[]},&quot;menu_space_between_tablet&quot;:{&quot;unit&quot;:&quot;px&quot;,&quot;size&quot;:&quot;&quot;,&quot;sizes&quot;:[]},&quot;menu_space_between_mobile&quot;:{&quot;unit&quot;:&quot;px&quot;,&quot;size&quot;:&quot;&quot;,&quot;sizes&quot;:[]},&quot;dropdown_border_radius&quot;:{&quot;unit&quot;:&quot;px&quot;,&quot;top&quot;:&quot;&quot;,&quot;right&quot;:&quot;&quot;,&quot;bottom&quot;:&quot;&quot;,&quot;left&quot;:&quot;&quot;,&quot;isLinked&quot;:true},&quot;dropdown_border_radius_tablet&quot;:{&quot;unit&quot;:&quot;px&quot;,&quot;top&quot;:&quot;&quot;,&quot;right&quot;:&quot;&quot;,&quot;bottom&quot;:&quot;&quot;,&quot;left&quot;:&quot;&quot;,&quot;isLinked&quot;:true},&quot;dropdown_border_radius_mobile&quot;:{&quot;unit&quot;:&quot;px&quot;,&quot;top&quot;:&quot;&quot;,&quot;right&quot;:&quot;&quot;,&quot;bottom&quot;:&quot;&quot;,&quot;left&quot;:&quot;&quot;,&quot;isLinked&quot;:true},&quot;padding_horizontal_dropdown_item&quot;:{&quot;unit&quot;:&quot;px&quot;,&quot;size&quot;:&quot;&quot;,&quot;sizes&quot;:[]},&quot;padding_horizontal_dropdown_item_tablet&quot;:{&quot;unit&quot;:&quot;px&quot;,&quot;size&quot;:&quot;&quot;,&quot;sizes&quot;:[]},&quot;padding_horizontal_dropdown_item_mobile&quot;:{&quot;unit&quot;:&quot;px&quot;,&quot;size&quot;:&quot;&quot;,&quot;sizes&quot;:[]},&quot;padding_vertical_dropdown_item&quot;:{&quot;unit&quot;:&quot;px&quot;,&quot;size&quot;:15,&quot;sizes&quot;:[]},&quot;padding_vertical_dropdown_item_tablet&quot;:{&quot;unit&quot;:&quot;px&quot;,&quot;size&quot;:&quot;&quot;,&quot;sizes&quot;:[]},&quot;padding_vertical_dropdown_item_mobile&quot;:{&quot;unit&quot;:&quot;px&quot;,&quot;size&quot;:&quot;&quot;,&quot;sizes&quot;:[]},&quot;distance_from_menu&quot;:{&quot;unit&quot;:&quot;px&quot;,&quot;size&quot;:&quot;&quot;,&quot;sizes&quot;:[]},&quot;distance_from_menu_tablet&quot;:{&quot;unit&quot;:&quot;px&quot;,&quot;size&quot;:&quot;&quot;,&quot;sizes&quot;:[]},&quot;distance_from_menu_mobile&quot;:{&quot;unit&quot;:&quot;px&quot;,&quot;size&quot;:&quot;&quot;,&quot;sizes&quot;:[]},&quot;toggle_size_tablet&quot;:{&quot;unit&quot;:&quot;px&quot;,&quot;size&quot;:&quot;&quot;,&quot;sizes&quot;:[]},&quot;toggle_size_mobile&quot;:{&quot;unit&quot;:&quot;px&quot;,&quot;size&quot;:&quot;&quot;,&quot;sizes&quot;:[]},&quot;toggle_border_width_tablet&quot;:{&quot;unit&quot;:&quot;px&quot;,&quot;size&quot;:&quot;&quot;,&quot;sizes&quot;:[]},&quot;toggle_border_width_mobile&quot;:{&quot;unit&quot;:&quot;px&quot;,&quot;size&quot;:&quot;&quot;,&quot;sizes&quot;:[]},&quot;toggle_border_radius&quot;:{&quot;unit&quot;:&quot;px&quot;,&quot;size&quot;:&quot;&quot;,&quot;sizes&quot;:[]},&quot;toggle_border_radius_tablet&quot;:{&quot;unit&quot;:&quot;px&quot;,&quot;size&quot;:&quot;&quot;,&quot;sizes&quot;:[]},&quot;toggle_border_radius_mobile&quot;:{&quot;unit&quot;:&quot;px&quot;,&quot;size&quot;:&quot;&quot;,&quot;sizes&quot;:[]}}\" data-widget_type=\"navigation-menu.default\">\n\t\t\t\t<div class=\"elementor-widget-container\">\n\t\t\t\t\t\t<div class=\"hfe-nav-menu hfe-layout-vertical hfe-nav-menu-layout vertical\" data-layout=\"vertical\">\n\t\t\t\t<div role=\"button\" class=\"hfe-nav-menu__toggle elementor-clickable\">\n\t\t\t\t\t<span class=\"screen-reader-text\">Menu<\/span>\n\t\t\t\t\t<div class=\"hfe-nav-menu-icon\">\n\t\t\t\t\t\t\t\t\t\t\t<\/div>\n\t\t\t\t<\/div>\n\t\t\t\t<nav itemscope=\"itemscope\" itemtype=\"https:\/\/schema.org\/SiteNavigationElement\" class=\"hfe-nav-menu__layout-vertical hfe-nav-menu__submenu-plus\" data-toggle-icon=\"\" data-close-icon=\"\" data-full-width=\"\">\n\t\t\t\t\t<ul id=\"menu-1-70bcace\" class=\"hfe-nav-menu\"><li id=\"menu-item-5347\" itemprop=\"name\" class=\"menu-item menu-item-type-post_type menu-item-object-page parent hfe-creative-menu\"><a href=\"https:\/\/www.wundzentren.de\/en\/presse\/\" itemprop=\"url\" class = \"hfe-menu-item\">News &amp; Press<\/a><\/li>\n<li id=\"menu-item-5342\" itemprop=\"name\" class=\"menu-item menu-item-type-post_type menu-item-object-page parent hfe-creative-menu\"><a href=\"https:\/\/www.wundzentren.de\/en\/presse\/pressemitteilungen\/\" itemprop=\"url\" class = \"hfe-menu-item\">Press &amp; News<\/a><\/li>\n<li id=\"menu-item-5341\" itemprop=\"name\" class=\"menu-item menu-item-type-post_type menu-item-object-page parent hfe-creative-menu\"><a href=\"https:\/\/www.wundzentren.de\/en\/presse\/messen-veranstaltungen\/\" itemprop=\"url\" class = \"hfe-menu-item\">Trade fairs &amp; Events<\/a><\/li>\n<li id=\"menu-item-5340\" itemprop=\"name\" class=\"menu-item menu-item-type-post_type menu-item-object-page parent hfe-creative-menu\"><a href=\"https:\/\/www.wundzentren.de\/en\/presse\/pressefotos\/\" itemprop=\"url\" class = \"hfe-menu-item\">Press photos<\/a><\/li>\n<li id=\"menu-item-5339\" itemprop=\"name\" class=\"menu-item menu-item-type-post_type menu-item-object-page parent hfe-creative-menu\"><a href=\"https:\/\/www.wundzentren.de\/en\/presse\/ansprechpartner\/\" itemprop=\"url\" class = \"hfe-menu-item\">Contact<\/a><\/li>\n<\/ul> \n\t\t\t\t<\/nav>\n\t\t\t<\/div>\n\t\t\t\t\t<\/div>\n\t\t\t\t<\/div>\n\t\t\t\t<\/div>\n\t\t<div class=\"elementor-element elementor-element-207bbe2 e-flex e-con-boxed e-con e-parent\" data-id=\"207bbe2\" data-element_type=\"container\">\n\t\t\t\t\t<div class=\"e-con-inner\">\n\t\t<div class=\"elementor-element elementor-element-7496733 e-con-full e-flex e-con e-child\" data-id=\"7496733\" data-element_type=\"container\">\n\t\t\t\t<div class=\"elementor-element elementor-element-37d4ccc elementor-widget elementor-widget-image\" data-id=\"37d4ccc\" data-element_type=\"widget\" data-widget_type=\"image.default\">\n\t\t\t\t<div class=\"elementor-widget-container\">\n\t\t\t<style>\/*! elementor - v3.21.0 - 26-05-2024 *\/\n.elementor-widget-image{text-align:center}.elementor-widget-image a{display:inline-block}.elementor-widget-image a img[src$=\".svg\"]{width:48px}.elementor-widget-image img{vertical-align:middle;display:inline-block}<\/style>\t\t\t\t\t\t\t\t\t\t<img fetchpriority=\"high\" decoding=\"async\" width=\"896\" height=\"536\" src=\"https:\/\/www.wundzentren.de\/wp-content\/uploads\/2025\/11\/Jubilaeum-WZ-Freiburg.png\" class=\"attachment-1536x1536 size-1536x1536 wp-image-12395\" alt=\"\" \/>\t\t\t\t\t\t\t\t\t\t\t\t\t<\/div>\n\t\t\t\t<\/div>\n\t\t\t\t<div class=\"elementor-element elementor-element-cd4ac31 elementor-widget elementor-widget-heading\" data-id=\"cd4ac31\" data-element_type=\"widget\" data-widget_type=\"heading.default\">\n\t\t\t\t<div class=\"elementor-widget-container\">\n\t\t\t<h2 class=\"elementor-heading-title elementor-size-default\"><dl style=\"-webkit-tap-highlight-color: transparent; box-sizing: inherit; margin-bottom: 10px; font-size: 0.75rem; color: rgb(77, 77, 77); opacity: 0.7; text-transform: uppercase; font-family: Barlow-Medium, Helvetica, Arial, Lucida; white-space-collapse: collapse;\"><dd style=\"-webkit-tap-highlight-color: transparent; box-sizing: inherit; margin-bottom: 0px; margin-left: 0px;\"><time datetime=\"03.08.2023\" style=\"-webkit-tap-highlight-color: transparent; box-sizing: inherit;\">2. September 2025<\/time><\/dd><\/dl><\/h2>\t\t<\/div>\n\t\t\t\t<\/div>\n\t\t\t\t<div class=\"elementor-element elementor-element-23ecf5b elementor-widget elementor-widget-heading\" data-id=\"23ecf5b\" data-element_type=\"widget\" data-widget_type=\"heading.default\">\n\t\t\t\t<div class=\"elementor-widget-container\">\n\t\t\t<h1 class=\"elementor-heading-title elementor-size-default\"><span style=\"font-size: 33.3333px; font-family: Barlow, Helvetica, Arial, sans-serif;\"><b>5 Jahre WZ-WundZentrum Freiburg \u2013 Spezialisierte ambulante Pflegeeinrichtung feiert Jubil\u00e4um<\/b><\/span><br><\/h1>\t\t<\/div>\n\t\t\t\t<\/div>\n\t\t\t\t<div class=\"elementor-element elementor-element-c24eb85 elementor-widget elementor-widget-text-editor\" data-id=\"c24eb85\" data-element_type=\"widget\" data-widget_type=\"text-editor.default\">\n\t\t\t\t<div class=\"elementor-widget-container\">\n\t\t\t<style>\/*! elementor - v3.21.0 - 26-05-2024 *\/\n.elementor-widget-text-editor.elementor-drop-cap-view-stacked .elementor-drop-cap{background-color:#69727d;color:#fff}.elementor-widget-text-editor.elementor-drop-cap-view-framed .elementor-drop-cap{color:#69727d;border:3px solid;background-color:transparent}.elementor-widget-text-editor:not(.elementor-drop-cap-view-default) .elementor-drop-cap{margin-top:8px}.elementor-widget-text-editor:not(.elementor-drop-cap-view-default) .elementor-drop-cap-letter{width:1em;height:1em}.elementor-widget-text-editor .elementor-drop-cap{float:left;text-align:center;line-height:1;font-size:50px}.elementor-widget-text-editor .elementor-drop-cap-letter{display:inline-block}<\/style>\t\t\t\t<div style=\"-webkit-tap-highlight-color: transparent; box-sizing: inherit; position: relative; width: 840px; padding-right: 20px; padding-left: 20px;\"><div style=\"-webkit-tap-highlight-color: transparent; box-sizing: inherit; counter-reset: section 0; width: 800px; line-height: 1.625rem;\"><p style=\"color: #777777; font-family: Barlow, Helvetica, Arial, Lucida, sans-serif; font-size: 1.15rem; line-height: 1.625rem; font-weight: 400; margin-bottom: 15px;\"><a style=\"box-sizing: inherit; transition-property: all; color: #8cb8c6; font-size: 18.4px; -webkit-tap-highlight-color: transparent; font-weight: 600;\" href=\"https:\/\/www.wundzentren.de\/wp-content\/uploads\/2024\/06\/092025_PM_5_Jahre_WZ-Freiburg.pdf\" target=\"_blank\" rel=\"noopener\">Download Pressemitteilung (PDF 328 KB)<\/a><\/p><h5><span style=\"font-size: 16px;\">D\u00fcsseldorf\/Freiburg, 02.09.2025. Am 01. September 2025 feierte das WZ-WundZentrum Freiburg sein 5-j\u00e4hriges Bestehen. Seit seiner Er\u00f6ffnung versorgt das WundZentrum Menschen mit chronischen und schwer heilenden Wunden nach h\u00f6chsten fachlichen und hygienischen Standards \u2013 ambulant, evidenzbasiert und stets patientenorientiert.<\/span><\/h5><\/div><p>\u201eWir freuen uns sehr, dieses Jubil\u00e4um in Freiburg feiern zu d\u00fcrfen. Als spezialisierte ambulante Pflegeeinrichtung f\u00fcr die Versorgung chronischer und schwer heilender Wunden konnten wir vielen Betroffenen auf ihrem Weg zur Wundheilung helfen und sie von unserer hohen Versorgungsqualit\u00e4t \u00fcberzeugen\u201c, so Andr\u00e9 Lantin, Inhaber und Gr\u00fcnder der WZ-WundZentren GmbH, die \u00fcber 22 Standorte in f\u00fcnf Bundesl\u00e4ndern verf\u00fcgt. \u201eOhne ein starkes und hochqualifiziertes Team vor Ort, sowie eine enge und vertrauensvolle Zusammenarbeit mit unserem Netzwerk aus Zuweisern und Partnern ist uns diese erfolgreiche Behandlung der Patient:innen \u00fcberhaupt m\u00f6glich \u2013 vielen Dank!\u201c so Lantin weiter.<\/p><p><strong>Patient im Mittelpunkt<\/strong><br \/>Die hochqualifizierten Pflegefachpersonen im WZ-WundZentrum Freiburg bieten eine umfassende Anamnese, pers\u00f6nliche Beratung und spezialisierte Wundbehandlung. Die individuelle und gr\u00fcndliche Betreuung erm\u00f6glicht es den Betroffenen, von innovativen Therapien und neuesten pflegerischen Ans\u00e4tzen zu profitieren.<\/p><p>Das WZ-WundZentrum Freiburg setzt sich f\u00fcr eine m\u00f6glichst schnelle Wundheilung und damit eine Verbesserung der Lebensqualit\u00e4t der Betroffenen ein. Gesetzlich versicherte Patient:innen haben dabei Anspruch auf die umfassende Versorgung, die vollst\u00e4ndig von den Krankenkassen erstattet wird.<br \/>Weitere Informationen zu Leistungen und Kontaktm\u00f6glichkeiten am Standort Freiburg unter: <a href=\"https:\/\/www.wundzentren.de\/freiburg\/\">https:\/\/www.wundzentren.de\/freiburg\/<\/a><\/p><\/div>\t\t\t\t\t\t<\/div>\n\t\t\t\t<\/div>\n\t\t<div class=\"elementor-element elementor-element-ea50d61 e-flex e-con-boxed e-con e-child\" data-id=\"ea50d61\" data-element_type=\"container\">\n\t\t\t\t\t<div class=\"e-con-inner\">\n\t\t<div class=\"elementor-element elementor-element-5fdaece e-con-full e-flex e-con e-child\" data-id=\"5fdaece\" data-element_type=\"container\">\n\t\t\t\t<div class=\"elementor-element elementor-element-ffc94a9 elementor-widget__width-inherit elementor-widget elementor-widget-text-editor\" data-id=\"ffc94a9\" data-element_type=\"widget\" data-widget_type=\"text-editor.default\">\n\t\t\t\t<div class=\"elementor-widget-container\">\n\t\t\t\t\t\t\t<p><strong>About WCC-WoundCareCenters<\/strong><br \/>Seit 2008 konnten mit dem bew\u00e4hrten Behandlungskonzept der WZ-Wundzentren mehr als 50.000 Patienten an aktuell 22 Standorten in Deutschland erfolgreich behandelt werden. Die WZ-WundZentren sind spezialisierte ambulante Einrichtungen mit h\u00f6chsten hygienischen Standards, in denen ausschlie\u00dflich Patienten mit chronischen und schwer heilenden Wunden behandelt werden. WZ-WundZentren sind durch das HHVG (Heil-Hilfsmittel-Versorgungs-Gesetz) als eigenst\u00e4ndiger Leistungserbringer im Sinne des SGB V (Sozialgesetzbuch) definiert. Die Leistungen in den WZ-WundZentren als spezialisierte Einrichtungen, die sich auf die Behandlung von chronischen und schwer heilenden Wunden spezialisiert haben, werden von den Krankenkassen \u00fcber \u00a7 37 Abs. 7 SGB V auf der Grundlage der h\u00e4uslichen Krankenpflege geltend gemacht.<br \/>In unseren Einrichtungen arbeiten Pflegefachpersonen, die zus\u00e4tzlich zu ihrer 3-j\u00e4hrigen Ausbildung in der Kranken- oder Altenpflege \u00fcber eine spezialisierte Zusatzqualifikation in der Wundbehandlung verf\u00fcgen. Die WZ-WundZentren GmbH mit Sitz in D\u00fcsseldorf ist ein Unternehmen der Metacare Holding GmbH, die sich f\u00fcr die Umsetzung nachhaltige Gesundheit und Pflege in Deutschland einsetzt<br \/>Weitere Informationen unter <a href=\"https:\/\/www.wundzentren.de\/\">https:\/\/www.wundzentren.de\/<\/a> or <a href=\"https:\/\/www.metcare.de\">https:\/\/www.metcare.de<\/a><\/p>\t\t\t\t\t\t<\/div>\n\t\t\t\t<\/div>\n\t\t\t\t<\/div>\n\t\t\t\t<div class=\"elementor-element elementor-element-9a05307 elementor-widget elementor-widget-text-editor\" data-id=\"9a05307\" data-element_type=\"widget\" data-widget_type=\"text-editor.default\">\n\t\t\t\t<div class=\"elementor-widget-container\">\n\t\t\t\t\t\t\t<div class=\"b-intro is-no-divider\" style=\"-webkit-tap-highlight-color: transparent; box-sizing: inherit; position: relative; width: 840px; padding-right: 20px; padding-left: 20px;\"><div class=\"content b-richtext-content\" style=\"-webkit-tap-highlight-color: transparent; box-sizing: inherit; counter-reset: section 0; width: 800px; color: #777777; font-size: 1.25rem; line-height: 1.6875rem;\"><p style=\"-webkit-tap-highlight-color: transparent; box-sizing: inherit; margin-bottom: 15px; font-size: 1.15rem; line-height: 1.625rem; font-family: Barlow-Medium, Helvetica, Arial, Lucida;\"><span style=\"-webkit-tap-highlight-color: transparent; box-sizing: inherit; font-weight: 600;\">Pressekontakt:<\/span><\/p><p style=\"-webkit-tap-highlight-color: transparent; box-sizing: inherit; margin-bottom: 15px; font-size: 1.15rem; line-height: 1.625rem; font-family: Barlow-Medium, Helvetica, Arial, Lucida;\">recucare GmbH<br style=\"-webkit-tap-highlight-color: transparent; box-sizing: inherit;\" \/>Catarina Fretwurst<\/p><p style=\"-webkit-tap-highlight-color: transparent; box-sizing: inherit; margin-bottom: 15px; font-size: 1.15rem; line-height: 1.625rem; font-family: Barlow-Medium, Helvetica, Arial, Lucida;\">Heilbronner Stra\u00dfe 156<br style=\"-webkit-tap-highlight-color: transparent; box-sizing: inherit;\" \/>70191 Stuttgart<br style=\"-webkit-tap-highlight-color: transparent; box-sizing: inherit;\" \/>Tel.: 0711 &#8211; 900 071 10 44<br style=\"-webkit-tap-highlight-color: transparent; box-sizing: inherit;\" \/>E-Mail:\u00a0<a style=\"-webkit-tap-highlight-color: transparent; box-sizing: inherit; color: #8cb8c6; font-weight: 600;\" href=\"mailto:presse@recucare.de\" target=\"_blank\" rel=\"noopener\">presse@recucare.de<\/a><\/p><p style=\"-webkit-tap-highlight-color: transparent; box-sizing: inherit; margin-bottom: 15px; font-size: 1.15rem; line-height: 1.625rem; font-family: Barlow-Medium, Helvetica, Arial, Lucida;\"><span style=\"-webkit-tap-highlight-color: transparent; box-sizing: inherit; font-weight: 600;\">Weiterf\u00fchrende Links:<\/span><br style=\"-webkit-tap-highlight-color: transparent; box-sizing: inherit;\" \/><a style=\"-webkit-tap-highlight-color: transparent; box-sizing: inherit; color: #8cb8c6; font-weight: 600;\" href=\"https:\/\/www.wundzentren.de\/wz-de\/presse\/pressefotos\" target=\"_blank\" rel=\"noopener\">https:\/\/wundzentren.de\/presse\/pressefotos<\/a><\/p><\/div><\/div><section class=\"b-article-section\" style=\"-webkit-tap-highlight-color: transparent; box-sizing: inherit; width: 840px;\"><div class=\"b-richtext-content\" style=\"-webkit-tap-highlight-color: transparent; box-sizing: inherit; counter-reset: section 0; padding-right: 20px; padding-left: 20px; width: 840px; color: #777777;\"><p style=\"-webkit-tap-highlight-color: transparent; box-sizing: inherit; font-weight: 400; margin-bottom: 15px; font-size: 1.15rem; line-height: 1.625rem;\">\u00a0<\/p><\/div><\/section>\t\t\t\t\t\t<\/div>\n\t\t\t\t<\/div>\n\t\t\t\t\t<\/div>\n\t\t\t\t<\/div>\n\t\t\t\t<\/div>\n\t\t\t\t\t<\/div>\n\t\t\t\t<\/div>\n\t\t\t\t<\/div>","protected":false},"excerpt":{"rendered":"<p>Unternehmen &amp; Leistungen Wundlexikon Standorte Jobs &#038;amp Karriere Neuigkeiten &amp;Presse Men\u00fc Neuigkeiten &#038; Presse Presse &#038; Aktuelles Messen &#8211; Veranstaltungen Presse-Fotos Ansprechpartner 2. September 2025 5 Jahre WZ-WundZentrum Freiburg \u2013 Spezialisierte ambulante Pflegeeinrichtung feiert Jubil\u00e4um Download Pressemitteilung (PDF 328 KB) D\u00fcsseldorf\/Freiburg, 02.09.2025. Am 01. September 2025 feierte das WZ-WundZentrum Freiburg sein 5-j\u00e4hriges Bestehen. Seit seiner&#8230;<\/p>","protected":false},"author":4,"featured_media":0,"comment_status":"closed","ping_status":"open","sticky":false,"template":"","format":"standard","meta":{"footnotes":""},"categories":[1],"tags":[],"class_list":["post-12360","post","type-post","status-publish","format-standard","hentry","category-allgemein"],"yoast_head":"<!-- This site is optimized with the Yoast SEO plugin v24.4 - https:\/\/yoast.com\/wordpress\/plugins\/seo\/ -->\n<title>Jahre WZ-WundZentrum Freiburg \u2013 Spezialisierte ambulante Pflegeeinrichtung feiert Jubil\u00e4um - WZ-WundZentren: Ihr Spezialist f\u00fcr die Behandlung von chronischen und schwer heilenden Wunden<\/title>\n<meta name=\"robots\" content=\"index, follow, max-snippet:-1, max-image-preview:large, max-video-preview:-1\" \/>\n<link rel=\"canonical\" href=\"https:\/\/www.wundzentren.de\/en\/2025\/11\/05\/jahre-wz-wundzentrum-freiburg-spezialisierte-ambulante-pflegeeinrichtung-feiert-jubilaeum\/\" \/>\n<meta property=\"og:locale\" content=\"en_GB\" \/>\n<meta property=\"og:type\" content=\"article\" \/>\n<meta property=\"og:title\" content=\"Jahre WZ-WundZentrum Freiburg \u2013 Spezialisierte ambulante Pflegeeinrichtung feiert Jubil\u00e4um - WZ-WundZentren: Ihr Spezialist f\u00fcr die Behandlung von chronischen und schwer heilenden Wunden\" \/>\n<meta property=\"og:description\" content=\"Unternehmen &amp; Leistungen Wundlexikon Standorte Jobs &#038;amp Karriere Neuigkeiten &amp;Presse Men\u00fc Neuigkeiten &#038; Presse Presse &#038; Aktuelles Messen &#8211; Veranstaltungen Presse-Fotos Ansprechpartner 2. September 2025 5 Jahre WZ-WundZentrum Freiburg \u2013 Spezialisierte ambulante Pflegeeinrichtung feiert Jubil\u00e4um Download Pressemitteilung (PDF 328 KB) D\u00fcsseldorf\/Freiburg, 02.09.2025. Am 01. September 2025 feierte das WZ-WundZentrum Freiburg sein 5-j\u00e4hriges Bestehen. Seit seiner...\" \/>\n<meta property=\"og:url\" content=\"https:\/\/www.wundzentren.de\/en\/2025\/11\/05\/jahre-wz-wundzentrum-freiburg-spezialisierte-ambulante-pflegeeinrichtung-feiert-jubilaeum\/\" \/>\n<meta property=\"og:site_name\" content=\"WZ-WundZentren: Ihr Spezialist f\u00fcr die Behandlung von chronischen und schwer heilenden Wunden\" \/>\n<meta property=\"article:published_time\" content=\"2025-11-05T12:16:56+00:00\" \/>\n<meta property=\"article:modified_time\" content=\"2025-11-06T09:35:41+00:00\" \/>\n<meta property=\"og:image\" content=\"https:\/\/www.wundzentren.de\/wp-content\/uploads\/2025\/11\/Jubilaeum-WZ-Freiburg.png\" \/>\n\t<meta property=\"og:image:width\" content=\"896\" \/>\n\t<meta property=\"og:image:height\" content=\"536\" \/>\n\t<meta property=\"og:image:type\" content=\"image\/png\" \/>\n<meta name=\"author\" content=\"Magdalena Schweizer\" \/>\n<meta name=\"twitter:card\" content=\"summary_large_image\" \/>\n<meta name=\"twitter:label1\" content=\"Written by\" \/>\n\t<meta name=\"twitter:data1\" content=\"Magdalena Schweizer\" \/>\n\t<meta name=\"twitter:label2\" content=\"Estimated reading time\" \/>\n\t<meta name=\"twitter:data2\" content=\"3 minutes\" \/>\n<script type=\"application\/ld+json\" class=\"yoast-schema-graph\">{\"@context\":\"https:\/\/schema.org\",\"@graph\":[{\"@type\":\"WebPage\",\"@id\":\"https:\/\/www.wundzentren.de\/2025\/11\/05\/jahre-wz-wundzentrum-freiburg-spezialisierte-ambulante-pflegeeinrichtung-feiert-jubilaeum\/\",\"url\":\"https:\/\/www.wundzentren.de\/2025\/11\/05\/jahre-wz-wundzentrum-freiburg-spezialisierte-ambulante-pflegeeinrichtung-feiert-jubilaeum\/\",\"name\":\"Jahre WZ-WundZentrum Freiburg \u2013 Spezialisierte ambulante Pflegeeinrichtung feiert Jubil\u00e4um - WZ-WundZentren: Ihr Spezialist f\u00fcr die Behandlung von chronischen und schwer heilenden Wunden\",\"isPartOf\":{\"@id\":\"https:\/\/www.wundzentren.de\/#website\"},\"primaryImageOfPage\":{\"@id\":\"https:\/\/www.wundzentren.de\/2025\/11\/05\/jahre-wz-wundzentrum-freiburg-spezialisierte-ambulante-pflegeeinrichtung-feiert-jubilaeum\/#primaryimage\"},\"image\":{\"@id\":\"https:\/\/www.wundzentren.de\/2025\/11\/05\/jahre-wz-wundzentrum-freiburg-spezialisierte-ambulante-pflegeeinrichtung-feiert-jubilaeum\/#primaryimage\"},\"thumbnailUrl\":\"https:\/\/www.wundzentren.de\/wp-content\/uploads\/2025\/11\/Jubilaeum-WZ-Freiburg.png\",\"datePublished\":\"2025-11-05T12:16:56+00:00\",\"dateModified\":\"2025-11-06T09:35:41+00:00\",\"author\":{\"@id\":\"https:\/\/www.wundzentren.de\/#\/schema\/person\/802c15a63104f60b76c87d5b12a7aa29\"},\"breadcrumb\":{\"@id\":\"https:\/\/www.wundzentren.de\/2025\/11\/05\/jahre-wz-wundzentrum-freiburg-spezialisierte-ambulante-pflegeeinrichtung-feiert-jubilaeum\/#breadcrumb\"},\"inLanguage\":\"en-GB\",\"potentialAction\":[{\"@type\":\"ReadAction\",\"target\":[\"https:\/\/www.wundzentren.de\/2025\/11\/05\/jahre-wz-wundzentrum-freiburg-spezialisierte-ambulante-pflegeeinrichtung-feiert-jubilaeum\/\"]}]},{\"@type\":\"ImageObject\",\"inLanguage\":\"en-GB\",\"@id\":\"https:\/\/www.wundzentren.de\/2025\/11\/05\/jahre-wz-wundzentrum-freiburg-spezialisierte-ambulante-pflegeeinrichtung-feiert-jubilaeum\/#primaryimage\",\"url\":\"https:\/\/www.wundzentren.de\/wp-content\/uploads\/2025\/11\/Jubilaeum-WZ-Freiburg.png\",\"contentUrl\":\"https:\/\/www.wundzentren.de\/wp-content\/uploads\/2025\/11\/Jubilaeum-WZ-Freiburg.png\"},{\"@type\":\"BreadcrumbList\",\"@id\":\"https:\/\/www.wundzentren.de\/2025\/11\/05\/jahre-wz-wundzentrum-freiburg-spezialisierte-ambulante-pflegeeinrichtung-feiert-jubilaeum\/#breadcrumb\",\"itemListElement\":[{\"@type\":\"ListItem\",\"position\":1,\"name\":\"Startseite\",\"item\":\"https:\/\/www.wundzentren.de\/\"},{\"@type\":\"ListItem\",\"position\":2,\"name\":\"Jahre WZ-WundZentrum Freiburg \u2013 Spezialisierte ambulante Pflegeeinrichtung feiert Jubil\u00e4um\"}]},{\"@type\":\"WebSite\",\"@id\":\"https:\/\/www.wundzentren.de\/#website\",\"url\":\"https:\/\/www.wundzentren.de\/\",\"name\":\"WZ-WundZentren: Ihr Spezialist f\u00fcr die Behandlung von chronischen und schwer heilenden Wunden\",\"description\":\"\",\"potentialAction\":[{\"@type\":\"SearchAction\",\"target\":{\"@type\":\"EntryPoint\",\"urlTemplate\":\"https:\/\/www.wundzentren.de\/?s={search_term_string}\"},\"query-input\":{\"@type\":\"PropertyValueSpecification\",\"valueRequired\":true,\"valueName\":\"search_term_string\"}}],\"inLanguage\":\"en-GB\"},{\"@type\":\"Person\",\"@id\":\"https:\/\/www.wundzentren.de\/#\/schema\/person\/802c15a63104f60b76c87d5b12a7aa29\",\"name\":\"Magdalena Schweizer\",\"image\":{\"@type\":\"ImageObject\",\"inLanguage\":\"en-GB\",\"@id\":\"https:\/\/www.wundzentren.de\/#\/schema\/person\/image\/\",\"url\":\"https:\/\/secure.gravatar.com\/avatar\/6e84da102008539268578e1e239460d6ff084f588493d6b3d31b007a5583661c?s=96&d=mm&r=g\",\"contentUrl\":\"https:\/\/secure.gravatar.com\/avatar\/6e84da102008539268578e1e239460d6ff084f588493d6b3d31b007a5583661c?s=96&d=mm&r=g\",\"caption\":\"Magdalena Schweizer\"},\"url\":\"https:\/\/www.wundzentren.de\/en\/author\/schweizm\/\"}]}<\/script>\n<!-- \/ Yoast SEO plugin. -->","yoast_head_json":{"title":"Jahre WZ-WundZentrum Freiburg \u2013 Spezialisierte ambulante Pflegeeinrichtung feiert Jubil\u00e4um - WZ-WundZentren: Ihr Spezialist f\u00fcr die Behandlung von chronischen und schwer heilenden Wunden","robots":{"index":"index","follow":"follow","max-snippet":"max-snippet:-1","max-image-preview":"max-image-preview:large","max-video-preview":"max-video-preview:-1"},"canonical":"https:\/\/www.wundzentren.de\/en\/2025\/11\/05\/jahre-wz-wundzentrum-freiburg-spezialisierte-ambulante-pflegeeinrichtung-feiert-jubilaeum\/","og_locale":"en_GB","og_type":"article","og_title":"Jahre WZ-WundZentrum Freiburg \u2013 Spezialisierte ambulante Pflegeeinrichtung feiert Jubil\u00e4um - WZ-WundZentren: Ihr Spezialist f\u00fcr die Behandlung von chronischen und schwer heilenden Wunden","og_description":"Unternehmen &amp; Leistungen Wundlexikon Standorte Jobs &#038;amp Karriere Neuigkeiten &amp;Presse Men\u00fc Neuigkeiten &#038; Presse Presse &#038; Aktuelles Messen &#8211; Veranstaltungen Presse-Fotos Ansprechpartner 2. September 2025 5 Jahre WZ-WundZentrum Freiburg \u2013 Spezialisierte ambulante Pflegeeinrichtung feiert Jubil\u00e4um Download Pressemitteilung (PDF 328 KB) D\u00fcsseldorf\/Freiburg, 02.09.2025. Am 01. September 2025 feierte das WZ-WundZentrum Freiburg sein 5-j\u00e4hriges Bestehen. Seit seiner...","og_url":"https:\/\/www.wundzentren.de\/en\/2025\/11\/05\/jahre-wz-wundzentrum-freiburg-spezialisierte-ambulante-pflegeeinrichtung-feiert-jubilaeum\/","og_site_name":"WZ-WundZentren: Ihr Spezialist f\u00fcr die Behandlung von chronischen und schwer heilenden Wunden","article_published_time":"2025-11-05T12:16:56+00:00","article_modified_time":"2025-11-06T09:35:41+00:00","og_image":[{"width":896,"height":536,"url":"https:\/\/www.wundzentren.de\/wp-content\/uploads\/2025\/11\/Jubilaeum-WZ-Freiburg.png","type":"image\/png"}],"author":"Magdalena Schweizer","twitter_card":"summary_large_image","twitter_misc":{"Written by":"Magdalena Schweizer","Estimated reading time":"3 minutes"},"schema":{"@context":"https:\/\/schema.org","@graph":[{"@type":"WebPage","@id":"https:\/\/www.wundzentren.de\/2025\/11\/05\/jahre-wz-wundzentrum-freiburg-spezialisierte-ambulante-pflegeeinrichtung-feiert-jubilaeum\/","url":"https:\/\/www.wundzentren.de\/2025\/11\/05\/jahre-wz-wundzentrum-freiburg-spezialisierte-ambulante-pflegeeinrichtung-feiert-jubilaeum\/","name":"Jahre WZ-WundZentrum Freiburg \u2013 Spezialisierte ambulante Pflegeeinrichtung feiert Jubil\u00e4um - WZ-WundZentren: Ihr Spezialist f\u00fcr die Behandlung von chronischen und schwer heilenden Wunden","isPartOf":{"@id":"https:\/\/www.wundzentren.de\/#website"},"primaryImageOfPage":{"@id":"https:\/\/www.wundzentren.de\/2025\/11\/05\/jahre-wz-wundzentrum-freiburg-spezialisierte-ambulante-pflegeeinrichtung-feiert-jubilaeum\/#primaryimage"},"image":{"@id":"https:\/\/www.wundzentren.de\/2025\/11\/05\/jahre-wz-wundzentrum-freiburg-spezialisierte-ambulante-pflegeeinrichtung-feiert-jubilaeum\/#primaryimage"},"thumbnailUrl":"https:\/\/www.wundzentren.de\/wp-content\/uploads\/2025\/11\/Jubilaeum-WZ-Freiburg.png","datePublished":"2025-11-05T12:16:56+00:00","dateModified":"2025-11-06T09:35:41+00:00","author":{"@id":"https:\/\/www.wundzentren.de\/#\/schema\/person\/802c15a63104f60b76c87d5b12a7aa29"},"breadcrumb":{"@id":"https:\/\/www.wundzentren.de\/2025\/11\/05\/jahre-wz-wundzentrum-freiburg-spezialisierte-ambulante-pflegeeinrichtung-feiert-jubilaeum\/#breadcrumb"},"inLanguage":"en-GB","potentialAction":[{"@type":"ReadAction","target":["https:\/\/www.wundzentren.de\/2025\/11\/05\/jahre-wz-wundzentrum-freiburg-spezialisierte-ambulante-pflegeeinrichtung-feiert-jubilaeum\/"]}]},{"@type":"ImageObject","inLanguage":"en-GB","@id":"https:\/\/www.wundzentren.de\/2025\/11\/05\/jahre-wz-wundzentrum-freiburg-spezialisierte-ambulante-pflegeeinrichtung-feiert-jubilaeum\/#primaryimage","url":"https:\/\/www.wundzentren.de\/wp-content\/uploads\/2025\/11\/Jubilaeum-WZ-Freiburg.png","contentUrl":"https:\/\/www.wundzentren.de\/wp-content\/uploads\/2025\/11\/Jubilaeum-WZ-Freiburg.png"},{"@type":"BreadcrumbList","@id":"https:\/\/www.wundzentren.de\/2025\/11\/05\/jahre-wz-wundzentrum-freiburg-spezialisierte-ambulante-pflegeeinrichtung-feiert-jubilaeum\/#breadcrumb","itemListElement":[{"@type":"ListItem","position":1,"name":"Startseite","item":"https:\/\/www.wundzentren.de\/"},{"@type":"ListItem","position":2,"name":"Jahre WZ-WundZentrum Freiburg \u2013 Spezialisierte ambulante Pflegeeinrichtung feiert Jubil\u00e4um"}]},{"@type":"WebSite","@id":"https:\/\/www.wundzentren.de\/#website","url":"https:\/\/www.wundzentren.de\/","name":"WZ-WundZentren: Ihr Spezialist f\u00fcr die Behandlung von chronischen und schwer heilenden Wunden","description":"","potentialAction":[{"@type":"SearchAction","target":{"@type":"EntryPoint","urlTemplate":"https:\/\/www.wundzentren.de\/?s={search_term_string}"},"query-input":{"@type":"PropertyValueSpecification","valueRequired":true,"valueName":"search_term_string"}}],"inLanguage":"en-GB"},{"@type":"Person","@id":"https:\/\/www.wundzentren.de\/#\/schema\/person\/802c15a63104f60b76c87d5b12a7aa29","name":"Magdalena Schweizer","image":{"@type":"ImageObject","inLanguage":"en-GB","@id":"https:\/\/www.wundzentren.de\/#\/schema\/person\/image\/","url":"https:\/\/secure.gravatar.com\/avatar\/6e84da102008539268578e1e239460d6ff084f588493d6b3d31b007a5583661c?s=96&d=mm&r=g","contentUrl":"https:\/\/secure.gravatar.com\/avatar\/6e84da102008539268578e1e239460d6ff084f588493d6b3d31b007a5583661c?s=96&d=mm&r=g","caption":"Magdalena Schweizer"},"url":"https:\/\/www.wundzentren.de\/en\/author\/schweizm\/"}]}},"rttpg_featured_image_url":null,"rttpg_author":{"display_name":"Magdalena Schweizer","author_link":"https:\/\/www.wundzentren.de\/en\/author\/schweizm\/"},"rttpg_comment":1,"rttpg_category":"<a href=\"https:\/\/www.wundzentren.de\/en\/category\/allgemein\/\" rel=\"category tag\">Allgemein<\/a>","rttpg_excerpt":"Unternehmen &amp; Leistungen Wundlexikon Standorte Jobs &#038;amp Karriere Neuigkeiten &amp;Presse Men\u00fc Neuigkeiten &#038; Presse Presse &#038; Aktuelles Messen &#8211; Veranstaltungen Presse-Fotos Ansprechpartner 2. September 2025 5 Jahre WZ-WundZentrum Freiburg \u2013 Spezialisierte ambulante Pflegeeinrichtung feiert Jubil\u00e4um Download Pressemitteilung (PDF 328 KB) D\u00fcsseldorf\/Freiburg, 02.09.2025. Am 01. September 2025 feierte das WZ-WundZentrum Freiburg sein 5-j\u00e4hriges Bestehen. Seit seiner...","_links":{"self":[{"href":"https:\/\/www.wundzentren.de\/en\/wp-json\/wp\/v2\/posts\/12360","targetHints":{"allow":["GET"]}}],"collection":[{"href":"https:\/\/www.wundzentren.de\/en\/wp-json\/wp\/v2\/posts"}],"about":[{"href":"https:\/\/www.wundzentren.de\/en\/wp-json\/wp\/v2\/types\/post"}],"author":[{"embeddable":true,"href":"https:\/\/www.wundzentren.de\/en\/wp-json\/wp\/v2\/users\/4"}],"replies":[{"embeddable":true,"href":"https:\/\/www.wundzentren.de\/en\/wp-json\/wp\/v2\/comments?post=12360"}],"version-history":[{"count":15,"href":"https:\/\/www.wundzentren.de\/en\/wp-json\/wp\/v2\/posts\/12360\/revisions"}],"predecessor-version":[{"id":12399,"href":"https:\/\/www.wundzentren.de\/en\/wp-json\/wp\/v2\/posts\/12360\/revisions\/12399"}],"wp:attachment":[{"href":"https:\/\/www.wundzentren.de\/en\/wp-json\/wp\/v2\/media?parent=12360"}],"wp:term":[{"taxonomy":"category","embeddable":true,"href":"https:\/\/www.wundzentren.de\/en\/wp-json\/wp\/v2\/categories?post=12360"},{"taxonomy":"post_tag","embeddable":true,"href":"https:\/\/www.wundzentren.de\/en\/wp-json\/wp\/v2\/tags?post=12360"}],"curies":[{"name":"wp","href":"https:\/\/api.w.org\/{rel}","templated":true}]}}