{"id":12326,"date":"2025-11-05T12:20:25","date_gmt":"2025-11-05T11:20:25","guid":{"rendered":"https:\/\/www.wundzentren.de\/?p=12326"},"modified":"2025-11-05T19:55:06","modified_gmt":"2025-11-05T18:55:06","slug":"wz-wundzentren-gmbh-steht-im-finale-fuer-den-deutschen-nachhaltigkeitspreis-gesundheit","status":"publish","type":"post","link":"https:\/\/www.wundzentren.de\/en\/2025\/11\/05\/wz-wundzentren-gmbh-steht-im-finale-fuer-den-deutschen-nachhaltigkeitspreis-gesundheit\/","title":{"rendered":"WZ-WundZentren GmbH steht im Finale f\u00fcr den Deutschen Nachhaltigkeitspreis Gesundheit"},"content":{"rendered":"<div data-elementor-type=\"wp-post\" data-elementor-id=\"12326\" class=\"elementor elementor-12326\">\n\t\t\t\t<div class=\"elementor-element elementor-element-4de36cc e-con-full e-flex e-con e-child\" data-id=\"4de36cc\" data-element_type=\"container\" data-settings=\"{&quot;background_background&quot;:&quot;slideshow&quot;,&quot;background_slideshow_gallery&quot;:[{&quot;id&quot;:12,&quot;url&quot;:&quot;https:\\\/\\\/wz.wz-medcubes.de\\\/wp-content\\\/uploads\\\/2024\\\/02\\\/img-headerbild-wundbehandlung-1.jpg&quot;}],&quot;background_slideshow_transition_duration&quot;:20,&quot;background_slideshow_loop&quot;:&quot;yes&quot;,&quot;background_slideshow_slide_duration&quot;:5000,&quot;background_slideshow_slide_transition&quot;:&quot;fade&quot;}\">\n\t\t<div class=\"elementor-element elementor-element-4c399d1 e-con-full e-flex e-con e-child\" data-id=\"4c399d1\" data-element_type=\"container\" data-settings=\"{&quot;background_background&quot;:&quot;slideshow&quot;,&quot;background_slideshow_gallery&quot;:[],&quot;background_slideshow_loop&quot;:&quot;yes&quot;,&quot;background_slideshow_slide_duration&quot;:5000,&quot;background_slideshow_slide_transition&quot;:&quot;fade&quot;,&quot;background_slideshow_transition_duration&quot;:500}\">\n\t\t<div class=\"elementor-element elementor-element-513d7ca e-con-full e-flex e-con e-child\" data-id=\"513d7ca\" data-element_type=\"container\">\n\t\t<a class=\"elementor-element elementor-element-266fce7 landing-nav-tab-hover e-flex e-con-boxed e-con e-child\" data-id=\"266fce7\" data-element_type=\"container\" data-settings=\"{&quot;background_background&quot;:&quot;classic&quot;}\" href=\"\/wordpress\/unternehmen-leistungen\/\">\n\t\t\t\t\t<div class=\"e-con-inner\">\n\t\t\t\t<div class=\"elementor-element elementor-element-b826419 landing-nav-tab-title elementor-widget elementor-widget-heading\" data-id=\"b826419\" data-element_type=\"widget\" data-widget_type=\"heading.default\">\n\t\t\t\t<div class=\"elementor-widget-container\">\n\t\t\t<style>\/*! elementor - v3.21.0 - 26-05-2024 *\/\n.elementor-heading-title{padding:0;margin:0;line-height:1}.elementor-widget-heading .elementor-heading-title[class*=elementor-size-]>a{color:inherit;font-size:inherit;line-height:inherit}.elementor-widget-heading .elementor-heading-title.elementor-size-small{font-size:15px}.elementor-widget-heading .elementor-heading-title.elementor-size-medium{font-size:19px}.elementor-widget-heading .elementor-heading-title.elementor-size-large{font-size:29px}.elementor-widget-heading .elementor-heading-title.elementor-size-xl{font-size:39px}.elementor-widget-heading .elementor-heading-title.elementor-size-xxl{font-size:59px}<\/style><h2 class=\"elementor-heading-title elementor-size-default\">Company &amp; <br>Services<\/h2>\t\t<\/div>\n\t\t\t\t<\/div>\n\t\t\t\t\t<\/div>\n\t\t\t\t<\/a>\n\t\t\t\t<\/div>\n\t\t<div class=\"elementor-element elementor-element-727b59d e-con-full e-flex e-con e-child\" data-id=\"727b59d\" data-element_type=\"container\">\n\t\t<a class=\"elementor-element elementor-element-91dadab landing-nav-tab-hover e-flex e-con-boxed e-con e-child\" data-id=\"91dadab\" data-element_type=\"container\" data-settings=\"{&quot;background_background&quot;:&quot;classic&quot;}\" href=\"\/wordpress\/wundlexikon\/\">\n\t\t\t\t\t<div class=\"e-con-inner\">\n\t\t\t\t<div class=\"elementor-element elementor-element-051b71c landing-nav-tab-title elementor-widget elementor-widget-heading\" data-id=\"051b71c\" data-element_type=\"widget\" data-widget_type=\"heading.default\">\n\t\t\t\t<div class=\"elementor-widget-container\">\n\t\t\t<h2 class=\"elementor-heading-title elementor-size-default\">Wound dictionary<\/h2>\t\t<\/div>\n\t\t\t\t<\/div>\n\t\t\t\t\t<\/div>\n\t\t\t\t<\/a>\n\t\t\t\t<\/div>\n\t\t<div class=\"elementor-element elementor-element-36ea2d4 e-con-full e-flex e-con e-child\" data-id=\"36ea2d4\" data-element_type=\"container\">\n\t\t<a class=\"elementor-element elementor-element-5a7990d landing-nav-tab-hover e-flex e-con-boxed e-con e-child\" data-id=\"5a7990d\" data-element_type=\"container\" data-settings=\"{&quot;background_background&quot;:&quot;classic&quot;}\" href=\"\/wordpress\/standorte\/\">\n\t\t\t\t\t<div class=\"e-con-inner\">\n\t\t\t\t<div class=\"elementor-element elementor-element-7e42522 landing-nav-tab-title elementor-widget elementor-widget-heading\" data-id=\"7e42522\" data-element_type=\"widget\" data-widget_type=\"heading.default\">\n\t\t\t\t<div class=\"elementor-widget-container\">\n\t\t\t<h2 class=\"elementor-heading-title elementor-size-default\">Locations<\/h2>\t\t<\/div>\n\t\t\t\t<\/div>\n\t\t\t\t\t<\/div>\n\t\t\t\t<\/a>\n\t\t\t\t<\/div>\n\t\t<div class=\"elementor-element elementor-element-c410ebc e-con-full e-flex e-con e-child\" data-id=\"c410ebc\" data-element_type=\"container\">\n\t\t<a class=\"elementor-element elementor-element-a477243 landing-nav-tab-hover e-flex e-con-boxed e-con e-child\" data-id=\"a477243\" data-element_type=\"container\" data-settings=\"{&quot;background_background&quot;:&quot;classic&quot;}\" href=\"\/wordpress\/karriere\/\">\n\t\t\t\t\t<div class=\"e-con-inner\">\n\t\t\t\t<div class=\"elementor-element elementor-element-f58f592 landing-nav-tab-title elementor-widget elementor-widget-heading\" data-id=\"f58f592\" data-element_type=\"widget\" data-widget_type=\"heading.default\">\n\t\t\t\t<div class=\"elementor-widget-container\">\n\t\t\t<h2 class=\"elementor-heading-title elementor-size-default\">Jobs and career<\/h2>\t\t<\/div>\n\t\t\t\t<\/div>\n\t\t\t\t\t<\/div>\n\t\t\t\t<\/a>\n\t\t\t\t<\/div>\n\t\t<div class=\"elementor-element elementor-element-f421ed4 e-con-full e-flex e-con e-child\" data-id=\"f421ed4\" data-element_type=\"container\">\n\t\t<a class=\"elementor-element elementor-element-fe2af5f landing-nav-tab-hover e-flex e-con-boxed e-con e-child\" data-id=\"fe2af5f\" data-element_type=\"container\" data-settings=\"{&quot;background_background&quot;:&quot;classic&quot;}\" href=\"\/wordpress\/presse\/\">\n\t\t\t\t\t<div class=\"e-con-inner\">\n\t\t\t\t<div class=\"elementor-element elementor-element-b179597 landing-nav-tab-title elementor-widget elementor-widget-heading\" data-id=\"b179597\" data-element_type=\"widget\" data-widget_type=\"heading.default\">\n\t\t\t\t<div class=\"elementor-widget-container\">\n\t\t\t<h2 class=\"elementor-heading-title elementor-size-default\">News &amp;<br>Press<\/h2>\t\t<\/div>\n\t\t\t\t<\/div>\n\t\t\t\t\t<\/div>\n\t\t\t\t<\/a>\n\t\t\t\t<\/div>\n\t\t\t\t<\/div>\n\t\t\t\t<div class=\"elementor-element elementor-element-164ca6b hfe-submenu-icon-plus hfe-nav-menu__breakpoint-none elementor-widget__width-initial hfe-link-redirect-self_link start-menu-active elementor-absolute hfe-nav-menu__align-left elementor-widget elementor-widget-navigation-menu\" data-id=\"164ca6b\" data-element_type=\"widget\" data-settings=\"{&quot;toggle_size&quot;:{&quot;unit&quot;:&quot;px&quot;,&quot;size&quot;:40,&quot;sizes&quot;:[]},&quot;toggle_border_width&quot;:{&quot;unit&quot;:&quot;px&quot;,&quot;size&quot;:0,&quot;sizes&quot;:[]},&quot;_position&quot;:&quot;absolute&quot;,&quot;padding_horizontal_menu_item&quot;:{&quot;unit&quot;:&quot;px&quot;,&quot;size&quot;:15,&quot;sizes&quot;:[]},&quot;padding_horizontal_menu_item_tablet&quot;:{&quot;unit&quot;:&quot;px&quot;,&quot;size&quot;:&quot;&quot;,&quot;sizes&quot;:[]},&quot;padding_horizontal_menu_item_mobile&quot;:{&quot;unit&quot;:&quot;px&quot;,&quot;size&quot;:&quot;&quot;,&quot;sizes&quot;:[]},&quot;padding_vertical_menu_item&quot;:{&quot;unit&quot;:&quot;px&quot;,&quot;size&quot;:15,&quot;sizes&quot;:[]},&quot;padding_vertical_menu_item_tablet&quot;:{&quot;unit&quot;:&quot;px&quot;,&quot;size&quot;:&quot;&quot;,&quot;sizes&quot;:[]},&quot;padding_vertical_menu_item_mobile&quot;:{&quot;unit&quot;:&quot;px&quot;,&quot;size&quot;:&quot;&quot;,&quot;sizes&quot;:[]},&quot;menu_space_between&quot;:{&quot;unit&quot;:&quot;px&quot;,&quot;size&quot;:&quot;&quot;,&quot;sizes&quot;:[]},&quot;menu_space_between_tablet&quot;:{&quot;unit&quot;:&quot;px&quot;,&quot;size&quot;:&quot;&quot;,&quot;sizes&quot;:[]},&quot;menu_space_between_mobile&quot;:{&quot;unit&quot;:&quot;px&quot;,&quot;size&quot;:&quot;&quot;,&quot;sizes&quot;:[]},&quot;dropdown_border_radius&quot;:{&quot;unit&quot;:&quot;px&quot;,&quot;top&quot;:&quot;&quot;,&quot;right&quot;:&quot;&quot;,&quot;bottom&quot;:&quot;&quot;,&quot;left&quot;:&quot;&quot;,&quot;isLinked&quot;:true},&quot;dropdown_border_radius_tablet&quot;:{&quot;unit&quot;:&quot;px&quot;,&quot;top&quot;:&quot;&quot;,&quot;right&quot;:&quot;&quot;,&quot;bottom&quot;:&quot;&quot;,&quot;left&quot;:&quot;&quot;,&quot;isLinked&quot;:true},&quot;dropdown_border_radius_mobile&quot;:{&quot;unit&quot;:&quot;px&quot;,&quot;top&quot;:&quot;&quot;,&quot;right&quot;:&quot;&quot;,&quot;bottom&quot;:&quot;&quot;,&quot;left&quot;:&quot;&quot;,&quot;isLinked&quot;:true},&quot;padding_horizontal_dropdown_item&quot;:{&quot;unit&quot;:&quot;px&quot;,&quot;size&quot;:&quot;&quot;,&quot;sizes&quot;:[]},&quot;padding_horizontal_dropdown_item_tablet&quot;:{&quot;unit&quot;:&quot;px&quot;,&quot;size&quot;:&quot;&quot;,&quot;sizes&quot;:[]},&quot;padding_horizontal_dropdown_item_mobile&quot;:{&quot;unit&quot;:&quot;px&quot;,&quot;size&quot;:&quot;&quot;,&quot;sizes&quot;:[]},&quot;padding_vertical_dropdown_item&quot;:{&quot;unit&quot;:&quot;px&quot;,&quot;size&quot;:15,&quot;sizes&quot;:[]},&quot;padding_vertical_dropdown_item_tablet&quot;:{&quot;unit&quot;:&quot;px&quot;,&quot;size&quot;:&quot;&quot;,&quot;sizes&quot;:[]},&quot;padding_vertical_dropdown_item_mobile&quot;:{&quot;unit&quot;:&quot;px&quot;,&quot;size&quot;:&quot;&quot;,&quot;sizes&quot;:[]},&quot;distance_from_menu&quot;:{&quot;unit&quot;:&quot;px&quot;,&quot;size&quot;:&quot;&quot;,&quot;sizes&quot;:[]},&quot;distance_from_menu_tablet&quot;:{&quot;unit&quot;:&quot;px&quot;,&quot;size&quot;:&quot;&quot;,&quot;sizes&quot;:[]},&quot;distance_from_menu_mobile&quot;:{&quot;unit&quot;:&quot;px&quot;,&quot;size&quot;:&quot;&quot;,&quot;sizes&quot;:[]},&quot;toggle_size_tablet&quot;:{&quot;unit&quot;:&quot;px&quot;,&quot;size&quot;:&quot;&quot;,&quot;sizes&quot;:[]},&quot;toggle_size_mobile&quot;:{&quot;unit&quot;:&quot;px&quot;,&quot;size&quot;:&quot;&quot;,&quot;sizes&quot;:[]},&quot;toggle_border_width_tablet&quot;:{&quot;unit&quot;:&quot;px&quot;,&quot;size&quot;:&quot;&quot;,&quot;sizes&quot;:[]},&quot;toggle_border_width_mobile&quot;:{&quot;unit&quot;:&quot;px&quot;,&quot;size&quot;:&quot;&quot;,&quot;sizes&quot;:[]},&quot;toggle_border_radius&quot;:{&quot;unit&quot;:&quot;px&quot;,&quot;size&quot;:&quot;&quot;,&quot;sizes&quot;:[]},&quot;toggle_border_radius_tablet&quot;:{&quot;unit&quot;:&quot;px&quot;,&quot;size&quot;:&quot;&quot;,&quot;sizes&quot;:[]},&quot;toggle_border_radius_mobile&quot;:{&quot;unit&quot;:&quot;px&quot;,&quot;size&quot;:&quot;&quot;,&quot;sizes&quot;:[]}}\" data-widget_type=\"navigation-menu.default\">\n\t\t\t\t<div class=\"elementor-widget-container\">\n\t\t\t\t\t\t<div class=\"hfe-nav-menu hfe-layout-vertical hfe-nav-menu-layout vertical\" data-layout=\"vertical\">\n\t\t\t\t<div role=\"button\" class=\"hfe-nav-menu__toggle elementor-clickable\">\n\t\t\t\t\t<span class=\"screen-reader-text\">Menu<\/span>\n\t\t\t\t\t<div class=\"hfe-nav-menu-icon\">\n\t\t\t\t\t\t\t\t\t\t\t<\/div>\n\t\t\t\t<\/div>\n\t\t\t\t<nav itemscope=\"itemscope\" itemtype=\"https:\/\/schema.org\/SiteNavigationElement\" class=\"hfe-nav-menu__layout-vertical hfe-nav-menu__submenu-plus\" data-toggle-icon=\"\" data-close-icon=\"\" data-full-width=\"\">\n\t\t\t\t\t<ul id=\"menu-1-164ca6b\" class=\"hfe-nav-menu\"><li id=\"menu-item-5347\" itemprop=\"name\" class=\"menu-item menu-item-type-post_type menu-item-object-page parent hfe-creative-menu\"><a href=\"https:\/\/www.wundzentren.de\/en\/presse\/\" itemprop=\"url\" class = \"hfe-menu-item\">News &amp; Press<\/a><\/li>\n<li id=\"menu-item-5342\" itemprop=\"name\" class=\"menu-item menu-item-type-post_type menu-item-object-page parent hfe-creative-menu\"><a href=\"https:\/\/www.wundzentren.de\/en\/presse\/pressemitteilungen\/\" itemprop=\"url\" class = \"hfe-menu-item\">Press &amp; News<\/a><\/li>\n<li id=\"menu-item-5341\" itemprop=\"name\" class=\"menu-item menu-item-type-post_type menu-item-object-page parent hfe-creative-menu\"><a href=\"https:\/\/www.wundzentren.de\/en\/presse\/messen-veranstaltungen\/\" itemprop=\"url\" class = \"hfe-menu-item\">Trade fairs &amp; Events<\/a><\/li>\n<li id=\"menu-item-5340\" itemprop=\"name\" class=\"menu-item menu-item-type-post_type menu-item-object-page parent hfe-creative-menu\"><a href=\"https:\/\/www.wundzentren.de\/en\/presse\/pressefotos\/\" itemprop=\"url\" class = \"hfe-menu-item\">Press photos<\/a><\/li>\n<li id=\"menu-item-5339\" itemprop=\"name\" class=\"menu-item menu-item-type-post_type menu-item-object-page parent hfe-creative-menu\"><a href=\"https:\/\/www.wundzentren.de\/en\/presse\/ansprechpartner\/\" itemprop=\"url\" class = \"hfe-menu-item\">Contact<\/a><\/li>\n<\/ul> \n\t\t\t\t<\/nav>\n\t\t\t<\/div>\n\t\t\t\t\t<\/div>\n\t\t\t\t<\/div>\n\t\t\t\t<\/div>\n\t\t<div class=\"elementor-element elementor-element-038b3c4 e-flex e-con-boxed e-con e-parent\" data-id=\"038b3c4\" data-element_type=\"container\">\n\t\t\t\t\t<div class=\"e-con-inner\">\n\t\t<div class=\"elementor-element elementor-element-d1b02dc e-con-full e-flex e-con e-child\" data-id=\"d1b02dc\" data-element_type=\"container\">\n\t\t\t\t<div class=\"elementor-element elementor-element-55d8950 elementor-widget elementor-widget-image\" data-id=\"55d8950\" data-element_type=\"widget\" data-widget_type=\"image.default\">\n\t\t\t\t<div class=\"elementor-widget-container\">\n\t\t\t<style>\/*! elementor - v3.21.0 - 26-05-2024 *\/\n.elementor-widget-image{text-align:center}.elementor-widget-image a{display:inline-block}.elementor-widget-image a img[src$=\".svg\"]{width:48px}.elementor-widget-image img{vertical-align:middle;display:inline-block}<\/style>\t\t\t\t\t\t\t\t\t\t<img fetchpriority=\"high\" decoding=\"async\" width=\"800\" height=\"534\" src=\"https:\/\/www.wundzentren.de\/wp-content\/uploads\/2024\/06\/Vorlage-Bild-Finalisten-Nominierung-WZ-Site-Kopie-1.png\" class=\"attachment-1536x1536 size-1536x1536 wp-image-12348\" alt=\"\" \/>\t\t\t\t\t\t\t\t\t\t\t\t\t<\/div>\n\t\t\t\t<\/div>\n\t\t\t\t<div class=\"elementor-element elementor-element-901cf02 elementor-widget elementor-widget-heading\" data-id=\"901cf02\" data-element_type=\"widget\" data-widget_type=\"heading.default\">\n\t\t\t\t<div class=\"elementor-widget-container\">\n\t\t\t<h2 class=\"elementor-heading-title elementor-size-default\"><dl style=\"-webkit-tap-highlight-color: transparent; box-sizing: inherit; margin-bottom: 10px; font-size: 0.75rem; color: rgb(77, 77, 77); opacity: 0.7; text-transform: uppercase; font-family: Barlow-Medium, Helvetica, Arial, Lucida; white-space-collapse: collapse;\"><dd style=\"-webkit-tap-highlight-color: transparent; box-sizing: inherit; margin-bottom: 0px; margin-left: 0px;\"><time datetime=\"03.08.2023\" style=\"-webkit-tap-highlight-color: transparent; box-sizing: inherit;\">29. September 2025<\/time><\/dd><\/dl><\/h2>\t\t<\/div>\n\t\t\t\t<\/div>\n\t\t\t\t<div class=\"elementor-element elementor-element-a64b46c elementor-widget elementor-widget-heading\" data-id=\"a64b46c\" data-element_type=\"widget\" data-widget_type=\"heading.default\">\n\t\t\t\t<div class=\"elementor-widget-container\">\n\t\t\t<h1 class=\"elementor-heading-title elementor-size-default\"><span style=\"font-size: 33.3333px; font-family: Barlow, Helvetica, Arial, sans-serif;\"><b>WZ-WundZentren GmbH steht im Finale f\u00fcr den Deutschen Nachhaltigkeitspreis Gesundheit<\/b><\/span><br><\/h1>\t\t<\/div>\n\t\t\t\t<\/div>\n\t\t\t\t<div class=\"elementor-element elementor-element-e9b0b5b elementor-widget elementor-widget-text-editor\" data-id=\"e9b0b5b\" data-element_type=\"widget\" data-widget_type=\"text-editor.default\">\n\t\t\t\t<div class=\"elementor-widget-container\">\n\t\t\t<style>\/*! elementor - v3.21.0 - 26-05-2024 *\/\n.elementor-widget-text-editor.elementor-drop-cap-view-stacked .elementor-drop-cap{background-color:#69727d;color:#fff}.elementor-widget-text-editor.elementor-drop-cap-view-framed .elementor-drop-cap{color:#69727d;border:3px solid;background-color:transparent}.elementor-widget-text-editor:not(.elementor-drop-cap-view-default) .elementor-drop-cap{margin-top:8px}.elementor-widget-text-editor:not(.elementor-drop-cap-view-default) .elementor-drop-cap-letter{width:1em;height:1em}.elementor-widget-text-editor .elementor-drop-cap{float:left;text-align:center;line-height:1;font-size:50px}.elementor-widget-text-editor .elementor-drop-cap-letter{display:inline-block}<\/style>\t\t\t\t<div style=\"-webkit-tap-highlight-color: transparent; box-sizing: inherit; position: relative; width: 840px; padding-right: 20px; padding-left: 20px;\"><div style=\"-webkit-tap-highlight-color: transparent; box-sizing: inherit; counter-reset: section 0; width: 800px; line-height: 1.625rem;\"><p style=\"color: #777777; font-family: Barlow, Helvetica, Arial, Lucida, sans-serif; font-size: 1.15rem; line-height: 1.625rem; font-weight: 400; margin-bottom: 15px;\"><a style=\"box-sizing: inherit; transition-property: all; color: #8cb8c6; font-size: 18.4px; -webkit-tap-highlight-color: transparent; font-weight: 600;\" href=\"https:\/\/www.wundzentren.de\/wp-content\/uploads\/2025\/10\/PM_Deutscher-Nachhaltigkeitspreis_202509.pdf\" target=\"_blank\" rel=\"noopener\">Download Pressemitteilung (PDF 328 KB)<\/a><i><\/i><\/p><p style=\"color: #777777; font-family: Barlow, Helvetica, Arial, Lucida, sans-serif; font-size: 1.15rem;\"><em>D\u00fcsseldorf, 29.09.2025<\/em>. <strong>Die WZ-WundZentren GmbH wurde als Finalist f\u00fcr den Deutschen Nachhaltigkeitspreis Gesundheit in der Kategorie \u201eVersorgung gestalten\u201c nominiert. Der Preis w\u00fcrdigt die Vorreiter der Nachhaltigkeit im Gesundheitswesen gemeinsam mit der BARMER und der von Dr. Eckart von Hirschhausen gegr\u00fcndeten Stiftung Gesunde Erde \u2013 Gesunde Menschen (GEGM). Die Preisverleihung findet am 5. Dezember 2025 in D\u00fcsseldorf statt.<\/strong><\/p><p style=\"color: #777777; font-family: Barlow, Helvetica, Arial, Lucida, sans-serif; font-size: 1.15rem;\">\u201eWir sind stolz darauf, dass wir es in die Finalrunde des DNP f\u00fcr Gesundheit geschafft haben. Denn eine hochwertige und nachhaltige medizinische und pflegerische Versorgung ist die Grundlage f\u00fcr ein leistungsf\u00e4higes Gesundheitswesen in Deutschland. Sie muss zukunftsf\u00e4hig gestaltet werden, damit das Gesundheitswesen auch weiterhin sein zentrales Versprechen einl\u00f6sen kann, den Zugang zur Versorgungsqualit\u00e4t f\u00fcr alle Menschen in Deutschland sicherzustellen\u201c, so Andr\u00e9 Lantin, Inhaber und Gesch\u00e4ftsf\u00fchrer der WZ-WundZentren GmbH.<\/p><p style=\"color: #777777; font-family: Barlow, Helvetica, Arial, Lucida, sans-serif; font-size: 1.15rem;\"><strong>#DNP25 \u2013 Deutschlands Gipfeltreffen der Nachhaltigkeit<\/strong><\/p><p style=\"color: #777777; font-family: Barlow, Helvetica, Arial, Lucida, sans-serif; font-size: 1.15rem;\">Auch der 18. Deutsche Nachhaltigkeitspreis feiert seinen H\u00f6hepunkt auf dem zweit\u00e4gigen Kongress #DNP25 \u2013 Deutschlands Gipfeltreffen der Nachhaltigkeit mit der Preisverleihung der Deutschen Nachhaltigkeitspreis Gesundheit am 5. Dezember 2025 in D\u00fcsseldorf. Unter dem Motto \u201eRaus aus dem Krisenmodus \u2013 was jetzt geht, wenn wir es wollen\u201c diskutieren tags\u00fcber Vorreiter:innen aus Politik, Wirtschaft, Wissenschaft und Zivilgesellschaft aktuelle Strategien, L\u00f6sungen und Ideen f\u00fcr die nachhaltige Entwicklung in Unternehmen und Gesellschaft. Der DNP-Kongress gilt als das ma\u00dfgebliche Nachhaltigkeits-Event des Jahres sowie als zentraler Treffpunkt f\u00fcr Entscheider:innen der deutschen Nachhaltigkeitsszene. Er bietet zwei Tage voller Inspiration, neuer Perspektiven und Networking. Tickets sind erh\u00e4ltlich unter: <a href=\"http:\/\/www.nachhaltigkeitspreis.de\">www.nachhaltigkeitspreis.de<\/a><\/p><p style=\"color: #777777; font-family: Barlow, Helvetica, Arial, Lucida, sans-serif; font-size: 1.15rem;\">Das sind die Finalisten beim Deutschen Nachhaltigkeitspreis Gesundheit<\/p><p style=\"color: #777777; font-family: Barlow, Helvetica, Arial, Lucida, sans-serif; font-size: 1.15rem;\">Die Fachjury hat in drei Kategorien Gesundheitsprojekte ausgew\u00e4hlt, die die Zukunftsf\u00e4higkeit der Versorgung st\u00e4rken, die Gesundheit f\u00f6rdern und Umweltauswirkungen reduzieren.<\/p><p style=\"color: #777777; font-family: Barlow, Helvetica, Arial, Lucida, sans-serif; font-size: 1.15rem;\">Folgende Mitstreiter:innen stehen gemeinsam mit der WZ-WundZentren GmbH im Finale des Deutschen Nachhaltigkeitspreises:<\/p><p><span style=\"color: #777777; font-family: Barlow, Helvetica, Arial, Lucida, sans-serif;\"><span style=\"font-size: 18.4px;\">In der Kategorie &#8222;Umwelt sch\u00fctzen&#8220; sind nominiert:<\/span><\/span><\/p><p><span style=\"color: #777777; font-family: Barlow, Helvetica, Arial, Lucida, sans-serif;\"><span style=\"font-size: 18.4px;\">\u2022\u00a0<\/span><\/span><span style=\"font-size: 18.4px; color: #777777; font-family: Barlow, Helvetica, Arial, Lucida, sans-serif;\">BBNE-PfleGe: Praxisanleitende in Pflege- und Gesundheitsberufen als Schl\u00fcsselpersonen f\u00fcr Berufliche Bildung f\u00fcr nachhaltige Entwicklung, Deutscher Berufsverband f\u00fcr Pflegeberufe e.V.<\/span><\/p><p><span style=\"color: #777777; font-family: Barlow, Helvetica, Arial, Lucida, sans-serif;\"><span style=\"font-size: 18.4px;\">\u2022\u00a0<\/span><\/span><span style=\"font-size: 18.4px; color: #777777; font-family: Barlow, Helvetica, Arial, Lucida, sans-serif;\">\u201eCarus Green&#8220;: Nachhaltigkeit und h\u00f6here Umweltvertr\u00e4glichkeit am Universit\u00e4tsklinikum Dresden<\/span><\/p><p><span style=\"color: #777777; font-family: Barlow, Helvetica, Arial, Lucida, sans-serif;\"><span style=\"font-size: 18.4px;\">\u2022\u00a0<\/span><\/span><span style=\"font-size: 18.4px; color: #777777; font-family: Barlow, Helvetica, Arial, Lucida, sans-serif;\">Green Hospital Food: nachhaltige Transformation der Krankenhausverpflegung am Universit\u00e4tsklinikum Essen<\/span><\/p><p><span style=\"color: #777777; font-family: Barlow, Helvetica, Arial, Lucida, sans-serif;\"><span style=\"font-size: 18.4px;\">In der Kategorie &#8222;Gesundheit st\u00e4rken&#8220; sind nominiert:<\/span><\/span><\/p><p><span style=\"color: #777777; font-family: Barlow, Helvetica, Arial, Lucida, sans-serif;\"><span style=\"font-size: 18.4px;\">\u2022\u00a0<\/span><\/span><span style=\"font-size: 18.4px; color: #777777; font-family: Barlow, Helvetica, Arial, Lucida, sans-serif;\">KlimaDocs e.V.: Klimaschutz ist Gesundheitsschutz!<\/span><\/p><p><span style=\"color: #777777; font-family: Barlow, Helvetica, Arial, Lucida, sans-serif;\"><span style=\"font-size: 18.4px;\">\u2022\u00a0<\/span><\/span><span style=\"font-size: 18.4px; color: #777777; font-family: Barlow, Helvetica, Arial, Lucida, sans-serif;\">Nummer gegen Kummer: Ein Pionierprojekt zur St\u00e4rkung seelischer Gesundheit seit 1980<\/span><\/p><p><span style=\"color: #777777; font-family: Barlow, Helvetica, Arial, Lucida, sans-serif;\"><span style=\"font-size: 18.4px;\">\u2022\u00a0<\/span><\/span><span style=\"font-size: 18.4px; color: #777777; font-family: Barlow, Helvetica, Arial, Lucida, sans-serif;\">HIGELA: Hitzeresiliente und Gesundheitsf\u00f6rdernde Lebens- und Arbeitsbedingungen in der station\u00e4ren Pflege, Deutsche Allianz Klimawandel und Gesundheit e.V.<\/span><\/p><p><span style=\"color: #777777; font-family: Barlow, Helvetica, Arial, Lucida, sans-serif;\"><span style=\"font-size: 18.4px;\">\u2022\u00a0<\/span><\/span><span style=\"font-size: 18.4px; color: #777777; font-family: Barlow, Helvetica, Arial, Lucida, sans-serif;\">Patientenbriefe der &#8222;Was hab&#8216; ich?&#8220; gGmbH<\/span><\/p><p><span style=\"color: #777777; font-family: Barlow, Helvetica, Arial, Lucida, sans-serif;\"><span style=\"font-size: 18.4px;\">\u2022\u00a0<\/span><\/span><span style=\"font-size: 18.4px; color: #777777; font-family: Barlow, Helvetica, Arial, Lucida, sans-serif;\">Eichenprozessionsspinner-Online-Fr\u00fchwarnsystem der Forstlichen Versuchs- und Forschungsanstalt Baden-W\u00fcrttemberg<\/span><\/p><p><span style=\"color: #777777; font-family: Barlow, Helvetica, Arial, Lucida, sans-serif;\"><span style=\"font-size: 18.4px;\">In der Kategorie &#8222;Versorgung gestalten&#8220; sind nominiert:<\/span><\/span><\/p><p><span style=\"color: #777777; font-family: Barlow, Helvetica, Arial, Lucida, sans-serif;\"><span style=\"font-size: 18.4px;\">\u2022\u00a0<\/span><\/span><span style=\"font-size: 18.4px; color: #777777; font-family: Barlow, Helvetica, Arial, Lucida, sans-serif;\">Empowerment f\u00fcr Diversit\u00e4t \u2013 Allianz f\u00fcr Chancengleichheit in der Gesundheitsversorgung, Universit\u00e4tsmedizin Berlin und 6 Partnerkliniken<\/span><\/p><p><span style=\"color: #777777; font-family: Barlow, Helvetica, Arial, Lucida, sans-serif;\"><span style=\"font-size: 18.4px;\">\u2022\u00a0<\/span><\/span><span style=\"font-size: 18.4px; color: #777777; font-family: Barlow, Helvetica, Arial, Lucida, sans-serif;\">Wundbehandlung nachhaltig verbessern: Neue Strukturen in der ambulanten Versorgung durch die Spezialisierung des Pflegeberufs, WZ-WundZentren GmbH<\/span><\/p><p><span style=\"color: #777777; font-family: Barlow, Helvetica, Arial, Lucida, sans-serif;\"><span style=\"font-size: 18.4px;\">\u2022\u00a0<\/span><\/span><span style=\"font-size: 18.4px; color: #777777; font-family: Barlow, Helvetica, Arial, Lucida, sans-serif;\">Das p\u00e4diatrische Intensivnetzwerk PIN der Medizinischen Hochschule Hannover st\u00e4rkt die Versorgung von schwerstkranken Kindern und Jugendlichen<\/span><\/p><p><span style=\"color: #777777; font-family: Barlow, Helvetica, Arial, Lucida, sans-serif;\"><span style=\"font-size: 18.4px;\">\u00a0<\/span><\/span><\/p><\/div><\/div><section style=\"-webkit-tap-highlight-color: transparent; box-sizing: inherit; width: 840px;\"><div style=\"-webkit-tap-highlight-color: transparent; box-sizing: inherit; counter-reset: section 0; padding-right: 20px; padding-left: 20px; width: 840px; color: #777777; font-family: Barlow, Helvetica, Arial, Lucida, sans-serif;\"><strong style=\"color: #181818;\"><a href=\"https:\/\/www.wundzentren.de\/wp-content\/uploads\/2025\/10\/PM_Deutscher-Nachhaltigkeitspreis_202509.pdf\" target=\"_blank\" rel=\"noopener\"><img decoding=\"async\" src=\"https:\/\/www.wundzentren.de\/wp-content\/uploads\/2025\/11\/dnp2024_2911_Dariusz_Misztal-165-160x160.jpg\" alt=\"\" width=\"160\" height=\"160\" \/><\/a><\/strong><\/div><div style=\"-webkit-tap-highlight-color: transparent; box-sizing: inherit; counter-reset: section 0; padding-right: 20px; padding-left: 20px; width: 840px; color: #777777; font-family: Barlow, Helvetica, Arial, Lucida, sans-serif;\"><p>\u00a9 Darius Misztal<br \/>Preisverleihung des Deutschen Nachhaltigkeitspreises 2024. Von links Dr. Eckart von Hirschhausen, Gr\u00fcnder der Stiftung Gesunde Erde &#8211; Gesunde Menschen; Thomas Diekamp von klimafreundlich pflegen &#8211; \u00fcberall! \/ AWO Bundesverband e.V.; Prof. Dr. med. Christoph Straub, Vorstandsvorsitzender der BARMER<\/p><p>\u00a0<\/p><\/div><\/section>\t\t\t\t\t\t<\/div>\n\t\t\t\t<\/div>\n\t\t<div class=\"elementor-element elementor-element-1b50f4a e-flex e-con-boxed e-con e-child\" data-id=\"1b50f4a\" data-element_type=\"container\">\n\t\t\t\t\t<div class=\"e-con-inner\">\n\t\t<div class=\"elementor-element elementor-element-a06cc6a e-con-full e-flex e-con e-child\" data-id=\"a06cc6a\" data-element_type=\"container\">\n\t\t\t\t<div class=\"elementor-element elementor-element-2992c72 elementor-widget__width-inherit elementor-widget elementor-widget-text-editor\" data-id=\"2992c72\" data-element_type=\"widget\" data-widget_type=\"text-editor.default\">\n\t\t\t\t<div class=\"elementor-widget-container\">\n\t\t\t\t\t\t\t<p><strong>About WCC-WoundCareCenters<\/strong><br \/>Seit 2008 konnten mit dem bew\u00e4hrten Behandlungskonzept der WZ-Wundzentren mehr als 50.000 Patienten an aktuell 22 Standorten in Deutschland erfolgreich behandelt werden. Die WZ-WundZentren sind spezialisierte ambulante Einrichtungen mit h\u00f6chsten hygienischen Standards, in denen ausschlie\u00dflich Patienten mit chronischen und schwer heilenden Wunden behandelt werden. WZ-WundZentren sind durch das HHVG (Heil-Hilfsmittel-Versorgungs-Gesetz) als eigenst\u00e4ndiger Leistungserbringer im Sinne des SGB V (Sozialgesetzbuch) definiert. Die Leistungen in den WZ-WundZentren als spezialisierte Einrichtungen, die sich auf die Behandlung von chronischen und schwer heilenden Wunden spezialisiert haben, werden von den Krankenkassen \u00fcber \u00a7 37 Abs. 7 SGB V auf der Grundlage der h\u00e4uslichen Krankenpflege geltend gemacht.<br \/>In unseren Einrichtungen arbeiten Pflegefachpersonen, die zus\u00e4tzlich zu ihrer 3-j\u00e4hrigen Ausbildung in der Kranken- oder Altenpflege \u00fcber eine spezialisierte Zusatzqualifikation in der Wundbehandlung verf\u00fcgen. Die WZ-WundZentren GmbH mit Sitz in D\u00fcsseldorf ist ein Unternehmen der Metacare Holding GmbH, die sich f\u00fcr die Umsetzung nachhaltige Gesundheit und Pflege in Deutschland einsetzt<br \/>Weitere Informationen unter <a href=\"https:\/\/www.wundzentren.de\/\">https:\/\/www.wundzentren.de\/<\/a> or <a href=\"https:\/\/www.metcare.de\">https:\/\/www.metcare.de<\/a><\/p>\t\t\t\t\t\t<\/div>\n\t\t\t\t<\/div>\n\t\t\t\t<\/div>\n\t\t\t\t<div class=\"elementor-element elementor-element-cc45d68 elementor-widget elementor-widget-text-editor\" data-id=\"cc45d68\" data-element_type=\"widget\" data-widget_type=\"text-editor.default\">\n\t\t\t\t<div class=\"elementor-widget-container\">\n\t\t\t\t\t\t\t<div class=\"b-intro is-no-divider\" style=\"-webkit-tap-highlight-color: transparent; box-sizing: inherit; position: relative; width: 840px; padding-right: 20px; padding-left: 20px;\"><div class=\"content b-richtext-content\" style=\"-webkit-tap-highlight-color: transparent; box-sizing: inherit; counter-reset: section 0; width: 800px; color: #777777; font-size: 1.25rem; line-height: 1.6875rem;\"><p style=\"-webkit-tap-highlight-color: transparent; box-sizing: inherit; margin-bottom: 15px; font-size: 1.15rem; line-height: 1.625rem; font-family: Barlow-Medium, Helvetica, Arial, Lucida;\"><span style=\"-webkit-tap-highlight-color: transparent; box-sizing: inherit; font-weight: 600;\">Pressekontakt:<\/span><\/p><p style=\"-webkit-tap-highlight-color: transparent; box-sizing: inherit; margin-bottom: 15px; font-size: 1.15rem; line-height: 1.625rem; font-family: Barlow-Medium, Helvetica, Arial, Lucida;\">recucare GmbH<br style=\"-webkit-tap-highlight-color: transparent; box-sizing: inherit;\" \/>Catarina Fretwurst<\/p><p style=\"-webkit-tap-highlight-color: transparent; box-sizing: inherit; margin-bottom: 15px; font-size: 1.15rem; line-height: 1.625rem; font-family: Barlow-Medium, Helvetica, Arial, Lucida;\">Heilbronner Stra\u00dfe 156<br style=\"-webkit-tap-highlight-color: transparent; box-sizing: inherit;\" \/>70191 Stuttgart<br style=\"-webkit-tap-highlight-color: transparent; box-sizing: inherit;\" \/>Tel.: 0711 &#8211; 900 071 10 44<br style=\"-webkit-tap-highlight-color: transparent; box-sizing: inherit;\" \/>E-Mail:\u00a0<a style=\"-webkit-tap-highlight-color: transparent; box-sizing: inherit; color: #8cb8c6; font-weight: 600;\" href=\"mailto:presse@recucare.de\" target=\"_blank\" rel=\"noopener\">presse@recucare.de<\/a><\/p><p style=\"-webkit-tap-highlight-color: transparent; box-sizing: inherit; margin-bottom: 15px; font-size: 1.15rem; line-height: 1.625rem; font-family: Barlow-Medium, Helvetica, Arial, Lucida;\"><span style=\"-webkit-tap-highlight-color: transparent; box-sizing: inherit; font-weight: 600;\">Weiterf\u00fchrende Links:<\/span><br style=\"-webkit-tap-highlight-color: transparent; box-sizing: inherit;\" \/><a style=\"-webkit-tap-highlight-color: transparent; box-sizing: inherit; color: #8cb8c6; font-weight: 600;\" href=\"https:\/\/www.wundzentren.de\/wz-de\/presse\/pressefotos\" target=\"_blank\" rel=\"noopener\">https:\/\/wundzentren.de\/presse\/pressefotos<\/a><\/p><\/div><\/div><section class=\"b-article-section\" style=\"-webkit-tap-highlight-color: transparent; box-sizing: inherit; width: 840px;\"><div class=\"b-richtext-content\" style=\"-webkit-tap-highlight-color: transparent; box-sizing: inherit; counter-reset: section 0; padding-right: 20px; padding-left: 20px; width: 840px; color: #777777;\"><p style=\"-webkit-tap-highlight-color: transparent; box-sizing: inherit; font-weight: 400; margin-bottom: 15px; font-size: 1.15rem; line-height: 1.625rem;\">\u00a0<\/p><\/div><\/section>\t\t\t\t\t\t<\/div>\n\t\t\t\t<\/div>\n\t\t\t\t\t<\/div>\n\t\t\t\t<\/div>\n\t\t\t\t<\/div>\n\t\t\t\t\t<\/div>\n\t\t\t\t<\/div>\n\t\t\t\t<\/div>","protected":false},"excerpt":{"rendered":"<p>Unternehmen &amp; Leistungen Wundlexikon Standorte Jobs &#038;amp Karriere Neuigkeiten &amp;Presse Men\u00fc Neuigkeiten &#038; Presse Presse &#038; Aktuelles Messen &#8211; Veranstaltungen Presse-Fotos Ansprechpartner 29. September 2025 WZ-WundZentren GmbH steht im Finale f\u00fcr den Deutschen Nachhaltigkeitspreis Gesundheit Download Pressemitteilung (PDF 328 KB) D\u00fcsseldorf, 29.09.2025. Die WZ-WundZentren GmbH wurde als Finalist f\u00fcr den Deutschen Nachhaltigkeitspreis Gesundheit in der&#8230;<\/p>","protected":false},"author":6,"featured_media":0,"comment_status":"closed","ping_status":"open","sticky":false,"template":"","format":"standard","meta":{"footnotes":""},"categories":[1],"tags":[],"class_list":["post-12326","post","type-post","status-publish","format-standard","hentry","category-allgemein"],"yoast_head":"<!-- This site is optimized with the Yoast SEO plugin v24.4 - https:\/\/yoast.com\/wordpress\/plugins\/seo\/ -->\n<title>WZ-WundZentren GmbH steht im Finale f\u00fcr den Deutschen Nachhaltigkeitspreis Gesundheit - WZ-WundZentren: Ihr Spezialist f\u00fcr die Behandlung von chronischen und schwer heilenden Wunden<\/title>\n<meta name=\"robots\" content=\"index, follow, max-snippet:-1, max-image-preview:large, max-video-preview:-1\" \/>\n<link rel=\"canonical\" href=\"https:\/\/www.wundzentren.de\/en\/2025\/11\/05\/wz-wundzentren-gmbh-steht-im-finale-fuer-den-deutschen-nachhaltigkeitspreis-gesundheit\/\" \/>\n<meta property=\"og:locale\" content=\"en_GB\" \/>\n<meta property=\"og:type\" content=\"article\" \/>\n<meta property=\"og:title\" content=\"WZ-WundZentren GmbH steht im Finale f\u00fcr den Deutschen Nachhaltigkeitspreis Gesundheit - WZ-WundZentren: Ihr Spezialist f\u00fcr die Behandlung von chronischen und schwer heilenden Wunden\" \/>\n<meta property=\"og:description\" content=\"Unternehmen &amp; Leistungen Wundlexikon Standorte Jobs &#038;amp Karriere Neuigkeiten &amp;Presse Men\u00fc Neuigkeiten &#038; Presse Presse &#038; Aktuelles Messen &#8211; Veranstaltungen Presse-Fotos Ansprechpartner 29. September 2025 WZ-WundZentren GmbH steht im Finale f\u00fcr den Deutschen Nachhaltigkeitspreis Gesundheit Download Pressemitteilung (PDF 328 KB) D\u00fcsseldorf, 29.09.2025. Die WZ-WundZentren GmbH wurde als Finalist f\u00fcr den Deutschen Nachhaltigkeitspreis Gesundheit in der...\" \/>\n<meta property=\"og:url\" content=\"https:\/\/www.wundzentren.de\/en\/2025\/11\/05\/wz-wundzentren-gmbh-steht-im-finale-fuer-den-deutschen-nachhaltigkeitspreis-gesundheit\/\" \/>\n<meta property=\"og:site_name\" content=\"WZ-WundZentren: Ihr Spezialist f\u00fcr die Behandlung von chronischen und schwer heilenden Wunden\" \/>\n<meta property=\"article:published_time\" content=\"2025-11-05T11:20:25+00:00\" \/>\n<meta property=\"article:modified_time\" content=\"2025-11-05T18:55:06+00:00\" \/>\n<meta property=\"og:image\" content=\"https:\/\/www.wundzentren.de\/wp-content\/uploads\/2024\/06\/Vorlage-Bild-Finalisten-Nominierung-WZ-Site-Kopie-1.png\" \/>\n<meta name=\"author\" content=\"Catarina Fretwurst\" \/>\n<meta name=\"twitter:card\" content=\"summary_large_image\" \/>\n<meta name=\"twitter:label1\" content=\"Written by\" \/>\n\t<meta name=\"twitter:data1\" content=\"Catarina Fretwurst\" \/>\n\t<meta name=\"twitter:label2\" content=\"Estimated reading time\" \/>\n\t<meta name=\"twitter:data2\" content=\"5 minutes\" \/>\n<script type=\"application\/ld+json\" class=\"yoast-schema-graph\">{\"@context\":\"https:\/\/schema.org\",\"@graph\":[{\"@type\":\"WebPage\",\"@id\":\"https:\/\/www.wundzentren.de\/2025\/11\/05\/wz-wundzentren-gmbh-steht-im-finale-fuer-den-deutschen-nachhaltigkeitspreis-gesundheit\/\",\"url\":\"https:\/\/www.wundzentren.de\/2025\/11\/05\/wz-wundzentren-gmbh-steht-im-finale-fuer-den-deutschen-nachhaltigkeitspreis-gesundheit\/\",\"name\":\"WZ-WundZentren GmbH steht im Finale f\u00fcr den Deutschen Nachhaltigkeitspreis Gesundheit - WZ-WundZentren: Ihr Spezialist f\u00fcr die Behandlung von chronischen und schwer heilenden Wunden\",\"isPartOf\":{\"@id\":\"https:\/\/www.wundzentren.de\/#website\"},\"primaryImageOfPage\":{\"@id\":\"https:\/\/www.wundzentren.de\/2025\/11\/05\/wz-wundzentren-gmbh-steht-im-finale-fuer-den-deutschen-nachhaltigkeitspreis-gesundheit\/#primaryimage\"},\"image\":{\"@id\":\"https:\/\/www.wundzentren.de\/2025\/11\/05\/wz-wundzentren-gmbh-steht-im-finale-fuer-den-deutschen-nachhaltigkeitspreis-gesundheit\/#primaryimage\"},\"thumbnailUrl\":\"https:\/\/www.wundzentren.de\/wp-content\/uploads\/2024\/06\/Vorlage-Bild-Finalisten-Nominierung-WZ-Site-Kopie-1.png\",\"datePublished\":\"2025-11-05T11:20:25+00:00\",\"dateModified\":\"2025-11-05T18:55:06+00:00\",\"author\":{\"@id\":\"https:\/\/www.wundzentren.de\/#\/schema\/person\/fd3c16596ef822a273bb03037fab39a5\"},\"breadcrumb\":{\"@id\":\"https:\/\/www.wundzentren.de\/2025\/11\/05\/wz-wundzentren-gmbh-steht-im-finale-fuer-den-deutschen-nachhaltigkeitspreis-gesundheit\/#breadcrumb\"},\"inLanguage\":\"en-GB\",\"potentialAction\":[{\"@type\":\"ReadAction\",\"target\":[\"https:\/\/www.wundzentren.de\/2025\/11\/05\/wz-wundzentren-gmbh-steht-im-finale-fuer-den-deutschen-nachhaltigkeitspreis-gesundheit\/\"]}]},{\"@type\":\"ImageObject\",\"inLanguage\":\"en-GB\",\"@id\":\"https:\/\/www.wundzentren.de\/2025\/11\/05\/wz-wundzentren-gmbh-steht-im-finale-fuer-den-deutschen-nachhaltigkeitspreis-gesundheit\/#primaryimage\",\"url\":\"https:\/\/www.wundzentren.de\/wp-content\/uploads\/2024\/06\/Vorlage-Bild-Finalisten-Nominierung-WZ-Site-Kopie-1.png\",\"contentUrl\":\"https:\/\/www.wundzentren.de\/wp-content\/uploads\/2024\/06\/Vorlage-Bild-Finalisten-Nominierung-WZ-Site-Kopie-1.png\"},{\"@type\":\"BreadcrumbList\",\"@id\":\"https:\/\/www.wundzentren.de\/2025\/11\/05\/wz-wundzentren-gmbh-steht-im-finale-fuer-den-deutschen-nachhaltigkeitspreis-gesundheit\/#breadcrumb\",\"itemListElement\":[{\"@type\":\"ListItem\",\"position\":1,\"name\":\"Startseite\",\"item\":\"https:\/\/www.wundzentren.de\/\"},{\"@type\":\"ListItem\",\"position\":2,\"name\":\"WZ-WundZentren GmbH steht im Finale f\u00fcr den Deutschen Nachhaltigkeitspreis Gesundheit\"}]},{\"@type\":\"WebSite\",\"@id\":\"https:\/\/www.wundzentren.de\/#website\",\"url\":\"https:\/\/www.wundzentren.de\/\",\"name\":\"WZ-WundZentren: Ihr Spezialist f\u00fcr die Behandlung von chronischen und schwer heilenden Wunden\",\"description\":\"\",\"potentialAction\":[{\"@type\":\"SearchAction\",\"target\":{\"@type\":\"EntryPoint\",\"urlTemplate\":\"https:\/\/www.wundzentren.de\/?s={search_term_string}\"},\"query-input\":{\"@type\":\"PropertyValueSpecification\",\"valueRequired\":true,\"valueName\":\"search_term_string\"}}],\"inLanguage\":\"en-GB\"},{\"@type\":\"Person\",\"@id\":\"https:\/\/www.wundzentren.de\/#\/schema\/person\/fd3c16596ef822a273bb03037fab39a5\",\"name\":\"Catarina Fretwurst\",\"image\":{\"@type\":\"ImageObject\",\"inLanguage\":\"en-GB\",\"@id\":\"https:\/\/www.wundzentren.de\/#\/schema\/person\/image\/\",\"url\":\"https:\/\/secure.gravatar.com\/avatar\/df320e1f843bc13bb9d64bf13e7bd537f364a1faa412984200cf6cf8d91505a7?s=96&d=mm&r=g\",\"contentUrl\":\"https:\/\/secure.gravatar.com\/avatar\/df320e1f843bc13bb9d64bf13e7bd537f364a1faa412984200cf6cf8d91505a7?s=96&d=mm&r=g\",\"caption\":\"Catarina Fretwurst\"},\"url\":\"https:\/\/www.wundzentren.de\/en\/author\/catarina-fretwurst\/\"}]}<\/script>\n<!-- \/ Yoast SEO plugin. -->","yoast_head_json":{"title":"WZ-WundZentren GmbH steht im Finale f\u00fcr den Deutschen Nachhaltigkeitspreis Gesundheit - WZ-WundZentren: Ihr Spezialist f\u00fcr die Behandlung von chronischen und schwer heilenden Wunden","robots":{"index":"index","follow":"follow","max-snippet":"max-snippet:-1","max-image-preview":"max-image-preview:large","max-video-preview":"max-video-preview:-1"},"canonical":"https:\/\/www.wundzentren.de\/en\/2025\/11\/05\/wz-wundzentren-gmbh-steht-im-finale-fuer-den-deutschen-nachhaltigkeitspreis-gesundheit\/","og_locale":"en_GB","og_type":"article","og_title":"WZ-WundZentren GmbH steht im Finale f\u00fcr den Deutschen Nachhaltigkeitspreis Gesundheit - WZ-WundZentren: Ihr Spezialist f\u00fcr die Behandlung von chronischen und schwer heilenden Wunden","og_description":"Unternehmen &amp; Leistungen Wundlexikon Standorte Jobs &#038;amp Karriere Neuigkeiten &amp;Presse Men\u00fc Neuigkeiten &#038; Presse Presse &#038; Aktuelles Messen &#8211; Veranstaltungen Presse-Fotos Ansprechpartner 29. September 2025 WZ-WundZentren GmbH steht im Finale f\u00fcr den Deutschen Nachhaltigkeitspreis Gesundheit Download Pressemitteilung (PDF 328 KB) D\u00fcsseldorf, 29.09.2025. Die WZ-WundZentren GmbH wurde als Finalist f\u00fcr den Deutschen Nachhaltigkeitspreis Gesundheit in der...","og_url":"https:\/\/www.wundzentren.de\/en\/2025\/11\/05\/wz-wundzentren-gmbh-steht-im-finale-fuer-den-deutschen-nachhaltigkeitspreis-gesundheit\/","og_site_name":"WZ-WundZentren: Ihr Spezialist f\u00fcr die Behandlung von chronischen und schwer heilenden Wunden","article_published_time":"2025-11-05T11:20:25+00:00","article_modified_time":"2025-11-05T18:55:06+00:00","og_image":[{"url":"https:\/\/www.wundzentren.de\/wp-content\/uploads\/2024\/06\/Vorlage-Bild-Finalisten-Nominierung-WZ-Site-Kopie-1.png","type":"","width":"","height":""}],"author":"Catarina Fretwurst","twitter_card":"summary_large_image","twitter_misc":{"Written by":"Catarina Fretwurst","Estimated reading time":"5 minutes"},"schema":{"@context":"https:\/\/schema.org","@graph":[{"@type":"WebPage","@id":"https:\/\/www.wundzentren.de\/2025\/11\/05\/wz-wundzentren-gmbh-steht-im-finale-fuer-den-deutschen-nachhaltigkeitspreis-gesundheit\/","url":"https:\/\/www.wundzentren.de\/2025\/11\/05\/wz-wundzentren-gmbh-steht-im-finale-fuer-den-deutschen-nachhaltigkeitspreis-gesundheit\/","name":"WZ-WundZentren GmbH steht im Finale f\u00fcr den Deutschen Nachhaltigkeitspreis Gesundheit - WZ-WundZentren: Ihr Spezialist f\u00fcr die Behandlung von chronischen und schwer heilenden Wunden","isPartOf":{"@id":"https:\/\/www.wundzentren.de\/#website"},"primaryImageOfPage":{"@id":"https:\/\/www.wundzentren.de\/2025\/11\/05\/wz-wundzentren-gmbh-steht-im-finale-fuer-den-deutschen-nachhaltigkeitspreis-gesundheit\/#primaryimage"},"image":{"@id":"https:\/\/www.wundzentren.de\/2025\/11\/05\/wz-wundzentren-gmbh-steht-im-finale-fuer-den-deutschen-nachhaltigkeitspreis-gesundheit\/#primaryimage"},"thumbnailUrl":"https:\/\/www.wundzentren.de\/wp-content\/uploads\/2024\/06\/Vorlage-Bild-Finalisten-Nominierung-WZ-Site-Kopie-1.png","datePublished":"2025-11-05T11:20:25+00:00","dateModified":"2025-11-05T18:55:06+00:00","author":{"@id":"https:\/\/www.wundzentren.de\/#\/schema\/person\/fd3c16596ef822a273bb03037fab39a5"},"breadcrumb":{"@id":"https:\/\/www.wundzentren.de\/2025\/11\/05\/wz-wundzentren-gmbh-steht-im-finale-fuer-den-deutschen-nachhaltigkeitspreis-gesundheit\/#breadcrumb"},"inLanguage":"en-GB","potentialAction":[{"@type":"ReadAction","target":["https:\/\/www.wundzentren.de\/2025\/11\/05\/wz-wundzentren-gmbh-steht-im-finale-fuer-den-deutschen-nachhaltigkeitspreis-gesundheit\/"]}]},{"@type":"ImageObject","inLanguage":"en-GB","@id":"https:\/\/www.wundzentren.de\/2025\/11\/05\/wz-wundzentren-gmbh-steht-im-finale-fuer-den-deutschen-nachhaltigkeitspreis-gesundheit\/#primaryimage","url":"https:\/\/www.wundzentren.de\/wp-content\/uploads\/2024\/06\/Vorlage-Bild-Finalisten-Nominierung-WZ-Site-Kopie-1.png","contentUrl":"https:\/\/www.wundzentren.de\/wp-content\/uploads\/2024\/06\/Vorlage-Bild-Finalisten-Nominierung-WZ-Site-Kopie-1.png"},{"@type":"BreadcrumbList","@id":"https:\/\/www.wundzentren.de\/2025\/11\/05\/wz-wundzentren-gmbh-steht-im-finale-fuer-den-deutschen-nachhaltigkeitspreis-gesundheit\/#breadcrumb","itemListElement":[{"@type":"ListItem","position":1,"name":"Startseite","item":"https:\/\/www.wundzentren.de\/"},{"@type":"ListItem","position":2,"name":"WZ-WundZentren GmbH steht im Finale f\u00fcr den Deutschen Nachhaltigkeitspreis Gesundheit"}]},{"@type":"WebSite","@id":"https:\/\/www.wundzentren.de\/#website","url":"https:\/\/www.wundzentren.de\/","name":"WZ-WundZentren: Ihr Spezialist f\u00fcr die Behandlung von chronischen und schwer heilenden Wunden","description":"","potentialAction":[{"@type":"SearchAction","target":{"@type":"EntryPoint","urlTemplate":"https:\/\/www.wundzentren.de\/?s={search_term_string}"},"query-input":{"@type":"PropertyValueSpecification","valueRequired":true,"valueName":"search_term_string"}}],"inLanguage":"en-GB"},{"@type":"Person","@id":"https:\/\/www.wundzentren.de\/#\/schema\/person\/fd3c16596ef822a273bb03037fab39a5","name":"Catarina Fretwurst","image":{"@type":"ImageObject","inLanguage":"en-GB","@id":"https:\/\/www.wundzentren.de\/#\/schema\/person\/image\/","url":"https:\/\/secure.gravatar.com\/avatar\/df320e1f843bc13bb9d64bf13e7bd537f364a1faa412984200cf6cf8d91505a7?s=96&d=mm&r=g","contentUrl":"https:\/\/secure.gravatar.com\/avatar\/df320e1f843bc13bb9d64bf13e7bd537f364a1faa412984200cf6cf8d91505a7?s=96&d=mm&r=g","caption":"Catarina Fretwurst"},"url":"https:\/\/www.wundzentren.de\/en\/author\/catarina-fretwurst\/"}]}},"rttpg_featured_image_url":null,"rttpg_author":{"display_name":"Catarina Fretwurst","author_link":"https:\/\/www.wundzentren.de\/en\/author\/catarina-fretwurst\/"},"rttpg_comment":0,"rttpg_category":"<a href=\"https:\/\/www.wundzentren.de\/en\/category\/allgemein\/\" rel=\"category tag\">Allgemein<\/a>","rttpg_excerpt":"Unternehmen &amp; Leistungen Wundlexikon Standorte Jobs &#038;amp Karriere Neuigkeiten &amp;Presse Men\u00fc Neuigkeiten &#038; Presse Presse &#038; Aktuelles Messen &#8211; Veranstaltungen Presse-Fotos Ansprechpartner 29. September 2025 WZ-WundZentren GmbH steht im Finale f\u00fcr den Deutschen Nachhaltigkeitspreis Gesundheit Download Pressemitteilung (PDF 328 KB) D\u00fcsseldorf, 29.09.2025. Die WZ-WundZentren GmbH wurde als Finalist f\u00fcr den Deutschen Nachhaltigkeitspreis Gesundheit in der...","_links":{"self":[{"href":"https:\/\/www.wundzentren.de\/en\/wp-json\/wp\/v2\/posts\/12326","targetHints":{"allow":["GET"]}}],"collection":[{"href":"https:\/\/www.wundzentren.de\/en\/wp-json\/wp\/v2\/posts"}],"about":[{"href":"https:\/\/www.wundzentren.de\/en\/wp-json\/wp\/v2\/types\/post"}],"author":[{"embeddable":true,"href":"https:\/\/www.wundzentren.de\/en\/wp-json\/wp\/v2\/users\/6"}],"replies":[{"embeddable":true,"href":"https:\/\/www.wundzentren.de\/en\/wp-json\/wp\/v2\/comments?post=12326"}],"version-history":[{"count":4,"href":"https:\/\/www.wundzentren.de\/en\/wp-json\/wp\/v2\/posts\/12326\/revisions"}],"predecessor-version":[{"id":12353,"href":"https:\/\/www.wundzentren.de\/en\/wp-json\/wp\/v2\/posts\/12326\/revisions\/12353"}],"wp:attachment":[{"href":"https:\/\/www.wundzentren.de\/en\/wp-json\/wp\/v2\/media?parent=12326"}],"wp:term":[{"taxonomy":"category","embeddable":true,"href":"https:\/\/www.wundzentren.de\/en\/wp-json\/wp\/v2\/categories?post=12326"},{"taxonomy":"post_tag","embeddable":true,"href":"https:\/\/www.wundzentren.de\/en\/wp-json\/wp\/v2\/tags?post=12326"}],"curies":[{"name":"wp","href":"https:\/\/api.w.org\/{rel}","templated":true}]}}