{"id":11842,"date":"2025-07-23T11:20:53","date_gmt":"2025-07-23T09:20:53","guid":{"rendered":"https:\/\/www.wundzentren.de\/?p=11842"},"modified":"2025-11-05T19:55:06","modified_gmt":"2025-11-05T18:55:06","slug":"5-jahre-wz-wundzentrum-trier-spezialisierte-ambulante-pflegeeinrichtung-feiert-jubilaeum","status":"publish","type":"post","link":"https:\/\/www.wundzentren.de\/en\/2025\/07\/23\/5-jahre-wz-wundzentrum-trier-spezialisierte-ambulante-pflegeeinrichtung-feiert-jubilaeum\/","title":{"rendered":"5 Jahre WZ-WundZentrum Trier \u2013 Spezialisierte ambulante Pflegeeinrichtung feiert Jubil\u00e4um"},"content":{"rendered":"<div data-elementor-type=\"wp-post\" data-elementor-id=\"11842\" class=\"elementor elementor-11842\">\n\t\t\t\t<div class=\"elementor-element elementor-element-69ab60e e-con-full e-flex e-con e-child\" data-id=\"69ab60e\" data-element_type=\"container\" data-settings=\"{&quot;background_background&quot;:&quot;slideshow&quot;,&quot;background_slideshow_gallery&quot;:[{&quot;id&quot;:12,&quot;url&quot;:&quot;https:\\\/\\\/wz.wz-medcubes.de\\\/wp-content\\\/uploads\\\/2024\\\/02\\\/img-headerbild-wundbehandlung-1.jpg&quot;}],&quot;background_slideshow_transition_duration&quot;:20,&quot;background_slideshow_loop&quot;:&quot;yes&quot;,&quot;background_slideshow_slide_duration&quot;:5000,&quot;background_slideshow_slide_transition&quot;:&quot;fade&quot;}\">\n\t\t<div class=\"elementor-element elementor-element-94bf274 e-con-full e-flex e-con e-child\" data-id=\"94bf274\" data-element_type=\"container\" data-settings=\"{&quot;background_background&quot;:&quot;slideshow&quot;,&quot;background_slideshow_gallery&quot;:[],&quot;background_slideshow_loop&quot;:&quot;yes&quot;,&quot;background_slideshow_slide_duration&quot;:5000,&quot;background_slideshow_slide_transition&quot;:&quot;fade&quot;,&quot;background_slideshow_transition_duration&quot;:500}\">\n\t\t<div class=\"elementor-element elementor-element-f6d1681 e-con-full e-flex e-con e-child\" data-id=\"f6d1681\" data-element_type=\"container\">\n\t\t<a class=\"elementor-element elementor-element-c7bc694 landing-nav-tab-hover e-flex e-con-boxed e-con e-child\" data-id=\"c7bc694\" data-element_type=\"container\" data-settings=\"{&quot;background_background&quot;:&quot;classic&quot;}\" href=\"\/wordpress\/unternehmen-leistungen\/\">\n\t\t\t\t\t<div class=\"e-con-inner\">\n\t\t\t\t<div class=\"elementor-element elementor-element-26d6642 landing-nav-tab-title elementor-widget elementor-widget-heading\" data-id=\"26d6642\" data-element_type=\"widget\" data-widget_type=\"heading.default\">\n\t\t\t\t<div class=\"elementor-widget-container\">\n\t\t\t<style>\/*! elementor - v3.21.0 - 26-05-2024 *\/\n.elementor-heading-title{padding:0;margin:0;line-height:1}.elementor-widget-heading .elementor-heading-title[class*=elementor-size-]>a{color:inherit;font-size:inherit;line-height:inherit}.elementor-widget-heading .elementor-heading-title.elementor-size-small{font-size:15px}.elementor-widget-heading .elementor-heading-title.elementor-size-medium{font-size:19px}.elementor-widget-heading .elementor-heading-title.elementor-size-large{font-size:29px}.elementor-widget-heading .elementor-heading-title.elementor-size-xl{font-size:39px}.elementor-widget-heading .elementor-heading-title.elementor-size-xxl{font-size:59px}<\/style><h2 class=\"elementor-heading-title elementor-size-default\">Company &amp; <br>Services<\/h2>\t\t<\/div>\n\t\t\t\t<\/div>\n\t\t\t\t\t<\/div>\n\t\t\t\t<\/a>\n\t\t\t\t<\/div>\n\t\t<div class=\"elementor-element elementor-element-337cada e-con-full e-flex e-con e-child\" data-id=\"337cada\" data-element_type=\"container\">\n\t\t<a class=\"elementor-element elementor-element-fe062fd landing-nav-tab-hover e-flex e-con-boxed e-con e-child\" data-id=\"fe062fd\" data-element_type=\"container\" data-settings=\"{&quot;background_background&quot;:&quot;classic&quot;}\" href=\"\/wordpress\/wundlexikon\/\">\n\t\t\t\t\t<div class=\"e-con-inner\">\n\t\t\t\t<div class=\"elementor-element elementor-element-04d9e19 landing-nav-tab-title elementor-widget elementor-widget-heading\" data-id=\"04d9e19\" data-element_type=\"widget\" data-widget_type=\"heading.default\">\n\t\t\t\t<div class=\"elementor-widget-container\">\n\t\t\t<h2 class=\"elementor-heading-title elementor-size-default\">Wound dictionary<\/h2>\t\t<\/div>\n\t\t\t\t<\/div>\n\t\t\t\t\t<\/div>\n\t\t\t\t<\/a>\n\t\t\t\t<\/div>\n\t\t<div class=\"elementor-element elementor-element-db2aec4 e-con-full e-flex e-con e-child\" data-id=\"db2aec4\" data-element_type=\"container\">\n\t\t<a class=\"elementor-element elementor-element-eb2be26 landing-nav-tab-hover e-flex e-con-boxed e-con e-child\" data-id=\"eb2be26\" data-element_type=\"container\" data-settings=\"{&quot;background_background&quot;:&quot;classic&quot;}\" href=\"\/wordpress\/standorte\/\">\n\t\t\t\t\t<div class=\"e-con-inner\">\n\t\t\t\t<div class=\"elementor-element elementor-element-9260b14 landing-nav-tab-title elementor-widget elementor-widget-heading\" data-id=\"9260b14\" data-element_type=\"widget\" data-widget_type=\"heading.default\">\n\t\t\t\t<div class=\"elementor-widget-container\">\n\t\t\t<h2 class=\"elementor-heading-title elementor-size-default\">Locations<\/h2>\t\t<\/div>\n\t\t\t\t<\/div>\n\t\t\t\t\t<\/div>\n\t\t\t\t<\/a>\n\t\t\t\t<\/div>\n\t\t<div class=\"elementor-element elementor-element-a1c0b5b e-con-full e-flex e-con e-child\" data-id=\"a1c0b5b\" data-element_type=\"container\">\n\t\t<a class=\"elementor-element elementor-element-ffe7f59 landing-nav-tab-hover e-flex e-con-boxed e-con e-child\" data-id=\"ffe7f59\" data-element_type=\"container\" data-settings=\"{&quot;background_background&quot;:&quot;classic&quot;}\" href=\"\/wordpress\/karriere\/\">\n\t\t\t\t\t<div class=\"e-con-inner\">\n\t\t\t\t<div class=\"elementor-element elementor-element-7bb0224 landing-nav-tab-title elementor-widget elementor-widget-heading\" data-id=\"7bb0224\" data-element_type=\"widget\" data-widget_type=\"heading.default\">\n\t\t\t\t<div class=\"elementor-widget-container\">\n\t\t\t<h2 class=\"elementor-heading-title elementor-size-default\">Jobs and career<\/h2>\t\t<\/div>\n\t\t\t\t<\/div>\n\t\t\t\t\t<\/div>\n\t\t\t\t<\/a>\n\t\t\t\t<\/div>\n\t\t<div class=\"elementor-element elementor-element-6ebe0dd e-con-full e-flex e-con e-child\" data-id=\"6ebe0dd\" data-element_type=\"container\">\n\t\t<a class=\"elementor-element elementor-element-bfb0715 landing-nav-tab-hover e-flex e-con-boxed e-con e-child\" data-id=\"bfb0715\" data-element_type=\"container\" data-settings=\"{&quot;background_background&quot;:&quot;classic&quot;}\" href=\"\/wordpress\/presse\/\">\n\t\t\t\t\t<div class=\"e-con-inner\">\n\t\t\t\t<div class=\"elementor-element elementor-element-eb7b5c7 landing-nav-tab-title elementor-widget elementor-widget-heading\" data-id=\"eb7b5c7\" data-element_type=\"widget\" data-widget_type=\"heading.default\">\n\t\t\t\t<div class=\"elementor-widget-container\">\n\t\t\t<h2 class=\"elementor-heading-title elementor-size-default\">News &amp;<br>Press<\/h2>\t\t<\/div>\n\t\t\t\t<\/div>\n\t\t\t\t\t<\/div>\n\t\t\t\t<\/a>\n\t\t\t\t<\/div>\n\t\t\t\t<\/div>\n\t\t\t\t<div class=\"elementor-element elementor-element-f045af4 hfe-submenu-icon-plus hfe-nav-menu__breakpoint-none elementor-widget__width-initial hfe-link-redirect-self_link start-menu-active elementor-absolute hfe-nav-menu__align-left elementor-widget elementor-widget-navigation-menu\" data-id=\"f045af4\" data-element_type=\"widget\" data-settings=\"{&quot;toggle_size&quot;:{&quot;unit&quot;:&quot;px&quot;,&quot;size&quot;:40,&quot;sizes&quot;:[]},&quot;toggle_border_width&quot;:{&quot;unit&quot;:&quot;px&quot;,&quot;size&quot;:0,&quot;sizes&quot;:[]},&quot;_position&quot;:&quot;absolute&quot;,&quot;padding_horizontal_menu_item&quot;:{&quot;unit&quot;:&quot;px&quot;,&quot;size&quot;:15,&quot;sizes&quot;:[]},&quot;padding_horizontal_menu_item_tablet&quot;:{&quot;unit&quot;:&quot;px&quot;,&quot;size&quot;:&quot;&quot;,&quot;sizes&quot;:[]},&quot;padding_horizontal_menu_item_mobile&quot;:{&quot;unit&quot;:&quot;px&quot;,&quot;size&quot;:&quot;&quot;,&quot;sizes&quot;:[]},&quot;padding_vertical_menu_item&quot;:{&quot;unit&quot;:&quot;px&quot;,&quot;size&quot;:15,&quot;sizes&quot;:[]},&quot;padding_vertical_menu_item_tablet&quot;:{&quot;unit&quot;:&quot;px&quot;,&quot;size&quot;:&quot;&quot;,&quot;sizes&quot;:[]},&quot;padding_vertical_menu_item_mobile&quot;:{&quot;unit&quot;:&quot;px&quot;,&quot;size&quot;:&quot;&quot;,&quot;sizes&quot;:[]},&quot;menu_space_between&quot;:{&quot;unit&quot;:&quot;px&quot;,&quot;size&quot;:&quot;&quot;,&quot;sizes&quot;:[]},&quot;menu_space_between_tablet&quot;:{&quot;unit&quot;:&quot;px&quot;,&quot;size&quot;:&quot;&quot;,&quot;sizes&quot;:[]},&quot;menu_space_between_mobile&quot;:{&quot;unit&quot;:&quot;px&quot;,&quot;size&quot;:&quot;&quot;,&quot;sizes&quot;:[]},&quot;dropdown_border_radius&quot;:{&quot;unit&quot;:&quot;px&quot;,&quot;top&quot;:&quot;&quot;,&quot;right&quot;:&quot;&quot;,&quot;bottom&quot;:&quot;&quot;,&quot;left&quot;:&quot;&quot;,&quot;isLinked&quot;:true},&quot;dropdown_border_radius_tablet&quot;:{&quot;unit&quot;:&quot;px&quot;,&quot;top&quot;:&quot;&quot;,&quot;right&quot;:&quot;&quot;,&quot;bottom&quot;:&quot;&quot;,&quot;left&quot;:&quot;&quot;,&quot;isLinked&quot;:true},&quot;dropdown_border_radius_mobile&quot;:{&quot;unit&quot;:&quot;px&quot;,&quot;top&quot;:&quot;&quot;,&quot;right&quot;:&quot;&quot;,&quot;bottom&quot;:&quot;&quot;,&quot;left&quot;:&quot;&quot;,&quot;isLinked&quot;:true},&quot;padding_horizontal_dropdown_item&quot;:{&quot;unit&quot;:&quot;px&quot;,&quot;size&quot;:&quot;&quot;,&quot;sizes&quot;:[]},&quot;padding_horizontal_dropdown_item_tablet&quot;:{&quot;unit&quot;:&quot;px&quot;,&quot;size&quot;:&quot;&quot;,&quot;sizes&quot;:[]},&quot;padding_horizontal_dropdown_item_mobile&quot;:{&quot;unit&quot;:&quot;px&quot;,&quot;size&quot;:&quot;&quot;,&quot;sizes&quot;:[]},&quot;padding_vertical_dropdown_item&quot;:{&quot;unit&quot;:&quot;px&quot;,&quot;size&quot;:15,&quot;sizes&quot;:[]},&quot;padding_vertical_dropdown_item_tablet&quot;:{&quot;unit&quot;:&quot;px&quot;,&quot;size&quot;:&quot;&quot;,&quot;sizes&quot;:[]},&quot;padding_vertical_dropdown_item_mobile&quot;:{&quot;unit&quot;:&quot;px&quot;,&quot;size&quot;:&quot;&quot;,&quot;sizes&quot;:[]},&quot;distance_from_menu&quot;:{&quot;unit&quot;:&quot;px&quot;,&quot;size&quot;:&quot;&quot;,&quot;sizes&quot;:[]},&quot;distance_from_menu_tablet&quot;:{&quot;unit&quot;:&quot;px&quot;,&quot;size&quot;:&quot;&quot;,&quot;sizes&quot;:[]},&quot;distance_from_menu_mobile&quot;:{&quot;unit&quot;:&quot;px&quot;,&quot;size&quot;:&quot;&quot;,&quot;sizes&quot;:[]},&quot;toggle_size_tablet&quot;:{&quot;unit&quot;:&quot;px&quot;,&quot;size&quot;:&quot;&quot;,&quot;sizes&quot;:[]},&quot;toggle_size_mobile&quot;:{&quot;unit&quot;:&quot;px&quot;,&quot;size&quot;:&quot;&quot;,&quot;sizes&quot;:[]},&quot;toggle_border_width_tablet&quot;:{&quot;unit&quot;:&quot;px&quot;,&quot;size&quot;:&quot;&quot;,&quot;sizes&quot;:[]},&quot;toggle_border_width_mobile&quot;:{&quot;unit&quot;:&quot;px&quot;,&quot;size&quot;:&quot;&quot;,&quot;sizes&quot;:[]},&quot;toggle_border_radius&quot;:{&quot;unit&quot;:&quot;px&quot;,&quot;size&quot;:&quot;&quot;,&quot;sizes&quot;:[]},&quot;toggle_border_radius_tablet&quot;:{&quot;unit&quot;:&quot;px&quot;,&quot;size&quot;:&quot;&quot;,&quot;sizes&quot;:[]},&quot;toggle_border_radius_mobile&quot;:{&quot;unit&quot;:&quot;px&quot;,&quot;size&quot;:&quot;&quot;,&quot;sizes&quot;:[]}}\" data-widget_type=\"navigation-menu.default\">\n\t\t\t\t<div class=\"elementor-widget-container\">\n\t\t\t\t\t\t<div class=\"hfe-nav-menu hfe-layout-vertical hfe-nav-menu-layout vertical\" data-layout=\"vertical\">\n\t\t\t\t<div role=\"button\" class=\"hfe-nav-menu__toggle elementor-clickable\">\n\t\t\t\t\t<span class=\"screen-reader-text\">Menu<\/span>\n\t\t\t\t\t<div class=\"hfe-nav-menu-icon\">\n\t\t\t\t\t\t\t\t\t\t\t<\/div>\n\t\t\t\t<\/div>\n\t\t\t\t<nav itemscope=\"itemscope\" itemtype=\"https:\/\/schema.org\/SiteNavigationElement\" class=\"hfe-nav-menu__layout-vertical hfe-nav-menu__submenu-plus\" data-toggle-icon=\"\" data-close-icon=\"\" data-full-width=\"\">\n\t\t\t\t\t<ul id=\"menu-1-f045af4\" class=\"hfe-nav-menu\"><li id=\"menu-item-5347\" itemprop=\"name\" class=\"menu-item menu-item-type-post_type menu-item-object-page parent hfe-creative-menu\"><a href=\"https:\/\/www.wundzentren.de\/en\/presse\/\" itemprop=\"url\" class = \"hfe-menu-item\">News &amp; Press<\/a><\/li>\n<li id=\"menu-item-5342\" itemprop=\"name\" class=\"menu-item menu-item-type-post_type menu-item-object-page parent hfe-creative-menu\"><a href=\"https:\/\/www.wundzentren.de\/en\/presse\/pressemitteilungen\/\" itemprop=\"url\" class = \"hfe-menu-item\">Press &amp; News<\/a><\/li>\n<li id=\"menu-item-5341\" itemprop=\"name\" class=\"menu-item menu-item-type-post_type menu-item-object-page parent hfe-creative-menu\"><a href=\"https:\/\/www.wundzentren.de\/en\/presse\/messen-veranstaltungen\/\" itemprop=\"url\" class = \"hfe-menu-item\">Trade fairs &amp; Events<\/a><\/li>\n<li id=\"menu-item-5340\" itemprop=\"name\" class=\"menu-item menu-item-type-post_type menu-item-object-page parent hfe-creative-menu\"><a href=\"https:\/\/www.wundzentren.de\/en\/presse\/pressefotos\/\" itemprop=\"url\" class = \"hfe-menu-item\">Press photos<\/a><\/li>\n<li id=\"menu-item-5339\" itemprop=\"name\" class=\"menu-item menu-item-type-post_type menu-item-object-page parent hfe-creative-menu\"><a href=\"https:\/\/www.wundzentren.de\/en\/presse\/ansprechpartner\/\" itemprop=\"url\" class = \"hfe-menu-item\">Contact<\/a><\/li>\n<\/ul> \n\t\t\t\t<\/nav>\n\t\t\t<\/div>\n\t\t\t\t\t<\/div>\n\t\t\t\t<\/div>\n\t\t\t\t<\/div>\n\t\t<div class=\"elementor-element elementor-element-a3bf206 e-flex e-con-boxed e-con e-parent\" data-id=\"a3bf206\" data-element_type=\"container\">\n\t\t\t\t\t<div class=\"e-con-inner\">\n\t\t<div class=\"elementor-element elementor-element-c4c60d8 e-con-full e-flex e-con e-child\" data-id=\"c4c60d8\" data-element_type=\"container\">\n\t\t\t\t<div class=\"elementor-element elementor-element-75aeac1 elementor-widget elementor-widget-image\" data-id=\"75aeac1\" data-element_type=\"widget\" data-widget_type=\"image.default\">\n\t\t\t\t<div class=\"elementor-widget-container\">\n\t\t\t<style>\/*! elementor - v3.21.0 - 26-05-2024 *\/\n.elementor-widget-image{text-align:center}.elementor-widget-image a{display:inline-block}.elementor-widget-image a img[src$=\".svg\"]{width:48px}.elementor-widget-image img{vertical-align:middle;display:inline-block}<\/style>\t\t\t\t\t\t\t\t\t\t<img fetchpriority=\"high\" decoding=\"async\" width=\"1536\" height=\"864\" src=\"https:\/\/www.wundzentren.de\/wp-content\/uploads\/2025\/07\/Img_Team_WZ-WundZentrum_Trier_Ehrang-1536x864.png\" class=\"attachment-1536x1536 size-1536x1536 wp-image-11851\" alt=\"WZ-Trier Teambild\" \/>\t\t\t\t\t\t\t\t\t\t\t\t\t<\/div>\n\t\t\t\t<\/div>\n\t\t\t\t<div class=\"elementor-element elementor-element-1312161 elementor-widget elementor-widget-heading\" data-id=\"1312161\" data-element_type=\"widget\" data-widget_type=\"heading.default\">\n\t\t\t\t<div class=\"elementor-widget-container\">\n\t\t\t<h2 class=\"elementor-heading-title elementor-size-default\"><dl style=\"-webkit-tap-highlight-color: transparent; box-sizing: inherit; margin-bottom: 10px; font-size: 0.75rem; color: rgb(77, 77, 77); opacity: 0.7; text-transform: uppercase; font-family: Barlow-Medium, Helvetica, Arial, Lucida; white-space-collapse: collapse;\"><dd style=\"-webkit-tap-highlight-color: transparent; box-sizing: inherit; margin-bottom: 0px; margin-left: 0px;\"><time datetime=\"03.08.2023\" style=\"-webkit-tap-highlight-color: transparent; box-sizing: inherit;\">14. Mai 2025<\/time><\/dd><\/dl><\/h2>\t\t<\/div>\n\t\t\t\t<\/div>\n\t\t\t\t<div class=\"elementor-element elementor-element-304038a elementor-widget elementor-widget-heading\" data-id=\"304038a\" data-element_type=\"widget\" data-widget_type=\"heading.default\">\n\t\t\t\t<div class=\"elementor-widget-container\">\n\t\t\t<h1 class=\"elementor-heading-title elementor-size-default\"><span style=\"font-size: 33.3333px; font-family: Barlow, Helvetica, Arial, sans-serif;\"><b>5 Jahre WZ-WundZentrum Trier \u2013 Spezialisierte ambulante Pflegeeinrichtung feiert Jubil\u00e4um<\/b><\/span><br><\/h1>\t\t<\/div>\n\t\t\t\t<\/div>\n\t\t\t\t<div class=\"elementor-element elementor-element-5cb374f elementor-widget elementor-widget-text-editor\" data-id=\"5cb374f\" data-element_type=\"widget\" data-widget_type=\"text-editor.default\">\n\t\t\t\t<div class=\"elementor-widget-container\">\n\t\t\t<style>\/*! elementor - v3.21.0 - 26-05-2024 *\/\n.elementor-widget-text-editor.elementor-drop-cap-view-stacked .elementor-drop-cap{background-color:#69727d;color:#fff}.elementor-widget-text-editor.elementor-drop-cap-view-framed .elementor-drop-cap{color:#69727d;border:3px solid;background-color:transparent}.elementor-widget-text-editor:not(.elementor-drop-cap-view-default) .elementor-drop-cap{margin-top:8px}.elementor-widget-text-editor:not(.elementor-drop-cap-view-default) .elementor-drop-cap-letter{width:1em;height:1em}.elementor-widget-text-editor .elementor-drop-cap{float:left;text-align:center;line-height:1;font-size:50px}.elementor-widget-text-editor .elementor-drop-cap-letter{display:inline-block}<\/style>\t\t\t\t<div style=\"-webkit-tap-highlight-color: transparent; box-sizing: inherit; position: relative; width: 840px; padding-right: 20px; padding-left: 20px;\"><div style=\"-webkit-tap-highlight-color: transparent; box-sizing: inherit; counter-reset: section 0; width: 800px; color: #777777; font-size: 1.15rem; line-height: 1.625rem; font-family: Barlow, Helvetica, Arial, Lucida, sans-serif;\"><p style=\"font-size: 1.15rem; color: #777777; line-height: 1.625rem; font-weight: 400; margin-bottom: 15px;\"><a style=\"box-sizing: inherit; transition-property: all; color: #8cb8c6; font-size: 18.4px; -webkit-tap-highlight-color: transparent; font-weight: 600;\" href=\"https:\/\/www.wundzentren.de\/2025\/07\/23\/5-jahre-wz-wundzentrum-trier-spezialisierte-ambulante-pflegeeinrichtung-feiert-jubilaeum\/\" target=\"_blank\" rel=\"noopener\">Download Pressemitteilung (PDF 328 KB)<\/a><i><\/i><\/p><p><em>D\u00fcsseldorf\/Trier, 03.07.2025.<\/em> <strong>Am 1. Juli 2025 feierte das WZ-WundZentrum Trier sein 5-j\u00e4hriges Bestehen. Seit seiner Er\u00f6ffnung im Stadtteil Ehrang versorgt das WundZentrum Menschen mit chronischen und schwer heilenden Wunden nach h\u00f6chsten fachlichen und hygienischen Standards \u2013 ambulant, evidenzbasiert und stets patientenorientiert. Anlass genug, gemeinsam mit Patient:innen, Angeh\u00f6rigen und Netzwerkpartner:innen auf das Erreichte zur\u00fcckzublicken.<\/strong><\/p><\/div><\/div><section style=\"-webkit-tap-highlight-color: transparent; box-sizing: inherit; width: 840px;\"><div style=\"-webkit-tap-highlight-color: transparent; box-sizing: inherit; counter-reset: section 0; padding-right: 20px; padding-left: 20px; width: 840px; color: #777777; font-family: Barlow, Helvetica, Arial, Lucida, sans-serif;\"><p>\u201e5 Jahre WZ Trier \u2013 das steht f\u00fcr engagierte, spezialisierte Versorgung, ein starkes Team und eine kontinuierliche Verbesserung der Lebensqualit\u00e4t unserer Patientinnen und Patienten\u201c, so Andr\u00e9 Lantin, Inhaber und Gr\u00fcnder der WZ-WundZentren GmbH, die \u00fcber 22 Standorte in f\u00fcnf Bundesl\u00e4ndern verf\u00fcgt. \u201eIch freue mich besonders \u00fcber das wertsch\u00e4tzende Stimmungsbild, das unsere Jubil\u00e4umsveranstaltung gepr\u00e4gt hat \u2013 es zeigt uns, dass wir mit unserem ganzheitlichen und nachhaltigen Versorgungsansatz vor Ort wirklich etwas bewegen.\u201c<\/p><p>\u00dcber 40 G\u00e4ste folgten trotz Temperaturen von \u00fcber 35 Grad unserer Einladung. Als \u00dcberraschungsgast durften wir au\u00dferdem die Trierer B\u00fcrgermeisterin Elvira Garbes begr\u00fc\u00dfen. Nach den Begr\u00fc\u00dfungsworten von <strong>Andr\u00e9 Lantin, Ortsvorsteher Berti Adams und Dr. Walter Gradel<\/strong> erhielten die Besucher:innen bei einem Rundgang durch das WundZentrum Einblicke in die Praxis \u2013 vom ersten Besuch \u00fcber die Diagnostik bis zur Heilung. Als besonderes Highlight berichtete ein ehemaliger Patient \u00fcber seinen Leidensweg und die Erfahrungen aus der Behandlung im WundZentrum.<\/p><p><strong>Chronische Wunden betreffen \u00fcber zwei Millionen Menschen in Deutschland.<\/strong> Typische Ursachen sind ven\u00f6se oder arterielle Durchblutungsst\u00f6rungen, Diabetes oder Druckgeschw\u00fcre.<\/p><p>Das WZ-WundZentrum Trier bietet diesen Betroffenen spezialisierte Unterst\u00fctzung durch umfassende Anamnese, pers\u00f6nliche Beratung und evidenzbasierte Wundbehandlung. Ziel ist eine m\u00f6glichst schnelle und nachhaltige Wundheilung \u2013 und damit eine sp\u00fcrbare<br \/>Verbesserung der Lebensqualit\u00e4t.<br \/>Die Patient:innen profitieren dabei von stets aktuellen pflegerischen und therapeutischen<br \/>Ans\u00e4tzen. Die Leistungen werden f\u00fcr gesetzlich Versicherte vollst\u00e4ndig von den<br \/>Krankenkassen \u00fcbernommen.<br \/>Weitere Informationen zu Leistungen und Kontaktm\u00f6glichkeiten am Standort Trier unter:<br \/><a href=\"https:\/\/www.wundzentren.de\/trier\">https:\/\/www.wundzentren.de\/trier<\/a>\/.<\/p><\/div><\/section>\t\t\t\t\t\t<\/div>\n\t\t\t\t<\/div>\n\t\t<div class=\"elementor-element elementor-element-a758a19 e-flex e-con-boxed e-con e-child\" data-id=\"a758a19\" data-element_type=\"container\">\n\t\t\t\t\t<div class=\"e-con-inner\">\n\t\t<div class=\"elementor-element elementor-element-0d96c1e e-con-full e-flex e-con e-child\" data-id=\"0d96c1e\" data-element_type=\"container\">\n\t\t\t\t<div class=\"elementor-element elementor-element-b86bd82 elementor-widget__width-inherit elementor-widget elementor-widget-text-editor\" data-id=\"b86bd82\" data-element_type=\"widget\" data-widget_type=\"text-editor.default\">\n\t\t\t\t<div class=\"elementor-widget-container\">\n\t\t\t\t\t\t\t<p><strong>About WCC-WoundCareCenters<\/strong><br \/>Seit 2008 konnten an aktuell 22 Standorten in f\u00fcnf Bundesl\u00e4ndern Deutschlands mehr als 50.000<br \/>Patient:innen mit dem bew\u00e4hrten Behandlungskonzept der WZ-WundZentren erfolgreich behandelt<br \/>werden. Die WZ-WundZentren sind spezialisierte ambulante Pflegeeinrichtungen mit h\u00f6chsten<br \/>hygienischen Standards, in denen ausschlie\u00dflich Patient:innen mit chronischen und schwer heilenden<br \/>Wunden behandelt werden. Die Leistungen in den WZ-WundZentren als spezialisierte Einrichtungen<br \/>werden von den Krankenkassen \u00fcber \u00a7 37 Abs. 7 SGB V auf der Grundlage der h\u00e4uslichen<br \/>Krankenpflege nach \u00a7132a geltend gemacht.<br \/>In unseren Einrichtungen arbeiten Pflegefachpersonen, die zus\u00e4tzlich zu ihrer 3-j\u00e4hrigen Ausbildung in<br \/>der Kranken- oder Altenpflege \u00fcber eine spezialisierte Zusatzqualifikation in der Wundbehandlung<br \/>verf\u00fcgen.<\/p><p>Die WZ-WundZentren GmbH mit Sitz in D\u00fcsseldorf ist ein Unternehmen der recucare Gruppe.<\/p><p>Weitere Informationen unter:\u00a0<a href=\"https:\/\/www.wundzentren.de\"><strong><span style=\"color: #777777; font-family: Barlow-Medium, Helvetica, Arial, Lucida; font-size: 1.15rem; text-align: var(--text-align);\"> www.wundzentren.de<\/span><\/strong><\/a><\/p>\t\t\t\t\t\t<\/div>\n\t\t\t\t<\/div>\n\t\t\t\t<\/div>\n\t\t\t\t<div class=\"elementor-element elementor-element-ab18ba3 elementor-widget elementor-widget-text-editor\" data-id=\"ab18ba3\" data-element_type=\"widget\" data-widget_type=\"text-editor.default\">\n\t\t\t\t<div class=\"elementor-widget-container\">\n\t\t\t\t\t\t\t<div class=\"b-intro is-no-divider\" style=\"-webkit-tap-highlight-color: transparent; box-sizing: inherit; position: relative; width: 840px; padding-right: 20px; padding-left: 20px;\"><div class=\"content b-richtext-content\" style=\"-webkit-tap-highlight-color: transparent; box-sizing: inherit; counter-reset: section 0; width: 800px; color: #777777; font-size: 1.25rem; line-height: 1.6875rem;\"><p style=\"-webkit-tap-highlight-color: transparent; box-sizing: inherit; margin-bottom: 15px; font-size: 1.15rem; line-height: 1.625rem; font-family: Barlow-Medium, Helvetica, Arial, Lucida;\"><span style=\"-webkit-tap-highlight-color: transparent; box-sizing: inherit; font-weight: 600;\">Pressekontakt:<\/span><\/p><p style=\"-webkit-tap-highlight-color: transparent; box-sizing: inherit; margin-bottom: 15px; font-size: 1.15rem; line-height: 1.625rem; font-family: Barlow-Medium, Helvetica, Arial, Lucida;\">recucare GmbH<br style=\"-webkit-tap-highlight-color: transparent; box-sizing: inherit;\" \/>Edna Frenthoff<\/p><p style=\"-webkit-tap-highlight-color: transparent; box-sizing: inherit; margin-bottom: 15px; font-size: 1.15rem; line-height: 1.625rem; font-family: Barlow-Medium, Helvetica, Arial, Lucida;\">Heilbronner Stra\u00dfe 156<br style=\"-webkit-tap-highlight-color: transparent; box-sizing: inherit;\" \/>70191 Stuttgart<br style=\"-webkit-tap-highlight-color: transparent; box-sizing: inherit;\" \/>Tel.: 0711 &#8211; 900 071 10 42<br style=\"-webkit-tap-highlight-color: transparent; box-sizing: inherit;\" \/>E-Mail:\u00a0<a style=\"-webkit-tap-highlight-color: transparent; box-sizing: inherit; color: #8cb8c6; font-weight: 600;\" href=\"mailto:presse@recucare.de\" target=\"_blank\" rel=\"noopener\">presse@recucare.de<\/a><\/p><p style=\"-webkit-tap-highlight-color: transparent; box-sizing: inherit; margin-bottom: 15px; font-size: 1.15rem; line-height: 1.625rem; font-family: Barlow-Medium, Helvetica, Arial, Lucida;\"><span style=\"-webkit-tap-highlight-color: transparent; box-sizing: inherit; font-weight: 600;\">Weiterf\u00fchrende Links:<\/span><br style=\"-webkit-tap-highlight-color: transparent; box-sizing: inherit;\" \/><a style=\"-webkit-tap-highlight-color: transparent; box-sizing: inherit; color: #8cb8c6; font-weight: 600;\" href=\"https:\/\/www.wundzentren.de\/wz-de\/presse\/pressefotos\" target=\"_blank\" rel=\"noopener\">https:\/\/wundzentren.de\/presse\/pressefotos<\/a><\/p><\/div><\/div><section class=\"b-article-section\" style=\"-webkit-tap-highlight-color: transparent; box-sizing: inherit; width: 840px;\"><div class=\"b-richtext-content\" style=\"-webkit-tap-highlight-color: transparent; box-sizing: inherit; counter-reset: section 0; padding-right: 20px; padding-left: 20px; width: 840px; color: #777777;\"><p style=\"-webkit-tap-highlight-color: transparent; box-sizing: inherit; font-weight: 400; margin-bottom: 15px; font-size: 1.15rem; line-height: 1.625rem;\">\u00a0<\/p><\/div><\/section>\t\t\t\t\t\t<\/div>\n\t\t\t\t<\/div>\n\t\t\t\t\t<\/div>\n\t\t\t\t<\/div>\n\t\t\t\t<\/div>\n\t\t\t\t\t<\/div>\n\t\t\t\t<\/div>\n\t\t\t\t<\/div>","protected":false},"excerpt":{"rendered":"<p>Unternehmen &amp; Leistungen Wundlexikon Standorte Jobs &#038;amp Karriere Neuigkeiten &amp;Presse Men\u00fc Neuigkeiten &#038; Presse Presse &#038; Aktuelles Messen &#8211; Veranstaltungen Presse-Fotos Ansprechpartner 14. Mai 2025 5 Jahre WZ-WundZentrum Trier \u2013 Spezialisierte ambulante Pflegeeinrichtung feiert Jubil\u00e4um Download Pressemitteilung (PDF 328 KB) D\u00fcsseldorf\/Trier, 03.07.2025. Am 1. Juli 2025 feierte das WZ-WundZentrum Trier sein 5-j\u00e4hriges Bestehen. Seit seiner&#8230;<\/p>","protected":false},"author":3,"featured_media":0,"comment_status":"closed","ping_status":"open","sticky":false,"template":"","format":"standard","meta":{"footnotes":""},"categories":[1],"tags":[],"class_list":["post-11842","post","type-post","status-publish","format-standard","hentry","category-allgemein"],"yoast_head":"<!-- This site is optimized with the Yoast SEO plugin v24.4 - https:\/\/yoast.com\/wordpress\/plugins\/seo\/ -->\n<title>5 Jahre WZ-WundZentrum Trier \u2013 Spezialisierte ambulante Pflegeeinrichtung feiert Jubil\u00e4um - WZ-WundZentren: Ihr Spezialist f\u00fcr die Behandlung von chronischen und schwer heilenden Wunden<\/title>\n<meta name=\"robots\" content=\"index, follow, max-snippet:-1, max-image-preview:large, max-video-preview:-1\" \/>\n<link rel=\"canonical\" href=\"https:\/\/www.wundzentren.de\/en\/2025\/07\/23\/5-jahre-wz-wundzentrum-trier-spezialisierte-ambulante-pflegeeinrichtung-feiert-jubilaeum\/\" \/>\n<meta property=\"og:locale\" content=\"en_GB\" \/>\n<meta property=\"og:type\" content=\"article\" \/>\n<meta property=\"og:title\" content=\"5 Jahre WZ-WundZentrum Trier \u2013 Spezialisierte ambulante Pflegeeinrichtung feiert Jubil\u00e4um - WZ-WundZentren: Ihr Spezialist f\u00fcr die Behandlung von chronischen und schwer heilenden Wunden\" \/>\n<meta property=\"og:description\" content=\"Unternehmen &amp; Leistungen Wundlexikon Standorte Jobs &#038;amp Karriere Neuigkeiten &amp;Presse Men\u00fc Neuigkeiten &#038; Presse Presse &#038; Aktuelles Messen &#8211; Veranstaltungen Presse-Fotos Ansprechpartner 14. Mai 2025 5 Jahre WZ-WundZentrum Trier \u2013 Spezialisierte ambulante Pflegeeinrichtung feiert Jubil\u00e4um Download Pressemitteilung (PDF 328 KB) D\u00fcsseldorf\/Trier, 03.07.2025. Am 1. Juli 2025 feierte das WZ-WundZentrum Trier sein 5-j\u00e4hriges Bestehen. Seit seiner...\" \/>\n<meta property=\"og:url\" content=\"https:\/\/www.wundzentren.de\/en\/2025\/07\/23\/5-jahre-wz-wundzentrum-trier-spezialisierte-ambulante-pflegeeinrichtung-feiert-jubilaeum\/\" \/>\n<meta property=\"og:site_name\" content=\"WZ-WundZentren: Ihr Spezialist f\u00fcr die Behandlung von chronischen und schwer heilenden Wunden\" \/>\n<meta property=\"article:published_time\" content=\"2025-07-23T09:20:53+00:00\" \/>\n<meta property=\"article:modified_time\" content=\"2025-11-05T18:55:06+00:00\" \/>\n<meta property=\"og:image\" content=\"https:\/\/www.wundzentren.de\/wp-content\/uploads\/2025\/07\/Img_Team_WZ-WundZentrum_Trier_Ehrang-1536x864.png\" \/>\n<meta name=\"author\" content=\"Edna Frenthoff\" \/>\n<meta name=\"twitter:card\" content=\"summary_large_image\" \/>\n<meta name=\"twitter:label1\" content=\"Written by\" \/>\n\t<meta name=\"twitter:data1\" content=\"Edna Frenthoff\" \/>\n\t<meta name=\"twitter:label2\" content=\"Estimated reading time\" \/>\n\t<meta name=\"twitter:data2\" content=\"3 minutes\" \/>\n<script type=\"application\/ld+json\" class=\"yoast-schema-graph\">{\"@context\":\"https:\/\/schema.org\",\"@graph\":[{\"@type\":\"WebPage\",\"@id\":\"https:\/\/www.wundzentren.de\/2025\/07\/23\/5-jahre-wz-wundzentrum-trier-spezialisierte-ambulante-pflegeeinrichtung-feiert-jubilaeum\/\",\"url\":\"https:\/\/www.wundzentren.de\/2025\/07\/23\/5-jahre-wz-wundzentrum-trier-spezialisierte-ambulante-pflegeeinrichtung-feiert-jubilaeum\/\",\"name\":\"5 Jahre WZ-WundZentrum Trier \u2013 Spezialisierte ambulante Pflegeeinrichtung feiert Jubil\u00e4um - WZ-WundZentren: Ihr Spezialist f\u00fcr die Behandlung von chronischen und schwer heilenden Wunden\",\"isPartOf\":{\"@id\":\"https:\/\/www.wundzentren.de\/#website\"},\"primaryImageOfPage\":{\"@id\":\"https:\/\/www.wundzentren.de\/2025\/07\/23\/5-jahre-wz-wundzentrum-trier-spezialisierte-ambulante-pflegeeinrichtung-feiert-jubilaeum\/#primaryimage\"},\"image\":{\"@id\":\"https:\/\/www.wundzentren.de\/2025\/07\/23\/5-jahre-wz-wundzentrum-trier-spezialisierte-ambulante-pflegeeinrichtung-feiert-jubilaeum\/#primaryimage\"},\"thumbnailUrl\":\"https:\/\/www.wundzentren.de\/wp-content\/uploads\/2025\/07\/Img_Team_WZ-WundZentrum_Trier_Ehrang-1536x864.png\",\"datePublished\":\"2025-07-23T09:20:53+00:00\",\"dateModified\":\"2025-11-05T18:55:06+00:00\",\"author\":{\"@id\":\"https:\/\/www.wundzentren.de\/#\/schema\/person\/654ba28b48eafa5bca4420e965c120bd\"},\"breadcrumb\":{\"@id\":\"https:\/\/www.wundzentren.de\/2025\/07\/23\/5-jahre-wz-wundzentrum-trier-spezialisierte-ambulante-pflegeeinrichtung-feiert-jubilaeum\/#breadcrumb\"},\"inLanguage\":\"en-GB\",\"potentialAction\":[{\"@type\":\"ReadAction\",\"target\":[\"https:\/\/www.wundzentren.de\/2025\/07\/23\/5-jahre-wz-wundzentrum-trier-spezialisierte-ambulante-pflegeeinrichtung-feiert-jubilaeum\/\"]}]},{\"@type\":\"ImageObject\",\"inLanguage\":\"en-GB\",\"@id\":\"https:\/\/www.wundzentren.de\/2025\/07\/23\/5-jahre-wz-wundzentrum-trier-spezialisierte-ambulante-pflegeeinrichtung-feiert-jubilaeum\/#primaryimage\",\"url\":\"https:\/\/www.wundzentren.de\/wp-content\/uploads\/2025\/07\/Img_Team_WZ-WundZentrum_Trier_Ehrang-1536x864.png\",\"contentUrl\":\"https:\/\/www.wundzentren.de\/wp-content\/uploads\/2025\/07\/Img_Team_WZ-WundZentrum_Trier_Ehrang-1536x864.png\"},{\"@type\":\"BreadcrumbList\",\"@id\":\"https:\/\/www.wundzentren.de\/2025\/07\/23\/5-jahre-wz-wundzentrum-trier-spezialisierte-ambulante-pflegeeinrichtung-feiert-jubilaeum\/#breadcrumb\",\"itemListElement\":[{\"@type\":\"ListItem\",\"position\":1,\"name\":\"Startseite\",\"item\":\"https:\/\/www.wundzentren.de\/\"},{\"@type\":\"ListItem\",\"position\":2,\"name\":\"5 Jahre WZ-WundZentrum Trier \u2013 Spezialisierte ambulante Pflegeeinrichtung feiert Jubil\u00e4um\"}]},{\"@type\":\"WebSite\",\"@id\":\"https:\/\/www.wundzentren.de\/#website\",\"url\":\"https:\/\/www.wundzentren.de\/\",\"name\":\"WZ-WundZentren: Ihr Spezialist f\u00fcr die Behandlung von chronischen und schwer heilenden Wunden\",\"description\":\"\",\"potentialAction\":[{\"@type\":\"SearchAction\",\"target\":{\"@type\":\"EntryPoint\",\"urlTemplate\":\"https:\/\/www.wundzentren.de\/?s={search_term_string}\"},\"query-input\":{\"@type\":\"PropertyValueSpecification\",\"valueRequired\":true,\"valueName\":\"search_term_string\"}}],\"inLanguage\":\"en-GB\"},{\"@type\":\"Person\",\"@id\":\"https:\/\/www.wundzentren.de\/#\/schema\/person\/654ba28b48eafa5bca4420e965c120bd\",\"name\":\"Edna Frenthoff\",\"image\":{\"@type\":\"ImageObject\",\"inLanguage\":\"en-GB\",\"@id\":\"https:\/\/www.wundzentren.de\/#\/schema\/person\/image\/\",\"url\":\"https:\/\/secure.gravatar.com\/avatar\/8fcdcbaf7716ad2a00baa06517e80432c069b10e94950339fdc452eb633f3f59?s=96&d=mm&r=g\",\"contentUrl\":\"https:\/\/secure.gravatar.com\/avatar\/8fcdcbaf7716ad2a00baa06517e80432c069b10e94950339fdc452eb633f3f59?s=96&d=mm&r=g\",\"caption\":\"Edna Frenthoff\"},\"url\":\"https:\/\/www.wundzentren.de\/en\/author\/edna-frenthoff\/\"}]}<\/script>\n<!-- \/ Yoast SEO plugin. -->","yoast_head_json":{"title":"5 Jahre WZ-WundZentrum Trier \u2013 Spezialisierte ambulante Pflegeeinrichtung feiert Jubil\u00e4um - WZ-WundZentren: Ihr Spezialist f\u00fcr die Behandlung von chronischen und schwer heilenden Wunden","robots":{"index":"index","follow":"follow","max-snippet":"max-snippet:-1","max-image-preview":"max-image-preview:large","max-video-preview":"max-video-preview:-1"},"canonical":"https:\/\/www.wundzentren.de\/en\/2025\/07\/23\/5-jahre-wz-wundzentrum-trier-spezialisierte-ambulante-pflegeeinrichtung-feiert-jubilaeum\/","og_locale":"en_GB","og_type":"article","og_title":"5 Jahre WZ-WundZentrum Trier \u2013 Spezialisierte ambulante Pflegeeinrichtung feiert Jubil\u00e4um - WZ-WundZentren: Ihr Spezialist f\u00fcr die Behandlung von chronischen und schwer heilenden Wunden","og_description":"Unternehmen &amp; Leistungen Wundlexikon Standorte Jobs &#038;amp Karriere Neuigkeiten &amp;Presse Men\u00fc Neuigkeiten &#038; Presse Presse &#038; Aktuelles Messen &#8211; Veranstaltungen Presse-Fotos Ansprechpartner 14. Mai 2025 5 Jahre WZ-WundZentrum Trier \u2013 Spezialisierte ambulante Pflegeeinrichtung feiert Jubil\u00e4um Download Pressemitteilung (PDF 328 KB) D\u00fcsseldorf\/Trier, 03.07.2025. Am 1. Juli 2025 feierte das WZ-WundZentrum Trier sein 5-j\u00e4hriges Bestehen. Seit seiner...","og_url":"https:\/\/www.wundzentren.de\/en\/2025\/07\/23\/5-jahre-wz-wundzentrum-trier-spezialisierte-ambulante-pflegeeinrichtung-feiert-jubilaeum\/","og_site_name":"WZ-WundZentren: Ihr Spezialist f\u00fcr die Behandlung von chronischen und schwer heilenden Wunden","article_published_time":"2025-07-23T09:20:53+00:00","article_modified_time":"2025-11-05T18:55:06+00:00","og_image":[{"url":"https:\/\/www.wundzentren.de\/wp-content\/uploads\/2025\/07\/Img_Team_WZ-WundZentrum_Trier_Ehrang-1536x864.png","type":"","width":"","height":""}],"author":"Edna Frenthoff","twitter_card":"summary_large_image","twitter_misc":{"Written by":"Edna Frenthoff","Estimated reading time":"3 minutes"},"schema":{"@context":"https:\/\/schema.org","@graph":[{"@type":"WebPage","@id":"https:\/\/www.wundzentren.de\/2025\/07\/23\/5-jahre-wz-wundzentrum-trier-spezialisierte-ambulante-pflegeeinrichtung-feiert-jubilaeum\/","url":"https:\/\/www.wundzentren.de\/2025\/07\/23\/5-jahre-wz-wundzentrum-trier-spezialisierte-ambulante-pflegeeinrichtung-feiert-jubilaeum\/","name":"5 Jahre WZ-WundZentrum Trier \u2013 Spezialisierte ambulante Pflegeeinrichtung feiert Jubil\u00e4um - WZ-WundZentren: Ihr Spezialist f\u00fcr die Behandlung von chronischen und schwer heilenden Wunden","isPartOf":{"@id":"https:\/\/www.wundzentren.de\/#website"},"primaryImageOfPage":{"@id":"https:\/\/www.wundzentren.de\/2025\/07\/23\/5-jahre-wz-wundzentrum-trier-spezialisierte-ambulante-pflegeeinrichtung-feiert-jubilaeum\/#primaryimage"},"image":{"@id":"https:\/\/www.wundzentren.de\/2025\/07\/23\/5-jahre-wz-wundzentrum-trier-spezialisierte-ambulante-pflegeeinrichtung-feiert-jubilaeum\/#primaryimage"},"thumbnailUrl":"https:\/\/www.wundzentren.de\/wp-content\/uploads\/2025\/07\/Img_Team_WZ-WundZentrum_Trier_Ehrang-1536x864.png","datePublished":"2025-07-23T09:20:53+00:00","dateModified":"2025-11-05T18:55:06+00:00","author":{"@id":"https:\/\/www.wundzentren.de\/#\/schema\/person\/654ba28b48eafa5bca4420e965c120bd"},"breadcrumb":{"@id":"https:\/\/www.wundzentren.de\/2025\/07\/23\/5-jahre-wz-wundzentrum-trier-spezialisierte-ambulante-pflegeeinrichtung-feiert-jubilaeum\/#breadcrumb"},"inLanguage":"en-GB","potentialAction":[{"@type":"ReadAction","target":["https:\/\/www.wundzentren.de\/2025\/07\/23\/5-jahre-wz-wundzentrum-trier-spezialisierte-ambulante-pflegeeinrichtung-feiert-jubilaeum\/"]}]},{"@type":"ImageObject","inLanguage":"en-GB","@id":"https:\/\/www.wundzentren.de\/2025\/07\/23\/5-jahre-wz-wundzentrum-trier-spezialisierte-ambulante-pflegeeinrichtung-feiert-jubilaeum\/#primaryimage","url":"https:\/\/www.wundzentren.de\/wp-content\/uploads\/2025\/07\/Img_Team_WZ-WundZentrum_Trier_Ehrang-1536x864.png","contentUrl":"https:\/\/www.wundzentren.de\/wp-content\/uploads\/2025\/07\/Img_Team_WZ-WundZentrum_Trier_Ehrang-1536x864.png"},{"@type":"BreadcrumbList","@id":"https:\/\/www.wundzentren.de\/2025\/07\/23\/5-jahre-wz-wundzentrum-trier-spezialisierte-ambulante-pflegeeinrichtung-feiert-jubilaeum\/#breadcrumb","itemListElement":[{"@type":"ListItem","position":1,"name":"Startseite","item":"https:\/\/www.wundzentren.de\/"},{"@type":"ListItem","position":2,"name":"5 Jahre WZ-WundZentrum Trier \u2013 Spezialisierte ambulante Pflegeeinrichtung feiert Jubil\u00e4um"}]},{"@type":"WebSite","@id":"https:\/\/www.wundzentren.de\/#website","url":"https:\/\/www.wundzentren.de\/","name":"WZ-WundZentren: Ihr Spezialist f\u00fcr die Behandlung von chronischen und schwer heilenden Wunden","description":"","potentialAction":[{"@type":"SearchAction","target":{"@type":"EntryPoint","urlTemplate":"https:\/\/www.wundzentren.de\/?s={search_term_string}"},"query-input":{"@type":"PropertyValueSpecification","valueRequired":true,"valueName":"search_term_string"}}],"inLanguage":"en-GB"},{"@type":"Person","@id":"https:\/\/www.wundzentren.de\/#\/schema\/person\/654ba28b48eafa5bca4420e965c120bd","name":"Edna Frenthoff","image":{"@type":"ImageObject","inLanguage":"en-GB","@id":"https:\/\/www.wundzentren.de\/#\/schema\/person\/image\/","url":"https:\/\/secure.gravatar.com\/avatar\/8fcdcbaf7716ad2a00baa06517e80432c069b10e94950339fdc452eb633f3f59?s=96&d=mm&r=g","contentUrl":"https:\/\/secure.gravatar.com\/avatar\/8fcdcbaf7716ad2a00baa06517e80432c069b10e94950339fdc452eb633f3f59?s=96&d=mm&r=g","caption":"Edna Frenthoff"},"url":"https:\/\/www.wundzentren.de\/en\/author\/edna-frenthoff\/"}]}},"rttpg_featured_image_url":null,"rttpg_author":{"display_name":"Edna Frenthoff","author_link":"https:\/\/www.wundzentren.de\/en\/author\/edna-frenthoff\/"},"rttpg_comment":0,"rttpg_category":"<a href=\"https:\/\/www.wundzentren.de\/en\/category\/allgemein\/\" rel=\"category tag\">Allgemein<\/a>","rttpg_excerpt":"Unternehmen &amp; Leistungen Wundlexikon Standorte Jobs &#038;amp Karriere Neuigkeiten &amp;Presse Men\u00fc Neuigkeiten &#038; Presse Presse &#038; Aktuelles Messen &#8211; Veranstaltungen Presse-Fotos Ansprechpartner 14. Mai 2025 5 Jahre WZ-WundZentrum Trier \u2013 Spezialisierte ambulante Pflegeeinrichtung feiert Jubil\u00e4um Download Pressemitteilung (PDF 328 KB) D\u00fcsseldorf\/Trier, 03.07.2025. Am 1. Juli 2025 feierte das WZ-WundZentrum Trier sein 5-j\u00e4hriges Bestehen. Seit seiner...","_links":{"self":[{"href":"https:\/\/www.wundzentren.de\/en\/wp-json\/wp\/v2\/posts\/11842","targetHints":{"allow":["GET"]}}],"collection":[{"href":"https:\/\/www.wundzentren.de\/en\/wp-json\/wp\/v2\/posts"}],"about":[{"href":"https:\/\/www.wundzentren.de\/en\/wp-json\/wp\/v2\/types\/post"}],"author":[{"embeddable":true,"href":"https:\/\/www.wundzentren.de\/en\/wp-json\/wp\/v2\/users\/3"}],"replies":[{"embeddable":true,"href":"https:\/\/www.wundzentren.de\/en\/wp-json\/wp\/v2\/comments?post=11842"}],"version-history":[{"count":12,"href":"https:\/\/www.wundzentren.de\/en\/wp-json\/wp\/v2\/posts\/11842\/revisions"}],"predecessor-version":[{"id":11857,"href":"https:\/\/www.wundzentren.de\/en\/wp-json\/wp\/v2\/posts\/11842\/revisions\/11857"}],"wp:attachment":[{"href":"https:\/\/www.wundzentren.de\/en\/wp-json\/wp\/v2\/media?parent=11842"}],"wp:term":[{"taxonomy":"category","embeddable":true,"href":"https:\/\/www.wundzentren.de\/en\/wp-json\/wp\/v2\/categories?post=11842"},{"taxonomy":"post_tag","embeddable":true,"href":"https:\/\/www.wundzentren.de\/en\/wp-json\/wp\/v2\/tags?post=11842"}],"curies":[{"name":"wp","href":"https:\/\/api.w.org\/{rel}","templated":true}]}}