{"id":11816,"date":"2025-05-14T10:54:03","date_gmt":"2025-05-14T08:54:03","guid":{"rendered":"https:\/\/www.wundzentren.de\/?p=11816"},"modified":"2025-11-05T19:55:07","modified_gmt":"2025-11-05T18:55:07","slug":"15-jahre-wz-wundzentrum-muenchen-sued","status":"publish","type":"post","link":"https:\/\/www.wundzentren.de\/en\/2025\/05\/14\/15-jahre-wz-wundzentrum-muenchen-sued\/","title":{"rendered":"15 Jahre WZ-WundZentrum M\u00fcnchen S\u00fcd"},"content":{"rendered":"<div data-elementor-type=\"wp-post\" data-elementor-id=\"11816\" class=\"elementor elementor-11816\">\n\t\t\t\t<div class=\"elementor-element elementor-element-62c6fe7 e-con-full e-flex e-con e-child\" data-id=\"62c6fe7\" data-element_type=\"container\" data-settings=\"{&quot;background_background&quot;:&quot;slideshow&quot;,&quot;background_slideshow_gallery&quot;:[{&quot;id&quot;:12,&quot;url&quot;:&quot;https:\\\/\\\/wz.wz-medcubes.de\\\/wp-content\\\/uploads\\\/2024\\\/02\\\/img-headerbild-wundbehandlung-1.jpg&quot;}],&quot;background_slideshow_transition_duration&quot;:20,&quot;background_slideshow_loop&quot;:&quot;yes&quot;,&quot;background_slideshow_slide_duration&quot;:5000,&quot;background_slideshow_slide_transition&quot;:&quot;fade&quot;}\">\n\t\t<div class=\"elementor-element elementor-element-196615c e-con-full e-flex e-con e-child\" data-id=\"196615c\" data-element_type=\"container\" data-settings=\"{&quot;background_background&quot;:&quot;slideshow&quot;,&quot;background_slideshow_gallery&quot;:[],&quot;background_slideshow_loop&quot;:&quot;yes&quot;,&quot;background_slideshow_slide_duration&quot;:5000,&quot;background_slideshow_slide_transition&quot;:&quot;fade&quot;,&quot;background_slideshow_transition_duration&quot;:500}\">\n\t\t<div class=\"elementor-element elementor-element-b8bc218 e-con-full e-flex e-con e-child\" data-id=\"b8bc218\" data-element_type=\"container\">\n\t\t<a class=\"elementor-element elementor-element-eda18c9 landing-nav-tab-hover e-flex e-con-boxed e-con e-child\" data-id=\"eda18c9\" data-element_type=\"container\" data-settings=\"{&quot;background_background&quot;:&quot;classic&quot;}\" href=\"\/wordpress\/unternehmen-leistungen\/\">\n\t\t\t\t\t<div class=\"e-con-inner\">\n\t\t\t\t<div class=\"elementor-element elementor-element-daad031 landing-nav-tab-title elementor-widget elementor-widget-heading\" data-id=\"daad031\" data-element_type=\"widget\" data-widget_type=\"heading.default\">\n\t\t\t\t<div class=\"elementor-widget-container\">\n\t\t\t<style>\/*! elementor - v3.21.0 - 26-05-2024 *\/\n.elementor-heading-title{padding:0;margin:0;line-height:1}.elementor-widget-heading .elementor-heading-title[class*=elementor-size-]>a{color:inherit;font-size:inherit;line-height:inherit}.elementor-widget-heading .elementor-heading-title.elementor-size-small{font-size:15px}.elementor-widget-heading .elementor-heading-title.elementor-size-medium{font-size:19px}.elementor-widget-heading .elementor-heading-title.elementor-size-large{font-size:29px}.elementor-widget-heading .elementor-heading-title.elementor-size-xl{font-size:39px}.elementor-widget-heading .elementor-heading-title.elementor-size-xxl{font-size:59px}<\/style><h2 class=\"elementor-heading-title elementor-size-default\">Company &amp; <br>Services<\/h2>\t\t<\/div>\n\t\t\t\t<\/div>\n\t\t\t\t\t<\/div>\n\t\t\t\t<\/a>\n\t\t\t\t<\/div>\n\t\t<div class=\"elementor-element elementor-element-a7e2952 e-con-full e-flex e-con e-child\" data-id=\"a7e2952\" data-element_type=\"container\">\n\t\t<a class=\"elementor-element elementor-element-b473d39 landing-nav-tab-hover e-flex e-con-boxed e-con e-child\" data-id=\"b473d39\" data-element_type=\"container\" data-settings=\"{&quot;background_background&quot;:&quot;classic&quot;}\" href=\"\/wordpress\/wundlexikon\/\">\n\t\t\t\t\t<div class=\"e-con-inner\">\n\t\t\t\t<div class=\"elementor-element elementor-element-586d1a9 landing-nav-tab-title elementor-widget elementor-widget-heading\" data-id=\"586d1a9\" data-element_type=\"widget\" data-widget_type=\"heading.default\">\n\t\t\t\t<div class=\"elementor-widget-container\">\n\t\t\t<h2 class=\"elementor-heading-title elementor-size-default\">Wound dictionary<\/h2>\t\t<\/div>\n\t\t\t\t<\/div>\n\t\t\t\t\t<\/div>\n\t\t\t\t<\/a>\n\t\t\t\t<\/div>\n\t\t<div class=\"elementor-element elementor-element-2216f59 e-con-full e-flex e-con e-child\" data-id=\"2216f59\" data-element_type=\"container\">\n\t\t<a class=\"elementor-element elementor-element-4cf29c6 landing-nav-tab-hover e-flex e-con-boxed e-con e-child\" data-id=\"4cf29c6\" data-element_type=\"container\" data-settings=\"{&quot;background_background&quot;:&quot;classic&quot;}\" href=\"\/wordpress\/standorte\/\">\n\t\t\t\t\t<div class=\"e-con-inner\">\n\t\t\t\t<div class=\"elementor-element elementor-element-8ba06dc landing-nav-tab-title elementor-widget elementor-widget-heading\" data-id=\"8ba06dc\" data-element_type=\"widget\" data-widget_type=\"heading.default\">\n\t\t\t\t<div class=\"elementor-widget-container\">\n\t\t\t<h2 class=\"elementor-heading-title elementor-size-default\">Locations<\/h2>\t\t<\/div>\n\t\t\t\t<\/div>\n\t\t\t\t\t<\/div>\n\t\t\t\t<\/a>\n\t\t\t\t<\/div>\n\t\t<div class=\"elementor-element elementor-element-0e1ee99 e-con-full e-flex e-con e-child\" data-id=\"0e1ee99\" data-element_type=\"container\">\n\t\t<a class=\"elementor-element elementor-element-b27d326 landing-nav-tab-hover e-flex e-con-boxed e-con e-child\" data-id=\"b27d326\" data-element_type=\"container\" data-settings=\"{&quot;background_background&quot;:&quot;classic&quot;}\" href=\"\/wordpress\/karriere\/\">\n\t\t\t\t\t<div class=\"e-con-inner\">\n\t\t\t\t<div class=\"elementor-element elementor-element-c80694e landing-nav-tab-title elementor-widget elementor-widget-heading\" data-id=\"c80694e\" data-element_type=\"widget\" data-widget_type=\"heading.default\">\n\t\t\t\t<div class=\"elementor-widget-container\">\n\t\t\t<h2 class=\"elementor-heading-title elementor-size-default\">Jobs and career<\/h2>\t\t<\/div>\n\t\t\t\t<\/div>\n\t\t\t\t\t<\/div>\n\t\t\t\t<\/a>\n\t\t\t\t<\/div>\n\t\t<div class=\"elementor-element elementor-element-117f0ed e-con-full e-flex e-con e-child\" data-id=\"117f0ed\" data-element_type=\"container\">\n\t\t<a class=\"elementor-element elementor-element-90dbb29 landing-nav-tab-hover e-flex e-con-boxed e-con e-child\" data-id=\"90dbb29\" data-element_type=\"container\" data-settings=\"{&quot;background_background&quot;:&quot;classic&quot;}\" href=\"\/wordpress\/presse\/\">\n\t\t\t\t\t<div class=\"e-con-inner\">\n\t\t\t\t<div class=\"elementor-element elementor-element-3465376 landing-nav-tab-title elementor-widget elementor-widget-heading\" data-id=\"3465376\" data-element_type=\"widget\" data-widget_type=\"heading.default\">\n\t\t\t\t<div class=\"elementor-widget-container\">\n\t\t\t<h2 class=\"elementor-heading-title elementor-size-default\">News &amp;<br>Press<\/h2>\t\t<\/div>\n\t\t\t\t<\/div>\n\t\t\t\t\t<\/div>\n\t\t\t\t<\/a>\n\t\t\t\t<\/div>\n\t\t\t\t<\/div>\n\t\t\t\t<div class=\"elementor-element elementor-element-b73e142 hfe-submenu-icon-plus hfe-nav-menu__breakpoint-none elementor-widget__width-initial hfe-link-redirect-self_link start-menu-active elementor-absolute hfe-nav-menu__align-left elementor-widget elementor-widget-navigation-menu\" data-id=\"b73e142\" data-element_type=\"widget\" data-settings=\"{&quot;toggle_size&quot;:{&quot;unit&quot;:&quot;px&quot;,&quot;size&quot;:40,&quot;sizes&quot;:[]},&quot;toggle_border_width&quot;:{&quot;unit&quot;:&quot;px&quot;,&quot;size&quot;:0,&quot;sizes&quot;:[]},&quot;_position&quot;:&quot;absolute&quot;,&quot;padding_horizontal_menu_item&quot;:{&quot;unit&quot;:&quot;px&quot;,&quot;size&quot;:15,&quot;sizes&quot;:[]},&quot;padding_horizontal_menu_item_tablet&quot;:{&quot;unit&quot;:&quot;px&quot;,&quot;size&quot;:&quot;&quot;,&quot;sizes&quot;:[]},&quot;padding_horizontal_menu_item_mobile&quot;:{&quot;unit&quot;:&quot;px&quot;,&quot;size&quot;:&quot;&quot;,&quot;sizes&quot;:[]},&quot;padding_vertical_menu_item&quot;:{&quot;unit&quot;:&quot;px&quot;,&quot;size&quot;:15,&quot;sizes&quot;:[]},&quot;padding_vertical_menu_item_tablet&quot;:{&quot;unit&quot;:&quot;px&quot;,&quot;size&quot;:&quot;&quot;,&quot;sizes&quot;:[]},&quot;padding_vertical_menu_item_mobile&quot;:{&quot;unit&quot;:&quot;px&quot;,&quot;size&quot;:&quot;&quot;,&quot;sizes&quot;:[]},&quot;menu_space_between&quot;:{&quot;unit&quot;:&quot;px&quot;,&quot;size&quot;:&quot;&quot;,&quot;sizes&quot;:[]},&quot;menu_space_between_tablet&quot;:{&quot;unit&quot;:&quot;px&quot;,&quot;size&quot;:&quot;&quot;,&quot;sizes&quot;:[]},&quot;menu_space_between_mobile&quot;:{&quot;unit&quot;:&quot;px&quot;,&quot;size&quot;:&quot;&quot;,&quot;sizes&quot;:[]},&quot;dropdown_border_radius&quot;:{&quot;unit&quot;:&quot;px&quot;,&quot;top&quot;:&quot;&quot;,&quot;right&quot;:&quot;&quot;,&quot;bottom&quot;:&quot;&quot;,&quot;left&quot;:&quot;&quot;,&quot;isLinked&quot;:true},&quot;dropdown_border_radius_tablet&quot;:{&quot;unit&quot;:&quot;px&quot;,&quot;top&quot;:&quot;&quot;,&quot;right&quot;:&quot;&quot;,&quot;bottom&quot;:&quot;&quot;,&quot;left&quot;:&quot;&quot;,&quot;isLinked&quot;:true},&quot;dropdown_border_radius_mobile&quot;:{&quot;unit&quot;:&quot;px&quot;,&quot;top&quot;:&quot;&quot;,&quot;right&quot;:&quot;&quot;,&quot;bottom&quot;:&quot;&quot;,&quot;left&quot;:&quot;&quot;,&quot;isLinked&quot;:true},&quot;padding_horizontal_dropdown_item&quot;:{&quot;unit&quot;:&quot;px&quot;,&quot;size&quot;:&quot;&quot;,&quot;sizes&quot;:[]},&quot;padding_horizontal_dropdown_item_tablet&quot;:{&quot;unit&quot;:&quot;px&quot;,&quot;size&quot;:&quot;&quot;,&quot;sizes&quot;:[]},&quot;padding_horizontal_dropdown_item_mobile&quot;:{&quot;unit&quot;:&quot;px&quot;,&quot;size&quot;:&quot;&quot;,&quot;sizes&quot;:[]},&quot;padding_vertical_dropdown_item&quot;:{&quot;unit&quot;:&quot;px&quot;,&quot;size&quot;:15,&quot;sizes&quot;:[]},&quot;padding_vertical_dropdown_item_tablet&quot;:{&quot;unit&quot;:&quot;px&quot;,&quot;size&quot;:&quot;&quot;,&quot;sizes&quot;:[]},&quot;padding_vertical_dropdown_item_mobile&quot;:{&quot;unit&quot;:&quot;px&quot;,&quot;size&quot;:&quot;&quot;,&quot;sizes&quot;:[]},&quot;distance_from_menu&quot;:{&quot;unit&quot;:&quot;px&quot;,&quot;size&quot;:&quot;&quot;,&quot;sizes&quot;:[]},&quot;distance_from_menu_tablet&quot;:{&quot;unit&quot;:&quot;px&quot;,&quot;size&quot;:&quot;&quot;,&quot;sizes&quot;:[]},&quot;distance_from_menu_mobile&quot;:{&quot;unit&quot;:&quot;px&quot;,&quot;size&quot;:&quot;&quot;,&quot;sizes&quot;:[]},&quot;toggle_size_tablet&quot;:{&quot;unit&quot;:&quot;px&quot;,&quot;size&quot;:&quot;&quot;,&quot;sizes&quot;:[]},&quot;toggle_size_mobile&quot;:{&quot;unit&quot;:&quot;px&quot;,&quot;size&quot;:&quot;&quot;,&quot;sizes&quot;:[]},&quot;toggle_border_width_tablet&quot;:{&quot;unit&quot;:&quot;px&quot;,&quot;size&quot;:&quot;&quot;,&quot;sizes&quot;:[]},&quot;toggle_border_width_mobile&quot;:{&quot;unit&quot;:&quot;px&quot;,&quot;size&quot;:&quot;&quot;,&quot;sizes&quot;:[]},&quot;toggle_border_radius&quot;:{&quot;unit&quot;:&quot;px&quot;,&quot;size&quot;:&quot;&quot;,&quot;sizes&quot;:[]},&quot;toggle_border_radius_tablet&quot;:{&quot;unit&quot;:&quot;px&quot;,&quot;size&quot;:&quot;&quot;,&quot;sizes&quot;:[]},&quot;toggle_border_radius_mobile&quot;:{&quot;unit&quot;:&quot;px&quot;,&quot;size&quot;:&quot;&quot;,&quot;sizes&quot;:[]}}\" data-widget_type=\"navigation-menu.default\">\n\t\t\t\t<div class=\"elementor-widget-container\">\n\t\t\t\t\t\t<div class=\"hfe-nav-menu hfe-layout-vertical hfe-nav-menu-layout vertical\" data-layout=\"vertical\">\n\t\t\t\t<div role=\"button\" class=\"hfe-nav-menu__toggle elementor-clickable\">\n\t\t\t\t\t<span class=\"screen-reader-text\">Menu<\/span>\n\t\t\t\t\t<div class=\"hfe-nav-menu-icon\">\n\t\t\t\t\t\t\t\t\t\t\t<\/div>\n\t\t\t\t<\/div>\n\t\t\t\t<nav itemscope=\"itemscope\" itemtype=\"https:\/\/schema.org\/SiteNavigationElement\" class=\"hfe-nav-menu__layout-vertical hfe-nav-menu__submenu-plus\" data-toggle-icon=\"\" data-close-icon=\"\" data-full-width=\"\">\n\t\t\t\t\t<ul id=\"menu-1-b73e142\" class=\"hfe-nav-menu\"><li id=\"menu-item-5347\" itemprop=\"name\" class=\"menu-item menu-item-type-post_type menu-item-object-page parent hfe-creative-menu\"><a href=\"https:\/\/www.wundzentren.de\/en\/presse\/\" itemprop=\"url\" class = \"hfe-menu-item\">News &amp; Press<\/a><\/li>\n<li id=\"menu-item-5342\" itemprop=\"name\" class=\"menu-item menu-item-type-post_type menu-item-object-page parent hfe-creative-menu\"><a href=\"https:\/\/www.wundzentren.de\/en\/presse\/pressemitteilungen\/\" itemprop=\"url\" class = \"hfe-menu-item\">Press &amp; News<\/a><\/li>\n<li id=\"menu-item-5341\" itemprop=\"name\" class=\"menu-item menu-item-type-post_type menu-item-object-page parent hfe-creative-menu\"><a href=\"https:\/\/www.wundzentren.de\/en\/presse\/messen-veranstaltungen\/\" itemprop=\"url\" class = \"hfe-menu-item\">Trade fairs &amp; Events<\/a><\/li>\n<li id=\"menu-item-5340\" itemprop=\"name\" class=\"menu-item menu-item-type-post_type menu-item-object-page parent hfe-creative-menu\"><a href=\"https:\/\/www.wundzentren.de\/en\/presse\/pressefotos\/\" itemprop=\"url\" class = \"hfe-menu-item\">Press photos<\/a><\/li>\n<li id=\"menu-item-5339\" itemprop=\"name\" class=\"menu-item menu-item-type-post_type menu-item-object-page parent hfe-creative-menu\"><a href=\"https:\/\/www.wundzentren.de\/en\/presse\/ansprechpartner\/\" itemprop=\"url\" class = \"hfe-menu-item\">Contact<\/a><\/li>\n<\/ul> \n\t\t\t\t<\/nav>\n\t\t\t<\/div>\n\t\t\t\t\t<\/div>\n\t\t\t\t<\/div>\n\t\t\t\t<\/div>\n\t\t<div class=\"elementor-element elementor-element-0811c95 e-flex e-con-boxed e-con e-parent\" data-id=\"0811c95\" data-element_type=\"container\">\n\t\t\t\t\t<div class=\"e-con-inner\">\n\t\t<div class=\"elementor-element elementor-element-c3f3ddb e-con-full e-flex e-con e-child\" data-id=\"c3f3ddb\" data-element_type=\"container\">\n\t\t\t\t<div class=\"elementor-element elementor-element-7ef1759 elementor-widget elementor-widget-image\" data-id=\"7ef1759\" data-element_type=\"widget\" data-widget_type=\"image.default\">\n\t\t\t\t<div class=\"elementor-widget-container\">\n\t\t\t<style>\/*! elementor - v3.21.0 - 26-05-2024 *\/\n.elementor-widget-image{text-align:center}.elementor-widget-image a{display:inline-block}.elementor-widget-image a img[src$=\".svg\"]{width:48px}.elementor-widget-image img{vertical-align:middle;display:inline-block}<\/style>\t\t\t\t\t\t\t\t\t\t<img fetchpriority=\"high\" decoding=\"async\" width=\"640\" height=\"427\" src=\"https:\/\/www.wundzentren.de\/wp-content\/uploads\/2025\/05\/dok_10_Jahre_MUC-640x427.png\" class=\"attachment-medium size-medium wp-image-11672\" alt=\"15 Jahre WZ-MUC\" \/>\t\t\t\t\t\t\t\t\t\t\t\t\t<\/div>\n\t\t\t\t<\/div>\n\t\t\t\t<div class=\"elementor-element elementor-element-ff7b255 elementor-widget elementor-widget-heading\" data-id=\"ff7b255\" data-element_type=\"widget\" data-widget_type=\"heading.default\">\n\t\t\t\t<div class=\"elementor-widget-container\">\n\t\t\t<h2 class=\"elementor-heading-title elementor-size-default\"><dl style=\"-webkit-tap-highlight-color: transparent; box-sizing: inherit; margin-bottom: 10px; font-size: 0.75rem; color: rgb(77, 77, 77); opacity: 0.7; text-transform: uppercase; font-family: Barlow-Medium, Helvetica, Arial, Lucida; white-space-collapse: collapse;\"><dd style=\"-webkit-tap-highlight-color: transparent; box-sizing: inherit; margin-bottom: 0px; margin-left: 0px;\"><time datetime=\"03.08.2023\" style=\"-webkit-tap-highlight-color: transparent; box-sizing: inherit;\">14. Mai 2025<\/time><\/dd><\/dl><\/h2>\t\t<\/div>\n\t\t\t\t<\/div>\n\t\t\t\t<div class=\"elementor-element elementor-element-35a4916 elementor-widget elementor-widget-heading\" data-id=\"35a4916\" data-element_type=\"widget\" data-widget_type=\"heading.default\">\n\t\t\t\t<div class=\"elementor-widget-container\">\n\t\t\t<h1 class=\"elementor-heading-title elementor-size-default\"><span style=\"font-size: 33.3333px; font-family: Barlow, Helvetica, Arial, sans-serif;\"><b>15 Jahre WZ-WundZentrum M\u00fcnchen S\u00fcd<\/b><\/span><br><\/h1>\t\t<\/div>\n\t\t\t\t<\/div>\n\t\t\t\t<div class=\"elementor-element elementor-element-e903fc4 elementor-widget elementor-widget-text-editor\" data-id=\"e903fc4\" data-element_type=\"widget\" data-widget_type=\"text-editor.default\">\n\t\t\t\t<div class=\"elementor-widget-container\">\n\t\t\t<style>\/*! elementor - v3.21.0 - 26-05-2024 *\/\n.elementor-widget-text-editor.elementor-drop-cap-view-stacked .elementor-drop-cap{background-color:#69727d;color:#fff}.elementor-widget-text-editor.elementor-drop-cap-view-framed .elementor-drop-cap{color:#69727d;border:3px solid;background-color:transparent}.elementor-widget-text-editor:not(.elementor-drop-cap-view-default) .elementor-drop-cap{margin-top:8px}.elementor-widget-text-editor:not(.elementor-drop-cap-view-default) .elementor-drop-cap-letter{width:1em;height:1em}.elementor-widget-text-editor .elementor-drop-cap{float:left;text-align:center;line-height:1;font-size:50px}.elementor-widget-text-editor .elementor-drop-cap-letter{display:inline-block}<\/style>\t\t\t\t<div style=\"-webkit-tap-highlight-color: transparent; box-sizing: inherit; position: relative; width: 840px; padding-right: 20px; padding-left: 20px;\"><div style=\"-webkit-tap-highlight-color: transparent; box-sizing: inherit; counter-reset: section 0; width: 800px; color: #777777; font-size: 1.15rem; line-height: 1.625rem; font-family: Barlow, Helvetica, Arial, Lucida, sans-serif;\"><p style=\"font-size: 1.15rem; color: #777777; line-height: 1.625rem; font-weight: 400; margin-bottom: 15px;\"><a style=\"box-sizing: inherit; transition-property: all; color: #8cb8c6; font-size: 18.4px; -webkit-tap-highlight-color: transparent; font-weight: 600;\" href=\"https:\/\/www.wundzentren.de\/wp-content\/uploads\/2025\/07\/052025_PM_15_Jahre_WZ-Muenchen-Giesing.pdf\" target=\"_blank\" rel=\"noopener\">Download Pressemitteilung (PDF 328 KB)<\/a><i><\/i><\/p><p><em>D\u00fcsseldorf\/M\u00fcnchen<\/em><em>, 14.05.2025.<\/em> <strong>Seit dem 01. Mai 2010 bietet das WZ-WundZentrum M\u00fcnchen S\u00fcd \u2013 zentral gelegen am Giesinger Bahnhof \u2013 Menschen mit chronischen und schwer heilenden Wunden spezialisierte ambulante Behandlungsm\u00f6glichkeiten. Damit ist es das \u00e4lteste und erste Zentrum in Bayern neben 6 weiteren Standorten und bundesweit 22 Praxen. Das Ziel dabei ist klar: die Lebensqualit\u00e4t der Betroffenen nachhaltig zu verbessern und selbst komplizierteste Wunden zur Abheilung zu bringen.<\/strong><\/p><\/div><\/div><section style=\"-webkit-tap-highlight-color: transparent; box-sizing: inherit; width: 840px;\"><div style=\"-webkit-tap-highlight-color: transparent; box-sizing: inherit; counter-reset: section 0; padding-right: 20px; padding-left: 20px; width: 840px; color: #777777; font-family: Barlow, Helvetica, Arial, Lucida, sans-serif;\"><p>Als erste ambulante, spezialisierte Pflegeeinrichtung nach \u00a7132a Abs. 4 SGB V zugelassen, arbeitet das WundZentrum eng mit allen gesetzlichen und privaten Krankenkassen zusammen. Das WZ-WundZentrum M\u00fcnchen S\u00fcd ist die erste spezialisierte Pflegeeinrichtung in Deutschland, die eine qualit\u00e4tsgesicherte und individuell abgestimmte Versorgung chronischer und schwer heilender Wunden erm\u00f6glicht.<\/p><p>\u201e15 Jahre WZ M\u00fcnchen S\u00fcd \u2013 das bedeutet 15 Jahre Engagement, Fachkompetenz und Herzblut f\u00fcr unsere Patientinnen und Patienten.\u201c<\/p><p>Als Facharzt f\u00fcr Chirurgie und ausgewiesener Spezialist f\u00fcr komplexe Wunden ist Gerhard Rothenaicher seit der ersten Stunde als \u00e4rztlicher Leiter und Partner mit an Bord \u2013 und weit \u00fcber die Grenzen M\u00fcnchens hinaus anerkannt.<\/p><p>\u201eWir sind stolz auf die Entwicklung des Standorts und danken dem gesamten Team sowie der Praxis Rothenaicher f\u00fcr ihren unerm\u00fcdlichen Einsatz\u201c, so Andr\u00e9 Lantin, Inhaber und Gr\u00fcnder der WZ-WundZentren GmbH.<\/p><p>\u201eEin besonderer Dank gilt auch unseren Partnern und Zuweisenden \u2013 ihre Unterst\u00fctzung und unser starkes Netzwerk sind die Basis unseres Erfolgs.\u201c<\/p><p>Die spezialisierten Pflegefachpersonen des WZ-WundZentrum M\u00fcnchen S\u00fcd bieten eine umfassende Anamnese, pers\u00f6nliche Beratung und spezialisierte Wundbehandlung. Dabei profitieren die Patienten von stets aktuellen pflegerischen und therapeutischen Ans\u00e4tzen und Leitlinien.<\/p><p>Ziel ist eine m\u00f6glichst schnelle und nachhaltige Wundheilung \u2013 und damit eine sp\u00fcrbare Verbesserung im Alltag der Betroffenen. Die Leistungen werden f\u00fcr gesetzlich Versicherte vollst\u00e4ndig von den Krankenkassen \u00fcbernommen.<\/p><p>Weitere Informationen zu Leistungen und Kontaktm\u00f6glichkeiten am Standort M\u00fcnchen S\u00fcd unter: <a href=\"https:\/\/www.wundzentren.de\/muenchen\">https:\/\/www.wundzentren.de\/muenchen<\/a>.<\/p><p style=\"-webkit-tap-highlight-color: transparent; box-sizing: inherit; margin-bottom: 15px; font-size: 1.15rem; line-height: 1.625rem;\">\u00a0<\/p><\/div><\/section>\t\t\t\t\t\t<\/div>\n\t\t\t\t<\/div>\n\t\t<div class=\"elementor-element elementor-element-5b19c10 e-flex e-con-boxed e-con e-child\" data-id=\"5b19c10\" data-element_type=\"container\">\n\t\t\t\t\t<div class=\"e-con-inner\">\n\t\t<div class=\"elementor-element elementor-element-41b627e e-con-full e-flex e-con e-child\" data-id=\"41b627e\" data-element_type=\"container\">\n\t\t\t\t<div class=\"elementor-element elementor-element-ba37054 elementor-widget__width-inherit elementor-widget elementor-widget-text-editor\" data-id=\"ba37054\" data-element_type=\"widget\" data-widget_type=\"text-editor.default\">\n\t\t\t\t<div class=\"elementor-widget-container\">\n\t\t\t\t\t\t\t<p><strong>About WCC-WoundCareCenters<\/strong><br \/>Seit 2008 konnten mit dem bew\u00e4hrten Behandlungskonzept der WZ-WundZentren mehr als 50.000 Patienten an aktuell 22 Standorten in Deutschland erfolgreich behandelt werden.\u00a0 Die WZ-WundZentren sind spezialisierte ambulante Einrichtungen mit h\u00f6chsten hygienischen Standards, in denen ausschlie\u00dflich Patienten mit chronischen und schwer heilenden Wunden behandelt werden. WZ-WundZentren sind durch das HHVG (Heil-Hilfsmittel-Versorgungs-Gesetz) als eigenst\u00e4ndiger Leistungserbringer im Sinne des SGB V (Sozialgesetzbuch) definiert. Die Leistungen in den WZ-WundZentren als spezialisierte Einrichtungen, die sich auf die Behandlung von chronischen und schwer heilenden Wunden spezialisiert haben, werden von den Krankenkassen \u00fcber \u00a7 37 Abs. 7 SGB V auf der Grundlage der h\u00e4uslichen Krankenpflege geltend gemacht. Dort arbeiten Pflegefachpersonen, die zus\u00e4tzlich zu ihrer 3-j\u00e4hrigen Ausbildung in der Kranken- oder Altenpflege \u00fcber eine spezialisierte Zusatzqualifikation in der Wundbehandlung verf\u00fcgen.<\/p><p>Die WZ-WundZentren GmbH mit Sitz in D\u00fcsseldorf ist ein Unternehmen der recucare Gruppe.<\/p><p>Weitere Informationen unter:\u00a0<a href=\"https:\/\/www.wundzentren.de\"><strong><span style=\"color: #777777; font-family: Barlow-Medium, Helvetica, Arial, Lucida; font-size: 1.15rem; text-align: var(--text-align);\"> www.wundzentren.de<\/span><\/strong><\/a><\/p>\t\t\t\t\t\t<\/div>\n\t\t\t\t<\/div>\n\t\t\t\t<\/div>\n\t\t\t\t<div class=\"elementor-element elementor-element-afa2c0a elementor-widget elementor-widget-text-editor\" data-id=\"afa2c0a\" data-element_type=\"widget\" data-widget_type=\"text-editor.default\">\n\t\t\t\t<div class=\"elementor-widget-container\">\n\t\t\t\t\t\t\t<div class=\"b-intro is-no-divider\" style=\"-webkit-tap-highlight-color: transparent; box-sizing: inherit; position: relative; width: 840px; padding-right: 20px; padding-left: 20px;\"><div class=\"content b-richtext-content\" style=\"-webkit-tap-highlight-color: transparent; box-sizing: inherit; counter-reset: section 0; width: 800px; color: #777777; font-size: 1.25rem; line-height: 1.6875rem;\"><p style=\"-webkit-tap-highlight-color: transparent; box-sizing: inherit; margin-bottom: 15px; font-size: 1.15rem; line-height: 1.625rem; font-family: Barlow-Medium, Helvetica, Arial, Lucida;\"><span style=\"-webkit-tap-highlight-color: transparent; box-sizing: inherit; font-weight: 600;\">Pressekontakt:<\/span><\/p><p style=\"-webkit-tap-highlight-color: transparent; box-sizing: inherit; margin-bottom: 15px; font-size: 1.15rem; line-height: 1.625rem; font-family: Barlow-Medium, Helvetica, Arial, Lucida;\">recucare GmbH<br style=\"-webkit-tap-highlight-color: transparent; box-sizing: inherit;\" \/>Edna Frenthoff<\/p><p style=\"-webkit-tap-highlight-color: transparent; box-sizing: inherit; margin-bottom: 15px; font-size: 1.15rem; line-height: 1.625rem; font-family: Barlow-Medium, Helvetica, Arial, Lucida;\">Heilbronner Stra\u00dfe 156<br style=\"-webkit-tap-highlight-color: transparent; box-sizing: inherit;\" \/>70191 Stuttgart<br style=\"-webkit-tap-highlight-color: transparent; box-sizing: inherit;\" \/>Tel.: 0711 &#8211; 900 071 10 42<br style=\"-webkit-tap-highlight-color: transparent; box-sizing: inherit;\" \/>E-Mail:\u00a0<a style=\"-webkit-tap-highlight-color: transparent; box-sizing: inherit; color: #8cb8c6; font-weight: 600;\" href=\"mailto:presse@recucare.de\" target=\"_blank\" rel=\"noopener\">presse@recucare.de<\/a><\/p><p style=\"-webkit-tap-highlight-color: transparent; box-sizing: inherit; margin-bottom: 15px; font-size: 1.15rem; line-height: 1.625rem; font-family: Barlow-Medium, Helvetica, Arial, Lucida;\"><span style=\"-webkit-tap-highlight-color: transparent; box-sizing: inherit; font-weight: 600;\">Weiterf\u00fchrende Links:<\/span><br style=\"-webkit-tap-highlight-color: transparent; box-sizing: inherit;\" \/><a style=\"-webkit-tap-highlight-color: transparent; box-sizing: inherit; color: #8cb8c6; font-weight: 600;\" href=\"https:\/\/www.wundzentren.de\/wz-de\/presse\/pressefotos\" target=\"_blank\" rel=\"noopener\">https:\/\/wundzentren.de\/presse\/pressefotos<\/a><\/p><\/div><\/div><section class=\"b-article-section\" style=\"-webkit-tap-highlight-color: transparent; box-sizing: inherit; width: 840px;\"><div class=\"b-richtext-content\" style=\"-webkit-tap-highlight-color: transparent; box-sizing: inherit; counter-reset: section 0; padding-right: 20px; padding-left: 20px; width: 840px; color: #777777;\"><p style=\"-webkit-tap-highlight-color: transparent; box-sizing: inherit; font-weight: 400; margin-bottom: 15px; font-size: 1.15rem; line-height: 1.625rem;\">\u00a0<\/p><\/div><\/section>\t\t\t\t\t\t<\/div>\n\t\t\t\t<\/div>\n\t\t\t\t\t<\/div>\n\t\t\t\t<\/div>\n\t\t\t\t<\/div>\n\t\t\t\t\t<\/div>\n\t\t\t\t<\/div>\n\t\t\t\t<\/div>","protected":false},"excerpt":{"rendered":"<p>Unternehmen &amp; Leistungen Wundlexikon Standorte Jobs &#038;amp Karriere Neuigkeiten &amp;Presse Men\u00fc Neuigkeiten &#038; Presse Presse &#038; Aktuelles Messen &#8211; Veranstaltungen Presse-Fotos Ansprechpartner 14. Mai 2025 15 Jahre WZ-WundZentrum M\u00fcnchen S\u00fcd Download Pressemitteilung (PDF 328 KB) D\u00fcsseldorf\/M\u00fcnchen, 14.05.2025. Seit dem 01. Mai 2010 bietet das WZ-WundZentrum M\u00fcnchen S\u00fcd \u2013 zentral gelegen am Giesinger Bahnhof \u2013 Menschen&#8230;<\/p>","protected":false},"author":3,"featured_media":0,"comment_status":"closed","ping_status":"open","sticky":false,"template":"","format":"standard","meta":{"footnotes":""},"categories":[1],"tags":[],"class_list":["post-11816","post","type-post","status-publish","format-standard","hentry","category-allgemein"],"yoast_head":"<!-- This site is optimized with the Yoast SEO plugin v24.4 - https:\/\/yoast.com\/wordpress\/plugins\/seo\/ -->\n<title>15 Jahre WZ-WundZentrum M\u00fcnchen S\u00fcd - WZ-WundZentren: Ihr Spezialist f\u00fcr die Behandlung von chronischen und schwer heilenden Wunden<\/title>\n<meta name=\"robots\" content=\"index, follow, max-snippet:-1, max-image-preview:large, max-video-preview:-1\" \/>\n<link rel=\"canonical\" href=\"https:\/\/www.wundzentren.de\/en\/2025\/05\/14\/15-jahre-wz-wundzentrum-muenchen-sued\/\" \/>\n<meta property=\"og:locale\" content=\"en_GB\" \/>\n<meta property=\"og:type\" content=\"article\" \/>\n<meta property=\"og:title\" content=\"15 Jahre WZ-WundZentrum M\u00fcnchen S\u00fcd - WZ-WundZentren: Ihr Spezialist f\u00fcr die Behandlung von chronischen und schwer heilenden Wunden\" \/>\n<meta property=\"og:description\" content=\"Unternehmen &amp; Leistungen Wundlexikon Standorte Jobs &#038;amp Karriere Neuigkeiten &amp;Presse Men\u00fc Neuigkeiten &#038; Presse Presse &#038; Aktuelles Messen &#8211; Veranstaltungen Presse-Fotos Ansprechpartner 14. Mai 2025 15 Jahre WZ-WundZentrum M\u00fcnchen S\u00fcd Download Pressemitteilung (PDF 328 KB) D\u00fcsseldorf\/M\u00fcnchen, 14.05.2025. Seit dem 01. Mai 2010 bietet das WZ-WundZentrum M\u00fcnchen S\u00fcd \u2013 zentral gelegen am Giesinger Bahnhof \u2013 Menschen...\" \/>\n<meta property=\"og:url\" content=\"https:\/\/www.wundzentren.de\/en\/2025\/05\/14\/15-jahre-wz-wundzentrum-muenchen-sued\/\" \/>\n<meta property=\"og:site_name\" content=\"WZ-WundZentren: Ihr Spezialist f\u00fcr die Behandlung von chronischen und schwer heilenden Wunden\" \/>\n<meta property=\"article:published_time\" content=\"2025-05-14T08:54:03+00:00\" \/>\n<meta property=\"article:modified_time\" content=\"2025-11-05T18:55:07+00:00\" \/>\n<meta property=\"og:image\" content=\"https:\/\/www.wundzentren.de\/wp-content\/uploads\/2025\/05\/dok_10_Jahre_MUC-640x427.png\" \/>\n<meta name=\"author\" content=\"Edna Frenthoff\" \/>\n<meta name=\"twitter:card\" content=\"summary_large_image\" \/>\n<meta name=\"twitter:label1\" content=\"Written by\" \/>\n\t<meta name=\"twitter:data1\" content=\"Edna Frenthoff\" \/>\n\t<meta name=\"twitter:label2\" content=\"Estimated reading time\" \/>\n\t<meta name=\"twitter:data2\" content=\"3 minutes\" \/>\n<script type=\"application\/ld+json\" class=\"yoast-schema-graph\">{\"@context\":\"https:\/\/schema.org\",\"@graph\":[{\"@type\":\"WebPage\",\"@id\":\"https:\/\/www.wundzentren.de\/2025\/05\/14\/15-jahre-wz-wundzentrum-muenchen-sued\/\",\"url\":\"https:\/\/www.wundzentren.de\/2025\/05\/14\/15-jahre-wz-wundzentrum-muenchen-sued\/\",\"name\":\"15 Jahre WZ-WundZentrum M\u00fcnchen S\u00fcd - WZ-WundZentren: Ihr Spezialist f\u00fcr die Behandlung von chronischen und schwer heilenden Wunden\",\"isPartOf\":{\"@id\":\"https:\/\/www.wundzentren.de\/#website\"},\"primaryImageOfPage\":{\"@id\":\"https:\/\/www.wundzentren.de\/2025\/05\/14\/15-jahre-wz-wundzentrum-muenchen-sued\/#primaryimage\"},\"image\":{\"@id\":\"https:\/\/www.wundzentren.de\/2025\/05\/14\/15-jahre-wz-wundzentrum-muenchen-sued\/#primaryimage\"},\"thumbnailUrl\":\"https:\/\/www.wundzentren.de\/wp-content\/uploads\/2025\/05\/dok_10_Jahre_MUC-640x427.png\",\"datePublished\":\"2025-05-14T08:54:03+00:00\",\"dateModified\":\"2025-11-05T18:55:07+00:00\",\"author\":{\"@id\":\"https:\/\/www.wundzentren.de\/#\/schema\/person\/654ba28b48eafa5bca4420e965c120bd\"},\"breadcrumb\":{\"@id\":\"https:\/\/www.wundzentren.de\/2025\/05\/14\/15-jahre-wz-wundzentrum-muenchen-sued\/#breadcrumb\"},\"inLanguage\":\"en-GB\",\"potentialAction\":[{\"@type\":\"ReadAction\",\"target\":[\"https:\/\/www.wundzentren.de\/2025\/05\/14\/15-jahre-wz-wundzentrum-muenchen-sued\/\"]}]},{\"@type\":\"ImageObject\",\"inLanguage\":\"en-GB\",\"@id\":\"https:\/\/www.wundzentren.de\/2025\/05\/14\/15-jahre-wz-wundzentrum-muenchen-sued\/#primaryimage\",\"url\":\"https:\/\/www.wundzentren.de\/wp-content\/uploads\/2025\/05\/dok_10_Jahre_MUC-640x427.png\",\"contentUrl\":\"https:\/\/www.wundzentren.de\/wp-content\/uploads\/2025\/05\/dok_10_Jahre_MUC-640x427.png\"},{\"@type\":\"BreadcrumbList\",\"@id\":\"https:\/\/www.wundzentren.de\/2025\/05\/14\/15-jahre-wz-wundzentrum-muenchen-sued\/#breadcrumb\",\"itemListElement\":[{\"@type\":\"ListItem\",\"position\":1,\"name\":\"Startseite\",\"item\":\"https:\/\/www.wundzentren.de\/\"},{\"@type\":\"ListItem\",\"position\":2,\"name\":\"15 Jahre WZ-WundZentrum M\u00fcnchen S\u00fcd\"}]},{\"@type\":\"WebSite\",\"@id\":\"https:\/\/www.wundzentren.de\/#website\",\"url\":\"https:\/\/www.wundzentren.de\/\",\"name\":\"WZ-WundZentren: Ihr Spezialist f\u00fcr die Behandlung von chronischen und schwer heilenden Wunden\",\"description\":\"\",\"potentialAction\":[{\"@type\":\"SearchAction\",\"target\":{\"@type\":\"EntryPoint\",\"urlTemplate\":\"https:\/\/www.wundzentren.de\/?s={search_term_string}\"},\"query-input\":{\"@type\":\"PropertyValueSpecification\",\"valueRequired\":true,\"valueName\":\"search_term_string\"}}],\"inLanguage\":\"en-GB\"},{\"@type\":\"Person\",\"@id\":\"https:\/\/www.wundzentren.de\/#\/schema\/person\/654ba28b48eafa5bca4420e965c120bd\",\"name\":\"Edna Frenthoff\",\"image\":{\"@type\":\"ImageObject\",\"inLanguage\":\"en-GB\",\"@id\":\"https:\/\/www.wundzentren.de\/#\/schema\/person\/image\/\",\"url\":\"https:\/\/secure.gravatar.com\/avatar\/8fcdcbaf7716ad2a00baa06517e80432c069b10e94950339fdc452eb633f3f59?s=96&d=mm&r=g\",\"contentUrl\":\"https:\/\/secure.gravatar.com\/avatar\/8fcdcbaf7716ad2a00baa06517e80432c069b10e94950339fdc452eb633f3f59?s=96&d=mm&r=g\",\"caption\":\"Edna Frenthoff\"},\"url\":\"https:\/\/www.wundzentren.de\/en\/author\/edna-frenthoff\/\"}]}<\/script>\n<!-- \/ Yoast SEO plugin. -->","yoast_head_json":{"title":"15 Jahre WZ-WundZentrum M\u00fcnchen S\u00fcd - WZ-WundZentren: Ihr Spezialist f\u00fcr die Behandlung von chronischen und schwer heilenden Wunden","robots":{"index":"index","follow":"follow","max-snippet":"max-snippet:-1","max-image-preview":"max-image-preview:large","max-video-preview":"max-video-preview:-1"},"canonical":"https:\/\/www.wundzentren.de\/en\/2025\/05\/14\/15-jahre-wz-wundzentrum-muenchen-sued\/","og_locale":"en_GB","og_type":"article","og_title":"15 Jahre WZ-WundZentrum M\u00fcnchen S\u00fcd - WZ-WundZentren: Ihr Spezialist f\u00fcr die Behandlung von chronischen und schwer heilenden Wunden","og_description":"Unternehmen &amp; Leistungen Wundlexikon Standorte Jobs &#038;amp Karriere Neuigkeiten &amp;Presse Men\u00fc Neuigkeiten &#038; Presse Presse &#038; Aktuelles Messen &#8211; Veranstaltungen Presse-Fotos Ansprechpartner 14. Mai 2025 15 Jahre WZ-WundZentrum M\u00fcnchen S\u00fcd Download Pressemitteilung (PDF 328 KB) D\u00fcsseldorf\/M\u00fcnchen, 14.05.2025. Seit dem 01. Mai 2010 bietet das WZ-WundZentrum M\u00fcnchen S\u00fcd \u2013 zentral gelegen am Giesinger Bahnhof \u2013 Menschen...","og_url":"https:\/\/www.wundzentren.de\/en\/2025\/05\/14\/15-jahre-wz-wundzentrum-muenchen-sued\/","og_site_name":"WZ-WundZentren: Ihr Spezialist f\u00fcr die Behandlung von chronischen und schwer heilenden Wunden","article_published_time":"2025-05-14T08:54:03+00:00","article_modified_time":"2025-11-05T18:55:07+00:00","og_image":[{"url":"https:\/\/www.wundzentren.de\/wp-content\/uploads\/2025\/05\/dok_10_Jahre_MUC-640x427.png","type":"","width":"","height":""}],"author":"Edna Frenthoff","twitter_card":"summary_large_image","twitter_misc":{"Written by":"Edna Frenthoff","Estimated reading time":"3 minutes"},"schema":{"@context":"https:\/\/schema.org","@graph":[{"@type":"WebPage","@id":"https:\/\/www.wundzentren.de\/2025\/05\/14\/15-jahre-wz-wundzentrum-muenchen-sued\/","url":"https:\/\/www.wundzentren.de\/2025\/05\/14\/15-jahre-wz-wundzentrum-muenchen-sued\/","name":"15 Jahre WZ-WundZentrum M\u00fcnchen S\u00fcd - WZ-WundZentren: Ihr Spezialist f\u00fcr die Behandlung von chronischen und schwer heilenden Wunden","isPartOf":{"@id":"https:\/\/www.wundzentren.de\/#website"},"primaryImageOfPage":{"@id":"https:\/\/www.wundzentren.de\/2025\/05\/14\/15-jahre-wz-wundzentrum-muenchen-sued\/#primaryimage"},"image":{"@id":"https:\/\/www.wundzentren.de\/2025\/05\/14\/15-jahre-wz-wundzentrum-muenchen-sued\/#primaryimage"},"thumbnailUrl":"https:\/\/www.wundzentren.de\/wp-content\/uploads\/2025\/05\/dok_10_Jahre_MUC-640x427.png","datePublished":"2025-05-14T08:54:03+00:00","dateModified":"2025-11-05T18:55:07+00:00","author":{"@id":"https:\/\/www.wundzentren.de\/#\/schema\/person\/654ba28b48eafa5bca4420e965c120bd"},"breadcrumb":{"@id":"https:\/\/www.wundzentren.de\/2025\/05\/14\/15-jahre-wz-wundzentrum-muenchen-sued\/#breadcrumb"},"inLanguage":"en-GB","potentialAction":[{"@type":"ReadAction","target":["https:\/\/www.wundzentren.de\/2025\/05\/14\/15-jahre-wz-wundzentrum-muenchen-sued\/"]}]},{"@type":"ImageObject","inLanguage":"en-GB","@id":"https:\/\/www.wundzentren.de\/2025\/05\/14\/15-jahre-wz-wundzentrum-muenchen-sued\/#primaryimage","url":"https:\/\/www.wundzentren.de\/wp-content\/uploads\/2025\/05\/dok_10_Jahre_MUC-640x427.png","contentUrl":"https:\/\/www.wundzentren.de\/wp-content\/uploads\/2025\/05\/dok_10_Jahre_MUC-640x427.png"},{"@type":"BreadcrumbList","@id":"https:\/\/www.wundzentren.de\/2025\/05\/14\/15-jahre-wz-wundzentrum-muenchen-sued\/#breadcrumb","itemListElement":[{"@type":"ListItem","position":1,"name":"Startseite","item":"https:\/\/www.wundzentren.de\/"},{"@type":"ListItem","position":2,"name":"15 Jahre WZ-WundZentrum M\u00fcnchen S\u00fcd"}]},{"@type":"WebSite","@id":"https:\/\/www.wundzentren.de\/#website","url":"https:\/\/www.wundzentren.de\/","name":"WZ-WundZentren: Ihr Spezialist f\u00fcr die Behandlung von chronischen und schwer heilenden Wunden","description":"","potentialAction":[{"@type":"SearchAction","target":{"@type":"EntryPoint","urlTemplate":"https:\/\/www.wundzentren.de\/?s={search_term_string}"},"query-input":{"@type":"PropertyValueSpecification","valueRequired":true,"valueName":"search_term_string"}}],"inLanguage":"en-GB"},{"@type":"Person","@id":"https:\/\/www.wundzentren.de\/#\/schema\/person\/654ba28b48eafa5bca4420e965c120bd","name":"Edna Frenthoff","image":{"@type":"ImageObject","inLanguage":"en-GB","@id":"https:\/\/www.wundzentren.de\/#\/schema\/person\/image\/","url":"https:\/\/secure.gravatar.com\/avatar\/8fcdcbaf7716ad2a00baa06517e80432c069b10e94950339fdc452eb633f3f59?s=96&d=mm&r=g","contentUrl":"https:\/\/secure.gravatar.com\/avatar\/8fcdcbaf7716ad2a00baa06517e80432c069b10e94950339fdc452eb633f3f59?s=96&d=mm&r=g","caption":"Edna Frenthoff"},"url":"https:\/\/www.wundzentren.de\/en\/author\/edna-frenthoff\/"}]}},"rttpg_featured_image_url":null,"rttpg_author":{"display_name":"Edna Frenthoff","author_link":"https:\/\/www.wundzentren.de\/en\/author\/edna-frenthoff\/"},"rttpg_comment":0,"rttpg_category":"<a href=\"https:\/\/www.wundzentren.de\/en\/category\/allgemein\/\" rel=\"category tag\">Allgemein<\/a>","rttpg_excerpt":"Unternehmen &amp; Leistungen Wundlexikon Standorte Jobs &#038;amp Karriere Neuigkeiten &amp;Presse Men\u00fc Neuigkeiten &#038; Presse Presse &#038; Aktuelles Messen &#8211; Veranstaltungen Presse-Fotos Ansprechpartner 14. Mai 2025 15 Jahre WZ-WundZentrum M\u00fcnchen S\u00fcd Download Pressemitteilung (PDF 328 KB) D\u00fcsseldorf\/M\u00fcnchen, 14.05.2025. Seit dem 01. Mai 2010 bietet das WZ-WundZentrum M\u00fcnchen S\u00fcd \u2013 zentral gelegen am Giesinger Bahnhof \u2013 Menschen...","_links":{"self":[{"href":"https:\/\/www.wundzentren.de\/en\/wp-json\/wp\/v2\/posts\/11816","targetHints":{"allow":["GET"]}}],"collection":[{"href":"https:\/\/www.wundzentren.de\/en\/wp-json\/wp\/v2\/posts"}],"about":[{"href":"https:\/\/www.wundzentren.de\/en\/wp-json\/wp\/v2\/types\/post"}],"author":[{"embeddable":true,"href":"https:\/\/www.wundzentren.de\/en\/wp-json\/wp\/v2\/users\/3"}],"replies":[{"embeddable":true,"href":"https:\/\/www.wundzentren.de\/en\/wp-json\/wp\/v2\/comments?post=11816"}],"version-history":[{"count":7,"href":"https:\/\/www.wundzentren.de\/en\/wp-json\/wp\/v2\/posts\/11816\/revisions"}],"predecessor-version":[{"id":11825,"href":"https:\/\/www.wundzentren.de\/en\/wp-json\/wp\/v2\/posts\/11816\/revisions\/11825"}],"wp:attachment":[{"href":"https:\/\/www.wundzentren.de\/en\/wp-json\/wp\/v2\/media?parent=11816"}],"wp:term":[{"taxonomy":"category","embeddable":true,"href":"https:\/\/www.wundzentren.de\/en\/wp-json\/wp\/v2\/categories?post=11816"},{"taxonomy":"post_tag","embeddable":true,"href":"https:\/\/www.wundzentren.de\/en\/wp-json\/wp\/v2\/tags?post=11816"}],"curies":[{"name":"wp","href":"https:\/\/api.w.org\/{rel}","templated":true}]}}