{"id":11419,"date":"2024-12-30T19:38:48","date_gmt":"2024-12-30T18:38:48","guid":{"rendered":"https:\/\/www.wundzentren.de\/?p=11419"},"modified":"2025-11-05T19:55:07","modified_gmt":"2025-11-05T18:55:07","slug":"wz-wundzentrum-schramberg-als-vertragspartner-der-aok-baden-wuerttemberg","status":"publish","type":"post","link":"https:\/\/www.wundzentren.de\/en\/2024\/12\/30\/wz-wundzentrum-schramberg-als-vertragspartner-der-aok-baden-wuerttemberg\/","title":{"rendered":"WZ-WundZentrum Schramberg als Vertragspartner der AOK-Baden-W\u00fcrttemberg"},"content":{"rendered":"<div data-elementor-type=\"wp-post\" data-elementor-id=\"11419\" class=\"elementor elementor-11419\">\n\t\t\t\t<div class=\"elementor-element elementor-element-eea9acb e-con-full e-flex e-con e-child\" data-id=\"eea9acb\" data-element_type=\"container\" data-settings=\"{&quot;background_background&quot;:&quot;slideshow&quot;,&quot;background_slideshow_gallery&quot;:[{&quot;id&quot;:12,&quot;url&quot;:&quot;https:\\\/\\\/wz.wz-medcubes.de\\\/wp-content\\\/uploads\\\/2024\\\/02\\\/img-headerbild-wundbehandlung-1.jpg&quot;}],&quot;background_slideshow_transition_duration&quot;:20,&quot;background_slideshow_loop&quot;:&quot;yes&quot;,&quot;background_slideshow_slide_duration&quot;:5000,&quot;background_slideshow_slide_transition&quot;:&quot;fade&quot;}\">\n\t\t<div class=\"elementor-element elementor-element-62f1087 e-con-full e-flex e-con e-child\" data-id=\"62f1087\" data-element_type=\"container\" data-settings=\"{&quot;background_background&quot;:&quot;slideshow&quot;,&quot;background_slideshow_gallery&quot;:[],&quot;background_slideshow_loop&quot;:&quot;yes&quot;,&quot;background_slideshow_slide_duration&quot;:5000,&quot;background_slideshow_slide_transition&quot;:&quot;fade&quot;,&quot;background_slideshow_transition_duration&quot;:500}\">\n\t\t<div class=\"elementor-element elementor-element-2944314 e-con-full e-flex e-con e-child\" data-id=\"2944314\" data-element_type=\"container\">\n\t\t<a class=\"elementor-element elementor-element-1cc130a landing-nav-tab-hover e-flex e-con-boxed e-con e-child\" data-id=\"1cc130a\" data-element_type=\"container\" data-settings=\"{&quot;background_background&quot;:&quot;classic&quot;}\" href=\"\/wordpress\/unternehmen-leistungen\/\">\n\t\t\t\t\t<div class=\"e-con-inner\">\n\t\t\t\t<div class=\"elementor-element elementor-element-7a57ca9 landing-nav-tab-title elementor-widget elementor-widget-heading\" data-id=\"7a57ca9\" data-element_type=\"widget\" data-widget_type=\"heading.default\">\n\t\t\t\t<div class=\"elementor-widget-container\">\n\t\t\t<style>\/*! elementor - v3.21.0 - 26-05-2024 *\/\n.elementor-heading-title{padding:0;margin:0;line-height:1}.elementor-widget-heading .elementor-heading-title[class*=elementor-size-]>a{color:inherit;font-size:inherit;line-height:inherit}.elementor-widget-heading .elementor-heading-title.elementor-size-small{font-size:15px}.elementor-widget-heading .elementor-heading-title.elementor-size-medium{font-size:19px}.elementor-widget-heading .elementor-heading-title.elementor-size-large{font-size:29px}.elementor-widget-heading .elementor-heading-title.elementor-size-xl{font-size:39px}.elementor-widget-heading .elementor-heading-title.elementor-size-xxl{font-size:59px}<\/style><h2 class=\"elementor-heading-title elementor-size-default\">Company &amp; <br>Services<\/h2>\t\t<\/div>\n\t\t\t\t<\/div>\n\t\t\t\t\t<\/div>\n\t\t\t\t<\/a>\n\t\t\t\t<\/div>\n\t\t<div class=\"elementor-element elementor-element-140254e e-con-full e-flex e-con e-child\" data-id=\"140254e\" data-element_type=\"container\">\n\t\t<a class=\"elementor-element elementor-element-3e11baa landing-nav-tab-hover e-flex e-con-boxed e-con e-child\" data-id=\"3e11baa\" data-element_type=\"container\" data-settings=\"{&quot;background_background&quot;:&quot;classic&quot;}\" href=\"\/wordpress\/wundlexikon\/\">\n\t\t\t\t\t<div class=\"e-con-inner\">\n\t\t\t\t<div class=\"elementor-element elementor-element-60cfd29 landing-nav-tab-title elementor-widget elementor-widget-heading\" data-id=\"60cfd29\" data-element_type=\"widget\" data-widget_type=\"heading.default\">\n\t\t\t\t<div class=\"elementor-widget-container\">\n\t\t\t<h2 class=\"elementor-heading-title elementor-size-default\">Wound dictionary<\/h2>\t\t<\/div>\n\t\t\t\t<\/div>\n\t\t\t\t\t<\/div>\n\t\t\t\t<\/a>\n\t\t\t\t<\/div>\n\t\t<div class=\"elementor-element elementor-element-8349d7b e-con-full e-flex e-con e-child\" data-id=\"8349d7b\" data-element_type=\"container\">\n\t\t<a class=\"elementor-element elementor-element-c6d0c44 landing-nav-tab-hover e-flex e-con-boxed e-con e-child\" data-id=\"c6d0c44\" data-element_type=\"container\" data-settings=\"{&quot;background_background&quot;:&quot;classic&quot;}\" href=\"\/wordpress\/standorte\/\">\n\t\t\t\t\t<div class=\"e-con-inner\">\n\t\t\t\t<div class=\"elementor-element elementor-element-2dd4cad landing-nav-tab-title elementor-widget elementor-widget-heading\" data-id=\"2dd4cad\" data-element_type=\"widget\" data-widget_type=\"heading.default\">\n\t\t\t\t<div class=\"elementor-widget-container\">\n\t\t\t<h2 class=\"elementor-heading-title elementor-size-default\">Locations<\/h2>\t\t<\/div>\n\t\t\t\t<\/div>\n\t\t\t\t\t<\/div>\n\t\t\t\t<\/a>\n\t\t\t\t<\/div>\n\t\t<div class=\"elementor-element elementor-element-0d84edc e-con-full e-flex e-con e-child\" data-id=\"0d84edc\" data-element_type=\"container\">\n\t\t<a class=\"elementor-element elementor-element-3ada4a3 landing-nav-tab-hover e-flex e-con-boxed e-con e-child\" data-id=\"3ada4a3\" data-element_type=\"container\" data-settings=\"{&quot;background_background&quot;:&quot;classic&quot;}\" href=\"\/wordpress\/karriere\/\">\n\t\t\t\t\t<div class=\"e-con-inner\">\n\t\t\t\t<div class=\"elementor-element elementor-element-699988b landing-nav-tab-title elementor-widget elementor-widget-heading\" data-id=\"699988b\" data-element_type=\"widget\" data-widget_type=\"heading.default\">\n\t\t\t\t<div class=\"elementor-widget-container\">\n\t\t\t<h2 class=\"elementor-heading-title elementor-size-default\">Jobs and career<\/h2>\t\t<\/div>\n\t\t\t\t<\/div>\n\t\t\t\t\t<\/div>\n\t\t\t\t<\/a>\n\t\t\t\t<\/div>\n\t\t<div class=\"elementor-element elementor-element-d3f15f0 e-con-full e-flex e-con e-child\" data-id=\"d3f15f0\" data-element_type=\"container\">\n\t\t<a class=\"elementor-element elementor-element-f5194e9 landing-nav-tab-hover e-flex e-con-boxed e-con e-child\" data-id=\"f5194e9\" data-element_type=\"container\" data-settings=\"{&quot;background_background&quot;:&quot;classic&quot;}\" href=\"\/wordpress\/presse\/\">\n\t\t\t\t\t<div class=\"e-con-inner\">\n\t\t\t\t<div class=\"elementor-element elementor-element-74332ea landing-nav-tab-title elementor-widget elementor-widget-heading\" data-id=\"74332ea\" data-element_type=\"widget\" data-widget_type=\"heading.default\">\n\t\t\t\t<div class=\"elementor-widget-container\">\n\t\t\t<h2 class=\"elementor-heading-title elementor-size-default\">News &amp;<br>Press<\/h2>\t\t<\/div>\n\t\t\t\t<\/div>\n\t\t\t\t\t<\/div>\n\t\t\t\t<\/a>\n\t\t\t\t<\/div>\n\t\t\t\t<\/div>\n\t\t\t\t<div class=\"elementor-element elementor-element-731e81e hfe-submenu-icon-plus hfe-nav-menu__breakpoint-none elementor-widget__width-initial hfe-link-redirect-self_link start-menu-active elementor-absolute hfe-nav-menu__align-left elementor-widget elementor-widget-navigation-menu\" data-id=\"731e81e\" data-element_type=\"widget\" data-settings=\"{&quot;toggle_size&quot;:{&quot;unit&quot;:&quot;px&quot;,&quot;size&quot;:40,&quot;sizes&quot;:[]},&quot;toggle_border_width&quot;:{&quot;unit&quot;:&quot;px&quot;,&quot;size&quot;:0,&quot;sizes&quot;:[]},&quot;_position&quot;:&quot;absolute&quot;,&quot;padding_horizontal_menu_item&quot;:{&quot;unit&quot;:&quot;px&quot;,&quot;size&quot;:15,&quot;sizes&quot;:[]},&quot;padding_horizontal_menu_item_tablet&quot;:{&quot;unit&quot;:&quot;px&quot;,&quot;size&quot;:&quot;&quot;,&quot;sizes&quot;:[]},&quot;padding_horizontal_menu_item_mobile&quot;:{&quot;unit&quot;:&quot;px&quot;,&quot;size&quot;:&quot;&quot;,&quot;sizes&quot;:[]},&quot;padding_vertical_menu_item&quot;:{&quot;unit&quot;:&quot;px&quot;,&quot;size&quot;:15,&quot;sizes&quot;:[]},&quot;padding_vertical_menu_item_tablet&quot;:{&quot;unit&quot;:&quot;px&quot;,&quot;size&quot;:&quot;&quot;,&quot;sizes&quot;:[]},&quot;padding_vertical_menu_item_mobile&quot;:{&quot;unit&quot;:&quot;px&quot;,&quot;size&quot;:&quot;&quot;,&quot;sizes&quot;:[]},&quot;menu_space_between&quot;:{&quot;unit&quot;:&quot;px&quot;,&quot;size&quot;:&quot;&quot;,&quot;sizes&quot;:[]},&quot;menu_space_between_tablet&quot;:{&quot;unit&quot;:&quot;px&quot;,&quot;size&quot;:&quot;&quot;,&quot;sizes&quot;:[]},&quot;menu_space_between_mobile&quot;:{&quot;unit&quot;:&quot;px&quot;,&quot;size&quot;:&quot;&quot;,&quot;sizes&quot;:[]},&quot;dropdown_border_radius&quot;:{&quot;unit&quot;:&quot;px&quot;,&quot;top&quot;:&quot;&quot;,&quot;right&quot;:&quot;&quot;,&quot;bottom&quot;:&quot;&quot;,&quot;left&quot;:&quot;&quot;,&quot;isLinked&quot;:true},&quot;dropdown_border_radius_tablet&quot;:{&quot;unit&quot;:&quot;px&quot;,&quot;top&quot;:&quot;&quot;,&quot;right&quot;:&quot;&quot;,&quot;bottom&quot;:&quot;&quot;,&quot;left&quot;:&quot;&quot;,&quot;isLinked&quot;:true},&quot;dropdown_border_radius_mobile&quot;:{&quot;unit&quot;:&quot;px&quot;,&quot;top&quot;:&quot;&quot;,&quot;right&quot;:&quot;&quot;,&quot;bottom&quot;:&quot;&quot;,&quot;left&quot;:&quot;&quot;,&quot;isLinked&quot;:true},&quot;padding_horizontal_dropdown_item&quot;:{&quot;unit&quot;:&quot;px&quot;,&quot;size&quot;:&quot;&quot;,&quot;sizes&quot;:[]},&quot;padding_horizontal_dropdown_item_tablet&quot;:{&quot;unit&quot;:&quot;px&quot;,&quot;size&quot;:&quot;&quot;,&quot;sizes&quot;:[]},&quot;padding_horizontal_dropdown_item_mobile&quot;:{&quot;unit&quot;:&quot;px&quot;,&quot;size&quot;:&quot;&quot;,&quot;sizes&quot;:[]},&quot;padding_vertical_dropdown_item&quot;:{&quot;unit&quot;:&quot;px&quot;,&quot;size&quot;:15,&quot;sizes&quot;:[]},&quot;padding_vertical_dropdown_item_tablet&quot;:{&quot;unit&quot;:&quot;px&quot;,&quot;size&quot;:&quot;&quot;,&quot;sizes&quot;:[]},&quot;padding_vertical_dropdown_item_mobile&quot;:{&quot;unit&quot;:&quot;px&quot;,&quot;size&quot;:&quot;&quot;,&quot;sizes&quot;:[]},&quot;distance_from_menu&quot;:{&quot;unit&quot;:&quot;px&quot;,&quot;size&quot;:&quot;&quot;,&quot;sizes&quot;:[]},&quot;distance_from_menu_tablet&quot;:{&quot;unit&quot;:&quot;px&quot;,&quot;size&quot;:&quot;&quot;,&quot;sizes&quot;:[]},&quot;distance_from_menu_mobile&quot;:{&quot;unit&quot;:&quot;px&quot;,&quot;size&quot;:&quot;&quot;,&quot;sizes&quot;:[]},&quot;toggle_size_tablet&quot;:{&quot;unit&quot;:&quot;px&quot;,&quot;size&quot;:&quot;&quot;,&quot;sizes&quot;:[]},&quot;toggle_size_mobile&quot;:{&quot;unit&quot;:&quot;px&quot;,&quot;size&quot;:&quot;&quot;,&quot;sizes&quot;:[]},&quot;toggle_border_width_tablet&quot;:{&quot;unit&quot;:&quot;px&quot;,&quot;size&quot;:&quot;&quot;,&quot;sizes&quot;:[]},&quot;toggle_border_width_mobile&quot;:{&quot;unit&quot;:&quot;px&quot;,&quot;size&quot;:&quot;&quot;,&quot;sizes&quot;:[]},&quot;toggle_border_radius&quot;:{&quot;unit&quot;:&quot;px&quot;,&quot;size&quot;:&quot;&quot;,&quot;sizes&quot;:[]},&quot;toggle_border_radius_tablet&quot;:{&quot;unit&quot;:&quot;px&quot;,&quot;size&quot;:&quot;&quot;,&quot;sizes&quot;:[]},&quot;toggle_border_radius_mobile&quot;:{&quot;unit&quot;:&quot;px&quot;,&quot;size&quot;:&quot;&quot;,&quot;sizes&quot;:[]}}\" data-widget_type=\"navigation-menu.default\">\n\t\t\t\t<div class=\"elementor-widget-container\">\n\t\t\t\t\t\t<div class=\"hfe-nav-menu hfe-layout-vertical hfe-nav-menu-layout vertical\" data-layout=\"vertical\">\n\t\t\t\t<div role=\"button\" class=\"hfe-nav-menu__toggle elementor-clickable\">\n\t\t\t\t\t<span class=\"screen-reader-text\">Menu<\/span>\n\t\t\t\t\t<div class=\"hfe-nav-menu-icon\">\n\t\t\t\t\t\t\t\t\t\t\t<\/div>\n\t\t\t\t<\/div>\n\t\t\t\t<nav itemscope=\"itemscope\" itemtype=\"https:\/\/schema.org\/SiteNavigationElement\" class=\"hfe-nav-menu__layout-vertical hfe-nav-menu__submenu-plus\" data-toggle-icon=\"\" data-close-icon=\"\" data-full-width=\"\">\n\t\t\t\t\t<ul id=\"menu-1-731e81e\" class=\"hfe-nav-menu\"><li id=\"menu-item-5347\" itemprop=\"name\" class=\"menu-item menu-item-type-post_type menu-item-object-page parent hfe-creative-menu\"><a href=\"https:\/\/www.wundzentren.de\/en\/presse\/\" itemprop=\"url\" class = \"hfe-menu-item\">News &amp; Press<\/a><\/li>\n<li id=\"menu-item-5342\" itemprop=\"name\" class=\"menu-item menu-item-type-post_type menu-item-object-page parent hfe-creative-menu\"><a href=\"https:\/\/www.wundzentren.de\/en\/presse\/pressemitteilungen\/\" itemprop=\"url\" class = \"hfe-menu-item\">Press &amp; News<\/a><\/li>\n<li id=\"menu-item-5341\" itemprop=\"name\" class=\"menu-item menu-item-type-post_type menu-item-object-page parent hfe-creative-menu\"><a href=\"https:\/\/www.wundzentren.de\/en\/presse\/messen-veranstaltungen\/\" itemprop=\"url\" class = \"hfe-menu-item\">Trade fairs &amp; Events<\/a><\/li>\n<li id=\"menu-item-5340\" itemprop=\"name\" class=\"menu-item menu-item-type-post_type menu-item-object-page parent hfe-creative-menu\"><a href=\"https:\/\/www.wundzentren.de\/en\/presse\/pressefotos\/\" itemprop=\"url\" class = \"hfe-menu-item\">Press photos<\/a><\/li>\n<li id=\"menu-item-5339\" itemprop=\"name\" class=\"menu-item menu-item-type-post_type menu-item-object-page parent hfe-creative-menu\"><a href=\"https:\/\/www.wundzentren.de\/en\/presse\/ansprechpartner\/\" itemprop=\"url\" class = \"hfe-menu-item\">Contact<\/a><\/li>\n<\/ul> \n\t\t\t\t<\/nav>\n\t\t\t<\/div>\n\t\t\t\t\t<\/div>\n\t\t\t\t<\/div>\n\t\t\t\t<\/div>\n\t\t<div class=\"elementor-element elementor-element-b582105 e-flex e-con-boxed e-con e-parent\" data-id=\"b582105\" data-element_type=\"container\">\n\t\t\t\t\t<div class=\"e-con-inner\">\n\t\t<div class=\"elementor-element elementor-element-0f836ae e-con-full e-flex e-con e-child\" data-id=\"0f836ae\" data-element_type=\"container\">\n\t\t\t\t<div class=\"elementor-element elementor-element-7524839 elementor-widget elementor-widget-image\" data-id=\"7524839\" data-element_type=\"widget\" data-widget_type=\"image.default\">\n\t\t\t\t<div class=\"elementor-widget-container\">\n\t\t\t<style>\/*! elementor - v3.21.0 - 26-05-2024 *\/\n.elementor-widget-image{text-align:center}.elementor-widget-image a{display:inline-block}.elementor-widget-image a img[src$=\".svg\"]{width:48px}.elementor-widget-image img{vertical-align:middle;display:inline-block}<\/style>\t\t\t\t\t\t\t\t\t\t<img fetchpriority=\"high\" decoding=\"async\" width=\"640\" height=\"480\" src=\"https:\/\/www.wundzentren.de\/wp-content\/uploads\/2024\/12\/dok_Team_Schramberg_Kleiner-640x480.jpg\" class=\"attachment-medium size-medium wp-image-11416\" alt=\"AOK zu Besuch im WZ-WundZentrum Schramberg\" \/>\t\t\t\t\t\t\t\t\t\t\t\t\t<\/div>\n\t\t\t\t<\/div>\n\t\t\t\t<div class=\"elementor-element elementor-element-8c70b7e elementor-widget elementor-widget-heading\" data-id=\"8c70b7e\" data-element_type=\"widget\" data-widget_type=\"heading.default\">\n\t\t\t\t<div class=\"elementor-widget-container\">\n\t\t\t<h2 class=\"elementor-heading-title elementor-size-default\"><dl style=\"-webkit-tap-highlight-color: transparent; box-sizing: inherit; margin-bottom: 10px; font-size: 0.75rem; color: rgb(77, 77, 77); opacity: 0.7; text-transform: uppercase; font-family: Barlow-Medium, Helvetica, Arial, Lucida; white-space-collapse: collapse;\"><dd style=\"-webkit-tap-highlight-color: transparent; box-sizing: inherit; margin-bottom: 0px; margin-left: 0px;\"><time datetime=\"03.08.2023\" style=\"-webkit-tap-highlight-color: transparent; box-sizing: inherit;\">20. Dezember 2024<\/time><\/dd><\/dl><\/h2>\t\t<\/div>\n\t\t\t\t<\/div>\n\t\t\t\t<div class=\"elementor-element elementor-element-5ff4e74 elementor-widget elementor-widget-heading\" data-id=\"5ff4e74\" data-element_type=\"widget\" data-widget_type=\"heading.default\">\n\t\t\t\t<div class=\"elementor-widget-container\">\n\t\t\t<h1 class=\"elementor-heading-title elementor-size-default\"><span style=\"font-size: 33.3333px; font-family: Barlow, Helvetica, Arial, sans-serif;\"><b>First specialized outpatient facilities nationwide, as a contractual partner of AOK-Baden-W\u00fcrttemberg.<\/b><\/span><\/h1>\t\t<\/div>\n\t\t\t\t<\/div>\n\t\t\t\t<div class=\"elementor-element elementor-element-890034b elementor-widget elementor-widget-text-editor\" data-id=\"890034b\" data-element_type=\"widget\" data-widget_type=\"text-editor.default\">\n\t\t\t\t<div class=\"elementor-widget-container\">\n\t\t\t<style>\/*! elementor - v3.21.0 - 26-05-2024 *\/\n.elementor-widget-text-editor.elementor-drop-cap-view-stacked .elementor-drop-cap{background-color:#69727d;color:#fff}.elementor-widget-text-editor.elementor-drop-cap-view-framed .elementor-drop-cap{color:#69727d;border:3px solid;background-color:transparent}.elementor-widget-text-editor:not(.elementor-drop-cap-view-default) .elementor-drop-cap{margin-top:8px}.elementor-widget-text-editor:not(.elementor-drop-cap-view-default) .elementor-drop-cap-letter{width:1em;height:1em}.elementor-widget-text-editor .elementor-drop-cap{float:left;text-align:center;line-height:1;font-size:50px}.elementor-widget-text-editor .elementor-drop-cap-letter{display:inline-block}<\/style>\t\t\t\t<div style=\"-webkit-tap-highlight-color: transparent; box-sizing: inherit; position: relative; width: 840px; padding-right: 20px; padding-left: 20px;\">\n<div style=\"-webkit-tap-highlight-color: transparent; box-sizing: inherit; counter-reset: section 0; width: 800px; color: #777777; font-size: 1.15rem; line-height: 1.625rem; font-family: Barlow, Helvetica, Arial, Lucida, sans-serif;\">\n<p style=\"font-size: 1.15rem; color: #777777; line-height: 1.625rem; font-weight: 400; margin-bottom: 15px;\"><a style=\"box-sizing: inherit; transition-property: all; color: #8cb8c6; font-size: 18.4px; -webkit-tap-highlight-color: transparent; font-weight: 600;\" href=\"https:\/\/www.wundzentren.de\/wp-content\/uploads\/2024\/12\/PM_Besuch_AOK-BaWue-WZ-Schramberg_20241219.pdf\" target=\"_blank\" rel=\"noopener\">Download Pressemitteilung (PDF 328 KB)<\/a><i><\/i><\/p>\n<p style=\"font-size: 1.15rem; color: #777777; line-height: 1.625rem; margin-bottom: 15px;\"><span style=\"font-weight: 400;\"><i>D\u00fcsseldorf\/Schramberg, 20.12.2024<\/i>. <\/span>In Baden-W\u00fcrttemberg haben Versicherte mit chronischen und schwer heilenden Wunden in Schramberg und an drei weiteren Standorten in Baden-W\u00fcrttemberg (Freiburg, Heidelberg und Ulm) die M\u00f6glichkeit, eine spezialisierte, ambulante Einrichtung f\u00fcr die Behandlung nach den Richtlinien der h\u00e4uslichen Krankenpflege (HKP-Richtlinie) in Anspruch zu nehmen. Das WZ-WundZentrum Schramberg bietet sich hierf\u00fcr als erfahrene und kompetente Pflegeinrichtung an. Am 19. Dezember 2024 durften wir Vertreter der AOK-Baden-W\u00fcrttemberg in unserem WZ-WundZentrum Schramberg begr\u00fc\u00dfen.<\/p>\n<\/div>\n<\/div>\n<section style=\"-webkit-tap-highlight-color: transparent; box-sizing: inherit; width: 840px;\">\n<div style=\"-webkit-tap-highlight-color: transparent; box-sizing: inherit; counter-reset: section 0; padding-right: 20px; padding-left: 20px; width: 840px; color: #777777; font-family: Barlow, Helvetica, Arial, Lucida, sans-serif;\">\n<p style=\"-webkit-tap-highlight-color: transparent; box-sizing: inherit; font-weight: 400; margin-bottom: 15px; font-size: 1.15rem; line-height: 1.625rem;\">Anl\u00e4sslich des Termins begr\u00fc\u00dfte Silja W\u00f6hrstein, Leitung des WZ-WundZentrums Schramberg, gemeinsam mit ihrem Team die G\u00e4ste. Mit dabei waren Daniela Bopp, Gesch\u00e4ftsf\u00fchrerin, und Ren\u00e9 Werl\u00e9, Betriebsleiter der WZ-WundZentren GmbH. Von der AOK Schwarzwald-Baar-Heuberg nahmen Barbara Neff, stellvertretende Gesch\u00e4ftsf\u00fchrerin , sowie Verina Nietzer, Fachkraft, Wundexpertin und Casemanagerin f\u00fcr das WundZentrum Schramberg, teil. Erg\u00e4nzt wurde die Gruppe durch drei weitere Fachexperten der AOK. Gemeinsam pr\u00e4sentierten sie den G\u00e4sten und Pressevertretern die Praxisarbeit und Behandlungserfolge der spezialisierten Pflegefachpersonen, welche in enger Zusammenarbeit mit Haus- und Fach\u00e4rzten und anderen Gesundheitsdienstleistern hervorragende Behandlungserfolge verzeichnen.<\/p>\n<h3 style=\"-webkit-tap-highlight-color: transparent; box-sizing: inherit; margin-bottom: 15px; font-size: 1.15rem; line-height: 1.625rem;\">Spezialisierte Wundversorgung: Eine gro\u00dfe Herausforderung<\/h3>\n<p style=\"-webkit-tap-highlight-color: transparent; box-sizing: inherit; font-weight: 400; margin-bottom: 15px; font-size: 1.15rem; line-height: 1.625rem;\">In Deutschland leiden mehr als zwei Millionen Menschen an chronischen und schwer heilenden Wunden. Diese erfordern eine umfassende, interdisziplin\u00e4re Betreuung durch ein Netzwerk aus \u00c4rzten, Pflegefachpersonen und weiteren Gesundheitsdienstleistern.<\/p>\n<p style=\"-webkit-tap-highlight-color: transparent; box-sizing: inherit; font-weight: 400; margin-bottom: 15px; font-size: 1.15rem; line-height: 1.625rem;\">\u201eWir sch\u00e4tzen die Zusammenarbeit mit der AOK-Baden-W\u00fcrttemberg seit Jahren und sind beeindruckt, wie konsequent und partnerschaftlich der Vertrag gelebt wird. Dies ist ein entscheidender Mehrwert f\u00fcr die Betroffenen, so Daniela Bopp. \u201eUnser Ziel ist es, die Betroffenen durch eine individuell abgestimmte Behandlung bestm\u00f6glich zu unterst\u00fctzen und die Lebensqualit\u00e4t nachhaltig zu verbessern.\u201c<\/p>\n<p style=\"-webkit-tap-highlight-color: transparent; box-sizing: inherit; font-weight: 400; margin-bottom: 15px; font-size: 1.15rem; line-height: 1.625rem;\">Die Versorgung in den WZ-WundZentren legt den Fokus auf die fachpflegerische Behandlung und Anleitung der Betroffenen samt Angeh\u00f6rigen. Als Bindeglied im Versorgungsnetzwerk ambulant und station\u00e4r t\u00e4tiger Einrichtungen sowie der haus- und fach\u00e4rztlichen Betreuung stehen die Bed\u00fcrfnisse und die Lebensqualit\u00e4t der Patienten im Mittelpunkt.<\/p>\n<p style=\"-webkit-tap-highlight-color: transparent; box-sizing: inherit; font-weight: 400; margin-bottom: 15px; font-size: 1.15rem; line-height: 1.625rem;\"><span style=\"font-size: 1.15rem; text-align: var(--text-align);\">Durch die zuletzt 2019 vom Gesetzgeber erh\u00f6hten Qualit\u00e4tsanforderungen an die Behandlung chronischer und schwer heilender Wunden k\u00f6nnen sich die WZ-WundZentren als starke Partner der AOK Baden-W\u00fcrttemberg und weiterer Krankenkassen positionieren. Sie stellen damit ihre mehr als 16-j\u00e4hrige Kompetenz in diesem Bereich unter Beweis. Hervorragende Behandlungsergebnisse f\u00fchren zu einer signifikanten Verk\u00fcrzung des oft langen Leidenswegs sowie zu einer meist unmittelbaren und deutlichen Reduktion von Schmerzen und Lebenseinschr\u00e4nkungen.<\/span><\/p>\n<h3 style=\"-webkit-tap-highlight-color: transparent; box-sizing: inherit; margin-bottom: 15px; font-size: 1.15rem; line-height: 1.625rem;\"><b>Ein starkes Netzwerk f\u00fcr Betroffene&nbsp;<\/b><\/h3>\n<p style=\"-webkit-tap-highlight-color: transparent; box-sizing: inherit; font-weight: 400; margin-bottom: 15px; font-size: 1.15rem; line-height: 1.625rem;\">Nicht nur der Standort in Schramberg, sondern auch alle weiteren Standorte der WZ-WundZentren GmbH sind Vertragspartner der AOK-Baden-W\u00fcrttemberg und anderer Krankenkassen. Diese Kooperation stellt eine hochwertige und fl\u00e4chendeckende Versorgung auch in vier weiteren Bundesl\u00e4ndern sicher.<\/p>\n<p style=\"-webkit-tap-highlight-color: transparent; box-sizing: inherit; font-weight: 400; margin-bottom: 15px; font-size: 1.15rem; line-height: 1.625rem;\">Ziel der Behandlung ist ein schnelles Abheilen der Wunden und ein beschwerdefreies Leben f\u00fcr die Betroffenen. Jede Wunde ist anders, daher ist jede Therapie individuell abgestimmt.<\/p>\n<p style=\"-webkit-tap-highlight-color: transparent; box-sizing: inherit; font-weight: 400; margin-bottom: 15px; font-size: 1.15rem; line-height: 1.625rem;\">Weitere Informationen zu Leistungen und Kontaktm\u00f6glichkeiten f\u00fcr die Terminvereinbarung am Standort Schramberg finden Sie unter&nbsp;<a href=\"https:\/\/www.wundzentren.de\/schramberg\/\" target=\"_blank\">https:\/\/www.wundzentren.de\/schramberg<\/a>&nbsp;oder telefonisch unter 07422 \u2013 561 470 0.<\/p>\n<p style=\"-webkit-tap-highlight-color: transparent; box-sizing: inherit; margin-bottom: 15px; font-size: 1.15rem; line-height: 1.625rem;\">Zum Besuch wurde auch ein Artikel in der Neuen Rottweiler Zeitung (NRWZ) ver\u00f6ffentlicht. Den Artikel k\u00f6nnen Sie unter folgendem Link nachlesen: <a href=\"https:\/\/www.nrwz.de\/schramberg\/wundzentrum-schramberg-einmalige-einrichtung-in-der-region\/500351?td_tc_9050=495375\" target=\"_blank\" rel=\"noopener\"><b>Link zum Artikel.<\/b><\/a><\/p>\n<\/div>\n<\/section>\t\t\t\t\t\t<\/div>\n\t\t\t\t<\/div>\n\t\t<div class=\"elementor-element elementor-element-e45526d e-flex e-con-boxed e-con e-child\" data-id=\"e45526d\" data-element_type=\"container\">\n\t\t\t\t\t<div class=\"e-con-inner\">\n\t\t<div class=\"elementor-element elementor-element-fce0f45 e-con-full e-flex e-con e-child\" data-id=\"fce0f45\" data-element_type=\"container\">\n\t\t\t\t<div class=\"elementor-element elementor-element-71186e0 elementor-widget__width-inherit elementor-widget elementor-widget-text-editor\" data-id=\"71186e0\" data-element_type=\"widget\" data-widget_type=\"text-editor.default\">\n\t\t\t\t<div class=\"elementor-widget-container\">\n\t\t\t\t\t\t\t<p><strong>About WCC-WoundCareCenters<\/strong><br \/>Seit 2008 konnten mit dem bew\u00e4hrten Behandlungskonzept der WZ-WundZentren mehr als 50.000 Patienten an aktuell 22 Standorten in Deutschland erfolgreich behandelt werden.\u00a0 Die WZ-WundZentren sind spezialisierte ambulante Einrichtungen mit h\u00f6chsten hygienischen Standards, in denen ausschlie\u00dflich Patienten mit chronischen und schwer heilenden Wunden behandelt werden. WZ-WundZentren sind durch das HHVG (Heil-Hilfsmittel-Versorgungs-Gesetz) als eigenst\u00e4ndiger Leistungserbringer im Sinne des SGB V (Sozialgesetzbuch) definiert. Die Leistungen in den WZ-WundZentren als spezialisierte Einrichtungen, die sich auf die Behandlung von chronischen und schwer heilenden Wunden spezialisiert haben, werden von den Krankenkassen \u00fcber \u00a7 37 Abs. 7 SGB V auf der Grundlage der h\u00e4uslichen Krankenpflege geltend gemacht. Dort arbeiten Pflegefachpersonen, die zus\u00e4tzlich zu ihrer 3-j\u00e4hrigen Ausbildung in der Kranken- oder Altenpflege \u00fcber eine spezialisierte Zusatzqualifikation in der Wundbehandlung verf\u00fcgen.<\/p><p>Die WZ-WundZentren GmbH mit Sitz in D\u00fcsseldorf ist ein Unternehmen der recucare Gruppe.<\/p><p>Weitere Informationen unter:\u00a0<a href=\"https:\/\/www.wundzentren.de\"><strong><span style=\"color: #777777; font-family: Barlow-Medium, Helvetica, Arial, Lucida; font-size: 1.15rem; text-align: var(--text-align);\"> www.wundzentren.de<\/span><\/strong><\/a><\/p>\t\t\t\t\t\t<\/div>\n\t\t\t\t<\/div>\n\t\t\t\t<\/div>\n\t\t\t\t<div class=\"elementor-element elementor-element-59ae599 elementor-widget elementor-widget-text-editor\" data-id=\"59ae599\" data-element_type=\"widget\" data-widget_type=\"text-editor.default\">\n\t\t\t\t<div class=\"elementor-widget-container\">\n\t\t\t\t\t\t\t<div class=\"b-intro is-no-divider\" style=\"-webkit-tap-highlight-color: transparent; box-sizing: inherit; position: relative; width: 840px; padding-right: 20px; padding-left: 20px;\"><div class=\"content b-richtext-content\" style=\"-webkit-tap-highlight-color: transparent; box-sizing: inherit; counter-reset: section 0; width: 800px; color: #777777; font-size: 1.25rem; line-height: 1.6875rem;\"><p style=\"-webkit-tap-highlight-color: transparent; box-sizing: inherit; margin-bottom: 15px; font-size: 1.15rem; line-height: 1.625rem; font-family: Barlow-Medium, Helvetica, Arial, Lucida;\"><span style=\"-webkit-tap-highlight-color: transparent; box-sizing: inherit; font-weight: 600;\">Pressekontakt:<\/span><\/p><p style=\"-webkit-tap-highlight-color: transparent; box-sizing: inherit; margin-bottom: 15px; font-size: 1.15rem; line-height: 1.625rem; font-family: Barlow-Medium, Helvetica, Arial, Lucida;\">recucare GmbH<br style=\"-webkit-tap-highlight-color: transparent; box-sizing: inherit;\" \/>Edna Frenthoff<\/p><p style=\"-webkit-tap-highlight-color: transparent; box-sizing: inherit; margin-bottom: 15px; font-size: 1.15rem; line-height: 1.625rem; font-family: Barlow-Medium, Helvetica, Arial, Lucida;\">Heilbronner Stra\u00dfe 156<br style=\"-webkit-tap-highlight-color: transparent; box-sizing: inherit;\" \/>70191 Stuttgart<br style=\"-webkit-tap-highlight-color: transparent; box-sizing: inherit;\" \/>Tel.: 0711 &#8211; 900 071 10 42<br style=\"-webkit-tap-highlight-color: transparent; box-sizing: inherit;\" \/>E-Mail:\u00a0<a style=\"-webkit-tap-highlight-color: transparent; box-sizing: inherit; color: #8cb8c6; font-weight: 600;\" href=\"mailto:presse@recucare.de\" target=\"_blank\" rel=\"noopener\">presse@recucare.de<\/a><\/p><p style=\"-webkit-tap-highlight-color: transparent; box-sizing: inherit; margin-bottom: 15px; font-size: 1.15rem; line-height: 1.625rem; font-family: Barlow-Medium, Helvetica, Arial, Lucida;\"><span style=\"-webkit-tap-highlight-color: transparent; box-sizing: inherit; font-weight: 600;\">Weiterf\u00fchrende Links:<\/span><br style=\"-webkit-tap-highlight-color: transparent; box-sizing: inherit;\" \/><a style=\"-webkit-tap-highlight-color: transparent; box-sizing: inherit; color: #8cb8c6; font-weight: 600;\" href=\"https:\/\/www.wundzentren.de\/wz-de\/presse\/pressefotos\" target=\"_blank\" rel=\"noopener\">https:\/\/wundzentren.de\/presse\/pressefotos<\/a><\/p><\/div><\/div><section class=\"b-article-section\" style=\"-webkit-tap-highlight-color: transparent; box-sizing: inherit; width: 840px;\"><div class=\"b-richtext-content\" style=\"-webkit-tap-highlight-color: transparent; box-sizing: inherit; counter-reset: section 0; padding-right: 20px; padding-left: 20px; width: 840px; color: #777777;\"><p style=\"-webkit-tap-highlight-color: transparent; box-sizing: inherit; font-weight: 400; margin-bottom: 15px; font-size: 1.15rem; line-height: 1.625rem;\">\u00a0<\/p><\/div><\/section>\t\t\t\t\t\t<\/div>\n\t\t\t\t<\/div>\n\t\t\t\t\t<\/div>\n\t\t\t\t<\/div>\n\t\t\t\t<\/div>\n\t\t\t\t\t<\/div>\n\t\t\t\t<\/div>\n\t\t\t\t<\/div>","protected":false},"excerpt":{"rendered":"<p>Unternehmen &amp; Leistungen Wundlexikon Standorte Jobs &amp;amp Karriere Neuigkeiten &amp; Presse Menu Neuigkeiten &amp; Presse Presse &amp; Aktuelles Messen \u2013 Veranstaltungen Presse-Fotos Ansprechpartner 20. Dezember 2024 Erste spezialisierte ambulante Einrichtungen landesweit, als Vertragspartner der AOK-Baden-W\u00fcrttemberg. Download Pressemitteilung (PDF 328 KB) D\u00fcsseldorf\/Schramberg, 20.12.2024. In Baden-W\u00fcrttemberg haben Versicherte mit chronischen und schwer heilenden Wunden in Schramberg und&#8230;<\/p>","protected":false},"author":3,"featured_media":0,"comment_status":"closed","ping_status":"open","sticky":false,"template":"","format":"standard","meta":{"footnotes":""},"categories":[1],"tags":[],"class_list":["post-11419","post","type-post","status-publish","format-standard","hentry","category-allgemein"],"yoast_head":"<!-- This site is optimized with the Yoast SEO plugin v24.4 - https:\/\/yoast.com\/wordpress\/plugins\/seo\/ -->\n<title>-<\/title>\n<meta name=\"description\" content=\"Erste spezialisierte ambulante Einrichtungen landesweit, als Vertragspartner der AOK-Baden-W\u00fcrttemberg\" \/>\n<meta name=\"robots\" content=\"index, follow, max-snippet:-1, max-image-preview:large, max-video-preview:-1\" \/>\n<link rel=\"canonical\" href=\"https:\/\/www.wundzentren.de\/en\/2024\/12\/30\/wz-wundzentrum-schramberg-als-vertragspartner-der-aok-baden-wuerttemberg\/\" \/>\n<meta property=\"og:locale\" content=\"en_GB\" \/>\n<meta property=\"og:type\" content=\"article\" \/>\n<meta property=\"og:title\" content=\"-\" \/>\n<meta property=\"og:description\" content=\"Erste spezialisierte ambulante Einrichtungen landesweit, als Vertragspartner der AOK-Baden-W\u00fcrttemberg\" \/>\n<meta property=\"og:url\" content=\"https:\/\/www.wundzentren.de\/en\/2024\/12\/30\/wz-wundzentrum-schramberg-als-vertragspartner-der-aok-baden-wuerttemberg\/\" \/>\n<meta property=\"og:site_name\" content=\"WZ-WundZentren: Ihr Spezialist f\u00fcr die Behandlung von chronischen und schwer heilenden Wunden\" \/>\n<meta property=\"article:published_time\" content=\"2024-12-30T18:38:48+00:00\" \/>\n<meta property=\"article:modified_time\" content=\"2025-11-05T18:55:07+00:00\" \/>\n<meta property=\"og:image\" content=\"https:\/\/www.wundzentren.de\/wp-content\/uploads\/2024\/12\/dok_Team_Schramberg_Kleiner-640x480.jpg\" \/>\n<meta name=\"author\" content=\"Edna Frenthoff\" \/>\n<meta name=\"twitter:card\" content=\"summary_large_image\" \/>\n<meta name=\"twitter:label1\" content=\"Written by\" \/>\n\t<meta name=\"twitter:data1\" content=\"Edna Frenthoff\" \/>\n\t<meta name=\"twitter:label2\" content=\"Estimated reading time\" \/>\n\t<meta name=\"twitter:data2\" content=\"4 minutes\" \/>\n<script type=\"application\/ld+json\" class=\"yoast-schema-graph\">{\"@context\":\"https:\/\/schema.org\",\"@graph\":[{\"@type\":\"WebPage\",\"@id\":\"https:\/\/www.wundzentren.de\/2024\/12\/30\/wz-wundzentrum-schramberg-als-vertragspartner-der-aok-baden-wuerttemberg\/\",\"url\":\"https:\/\/www.wundzentren.de\/2024\/12\/30\/wz-wundzentrum-schramberg-als-vertragspartner-der-aok-baden-wuerttemberg\/\",\"name\":\"-\",\"isPartOf\":{\"@id\":\"https:\/\/www.wundzentren.de\/#website\"},\"primaryImageOfPage\":{\"@id\":\"https:\/\/www.wundzentren.de\/2024\/12\/30\/wz-wundzentrum-schramberg-als-vertragspartner-der-aok-baden-wuerttemberg\/#primaryimage\"},\"image\":{\"@id\":\"https:\/\/www.wundzentren.de\/2024\/12\/30\/wz-wundzentrum-schramberg-als-vertragspartner-der-aok-baden-wuerttemberg\/#primaryimage\"},\"thumbnailUrl\":\"https:\/\/www.wundzentren.de\/wp-content\/uploads\/2024\/12\/dok_Team_Schramberg_Kleiner-640x480.jpg\",\"datePublished\":\"2024-12-30T18:38:48+00:00\",\"dateModified\":\"2025-11-05T18:55:07+00:00\",\"author\":{\"@id\":\"https:\/\/www.wundzentren.de\/#\/schema\/person\/654ba28b48eafa5bca4420e965c120bd\"},\"description\":\"Erste spezialisierte ambulante Einrichtungen landesweit, als Vertragspartner der AOK-Baden-W\u00fcrttemberg\",\"breadcrumb\":{\"@id\":\"https:\/\/www.wundzentren.de\/2024\/12\/30\/wz-wundzentrum-schramberg-als-vertragspartner-der-aok-baden-wuerttemberg\/#breadcrumb\"},\"inLanguage\":\"en-GB\",\"potentialAction\":[{\"@type\":\"ReadAction\",\"target\":[\"https:\/\/www.wundzentren.de\/2024\/12\/30\/wz-wundzentrum-schramberg-als-vertragspartner-der-aok-baden-wuerttemberg\/\"]}]},{\"@type\":\"ImageObject\",\"inLanguage\":\"en-GB\",\"@id\":\"https:\/\/www.wundzentren.de\/2024\/12\/30\/wz-wundzentrum-schramberg-als-vertragspartner-der-aok-baden-wuerttemberg\/#primaryimage\",\"url\":\"https:\/\/www.wundzentren.de\/wp-content\/uploads\/2024\/12\/dok_Team_Schramberg_Kleiner-640x480.jpg\",\"contentUrl\":\"https:\/\/www.wundzentren.de\/wp-content\/uploads\/2024\/12\/dok_Team_Schramberg_Kleiner-640x480.jpg\"},{\"@type\":\"BreadcrumbList\",\"@id\":\"https:\/\/www.wundzentren.de\/2024\/12\/30\/wz-wundzentrum-schramberg-als-vertragspartner-der-aok-baden-wuerttemberg\/#breadcrumb\",\"itemListElement\":[{\"@type\":\"ListItem\",\"position\":1,\"name\":\"Startseite\",\"item\":\"https:\/\/www.wundzentren.de\/\"},{\"@type\":\"ListItem\",\"position\":2,\"name\":\"WZ-WundZentrum Schramberg als Vertragspartner der AOK-Baden-W\u00fcrttemberg\"}]},{\"@type\":\"WebSite\",\"@id\":\"https:\/\/www.wundzentren.de\/#website\",\"url\":\"https:\/\/www.wundzentren.de\/\",\"name\":\"WZ-WundZentren: Ihr Spezialist f\u00fcr die Behandlung von chronischen und schwer heilenden Wunden\",\"description\":\"\",\"potentialAction\":[{\"@type\":\"SearchAction\",\"target\":{\"@type\":\"EntryPoint\",\"urlTemplate\":\"https:\/\/www.wundzentren.de\/?s={search_term_string}\"},\"query-input\":{\"@type\":\"PropertyValueSpecification\",\"valueRequired\":true,\"valueName\":\"search_term_string\"}}],\"inLanguage\":\"en-GB\"},{\"@type\":\"Person\",\"@id\":\"https:\/\/www.wundzentren.de\/#\/schema\/person\/654ba28b48eafa5bca4420e965c120bd\",\"name\":\"Edna Frenthoff\",\"image\":{\"@type\":\"ImageObject\",\"inLanguage\":\"en-GB\",\"@id\":\"https:\/\/www.wundzentren.de\/#\/schema\/person\/image\/\",\"url\":\"https:\/\/secure.gravatar.com\/avatar\/8fcdcbaf7716ad2a00baa06517e80432c069b10e94950339fdc452eb633f3f59?s=96&d=mm&r=g\",\"contentUrl\":\"https:\/\/secure.gravatar.com\/avatar\/8fcdcbaf7716ad2a00baa06517e80432c069b10e94950339fdc452eb633f3f59?s=96&d=mm&r=g\",\"caption\":\"Edna Frenthoff\"},\"url\":\"https:\/\/www.wundzentren.de\/en\/author\/edna-frenthoff\/\"}]}<\/script>\n<!-- \/ Yoast SEO plugin. -->","yoast_head_json":{"title":"-","description":"Erste spezialisierte ambulante Einrichtungen landesweit, als Vertragspartner der AOK-Baden-W\u00fcrttemberg","robots":{"index":"index","follow":"follow","max-snippet":"max-snippet:-1","max-image-preview":"max-image-preview:large","max-video-preview":"max-video-preview:-1"},"canonical":"https:\/\/www.wundzentren.de\/en\/2024\/12\/30\/wz-wundzentrum-schramberg-als-vertragspartner-der-aok-baden-wuerttemberg\/","og_locale":"en_GB","og_type":"article","og_title":"-","og_description":"Erste spezialisierte ambulante Einrichtungen landesweit, als Vertragspartner der AOK-Baden-W\u00fcrttemberg","og_url":"https:\/\/www.wundzentren.de\/en\/2024\/12\/30\/wz-wundzentrum-schramberg-als-vertragspartner-der-aok-baden-wuerttemberg\/","og_site_name":"WZ-WundZentren: Ihr Spezialist f\u00fcr die Behandlung von chronischen und schwer heilenden Wunden","article_published_time":"2024-12-30T18:38:48+00:00","article_modified_time":"2025-11-05T18:55:07+00:00","og_image":[{"url":"https:\/\/www.wundzentren.de\/wp-content\/uploads\/2024\/12\/dok_Team_Schramberg_Kleiner-640x480.jpg","type":"","width":"","height":""}],"author":"Edna Frenthoff","twitter_card":"summary_large_image","twitter_misc":{"Written by":"Edna Frenthoff","Estimated reading time":"4 minutes"},"schema":{"@context":"https:\/\/schema.org","@graph":[{"@type":"WebPage","@id":"https:\/\/www.wundzentren.de\/2024\/12\/30\/wz-wundzentrum-schramberg-als-vertragspartner-der-aok-baden-wuerttemberg\/","url":"https:\/\/www.wundzentren.de\/2024\/12\/30\/wz-wundzentrum-schramberg-als-vertragspartner-der-aok-baden-wuerttemberg\/","name":"-","isPartOf":{"@id":"https:\/\/www.wundzentren.de\/#website"},"primaryImageOfPage":{"@id":"https:\/\/www.wundzentren.de\/2024\/12\/30\/wz-wundzentrum-schramberg-als-vertragspartner-der-aok-baden-wuerttemberg\/#primaryimage"},"image":{"@id":"https:\/\/www.wundzentren.de\/2024\/12\/30\/wz-wundzentrum-schramberg-als-vertragspartner-der-aok-baden-wuerttemberg\/#primaryimage"},"thumbnailUrl":"https:\/\/www.wundzentren.de\/wp-content\/uploads\/2024\/12\/dok_Team_Schramberg_Kleiner-640x480.jpg","datePublished":"2024-12-30T18:38:48+00:00","dateModified":"2025-11-05T18:55:07+00:00","author":{"@id":"https:\/\/www.wundzentren.de\/#\/schema\/person\/654ba28b48eafa5bca4420e965c120bd"},"description":"Erste spezialisierte ambulante Einrichtungen landesweit, als Vertragspartner der AOK-Baden-W\u00fcrttemberg","breadcrumb":{"@id":"https:\/\/www.wundzentren.de\/2024\/12\/30\/wz-wundzentrum-schramberg-als-vertragspartner-der-aok-baden-wuerttemberg\/#breadcrumb"},"inLanguage":"en-GB","potentialAction":[{"@type":"ReadAction","target":["https:\/\/www.wundzentren.de\/2024\/12\/30\/wz-wundzentrum-schramberg-als-vertragspartner-der-aok-baden-wuerttemberg\/"]}]},{"@type":"ImageObject","inLanguage":"en-GB","@id":"https:\/\/www.wundzentren.de\/2024\/12\/30\/wz-wundzentrum-schramberg-als-vertragspartner-der-aok-baden-wuerttemberg\/#primaryimage","url":"https:\/\/www.wundzentren.de\/wp-content\/uploads\/2024\/12\/dok_Team_Schramberg_Kleiner-640x480.jpg","contentUrl":"https:\/\/www.wundzentren.de\/wp-content\/uploads\/2024\/12\/dok_Team_Schramberg_Kleiner-640x480.jpg"},{"@type":"BreadcrumbList","@id":"https:\/\/www.wundzentren.de\/2024\/12\/30\/wz-wundzentrum-schramberg-als-vertragspartner-der-aok-baden-wuerttemberg\/#breadcrumb","itemListElement":[{"@type":"ListItem","position":1,"name":"Startseite","item":"https:\/\/www.wundzentren.de\/"},{"@type":"ListItem","position":2,"name":"WZ-WundZentrum Schramberg als Vertragspartner der AOK-Baden-W\u00fcrttemberg"}]},{"@type":"WebSite","@id":"https:\/\/www.wundzentren.de\/#website","url":"https:\/\/www.wundzentren.de\/","name":"WZ-WundZentren: Ihr Spezialist f\u00fcr die Behandlung von chronischen und schwer heilenden Wunden","description":"","potentialAction":[{"@type":"SearchAction","target":{"@type":"EntryPoint","urlTemplate":"https:\/\/www.wundzentren.de\/?s={search_term_string}"},"query-input":{"@type":"PropertyValueSpecification","valueRequired":true,"valueName":"search_term_string"}}],"inLanguage":"en-GB"},{"@type":"Person","@id":"https:\/\/www.wundzentren.de\/#\/schema\/person\/654ba28b48eafa5bca4420e965c120bd","name":"Edna Frenthoff","image":{"@type":"ImageObject","inLanguage":"en-GB","@id":"https:\/\/www.wundzentren.de\/#\/schema\/person\/image\/","url":"https:\/\/secure.gravatar.com\/avatar\/8fcdcbaf7716ad2a00baa06517e80432c069b10e94950339fdc452eb633f3f59?s=96&d=mm&r=g","contentUrl":"https:\/\/secure.gravatar.com\/avatar\/8fcdcbaf7716ad2a00baa06517e80432c069b10e94950339fdc452eb633f3f59?s=96&d=mm&r=g","caption":"Edna Frenthoff"},"url":"https:\/\/www.wundzentren.de\/en\/author\/edna-frenthoff\/"}]}},"rttpg_featured_image_url":null,"rttpg_author":{"display_name":"Edna Frenthoff","author_link":"https:\/\/www.wundzentren.de\/en\/author\/edna-frenthoff\/"},"rttpg_comment":0,"rttpg_category":"<a href=\"https:\/\/www.wundzentren.de\/en\/category\/allgemein\/\" rel=\"category tag\">Allgemein<\/a>","rttpg_excerpt":"Unternehmen &amp; Leistungen Wundlexikon Standorte Jobs &amp;amp Karriere Neuigkeiten &amp; Presse Menu Neuigkeiten &amp; Presse Presse &amp; Aktuelles Messen \u2013 Veranstaltungen Presse-Fotos Ansprechpartner 20. Dezember 2024 Erste spezialisierte ambulante Einrichtungen landesweit, als Vertragspartner der AOK-Baden-W\u00fcrttemberg. Download Pressemitteilung (PDF 328 KB) D\u00fcsseldorf\/Schramberg, 20.12.2024. In Baden-W\u00fcrttemberg haben Versicherte mit chronischen und schwer heilenden Wunden in Schramberg und...","_links":{"self":[{"href":"https:\/\/www.wundzentren.de\/en\/wp-json\/wp\/v2\/posts\/11419","targetHints":{"allow":["GET"]}}],"collection":[{"href":"https:\/\/www.wundzentren.de\/en\/wp-json\/wp\/v2\/posts"}],"about":[{"href":"https:\/\/www.wundzentren.de\/en\/wp-json\/wp\/v2\/types\/post"}],"author":[{"embeddable":true,"href":"https:\/\/www.wundzentren.de\/en\/wp-json\/wp\/v2\/users\/3"}],"replies":[{"embeddable":true,"href":"https:\/\/www.wundzentren.de\/en\/wp-json\/wp\/v2\/comments?post=11419"}],"version-history":[{"count":6,"href":"https:\/\/www.wundzentren.de\/en\/wp-json\/wp\/v2\/posts\/11419\/revisions"}],"predecessor-version":[{"id":11425,"href":"https:\/\/www.wundzentren.de\/en\/wp-json\/wp\/v2\/posts\/11419\/revisions\/11425"}],"wp:attachment":[{"href":"https:\/\/www.wundzentren.de\/en\/wp-json\/wp\/v2\/media?parent=11419"}],"wp:term":[{"taxonomy":"category","embeddable":true,"href":"https:\/\/www.wundzentren.de\/en\/wp-json\/wp\/v2\/categories?post=11419"},{"taxonomy":"post_tag","embeddable":true,"href":"https:\/\/www.wundzentren.de\/en\/wp-json\/wp\/v2\/tags?post=11419"}],"curies":[{"name":"wp","href":"https:\/\/api.w.org\/{rel}","templated":true}]}}