{"id":11176,"date":"2024-11-05T09:05:57","date_gmt":"2024-11-05T08:05:57","guid":{"rendered":"https:\/\/www.wundzentren.de\/?p=11176"},"modified":"2025-11-05T19:55:07","modified_gmt":"2025-11-05T18:55:07","slug":"politischer-dialog-im-wz-wundzentrum-warendorf","status":"publish","type":"post","link":"https:\/\/www.wundzentren.de\/en\/2024\/11\/05\/politischer-dialog-im-wz-wundzentrum-warendorf\/","title":{"rendered":"Gelungener politischer Dialog im WZ-WundZentrum Warendorf: Bundestagsabgeordneter Dr. Georg Kippels (CDU\/CSU) zu Besuch in der spezialisierten ambulanten Pflegeeinrichtung"},"content":{"rendered":"<div data-elementor-type=\"wp-post\" data-elementor-id=\"11176\" class=\"elementor elementor-11176\">\n\t\t\t\t<div class=\"elementor-element elementor-element-b52caf2 e-flex e-con-boxed e-con e-child\" data-id=\"b52caf2\" data-element_type=\"container\" data-settings=\"{&quot;background_background&quot;:&quot;slideshow&quot;,&quot;background_slideshow_gallery&quot;:[{&quot;id&quot;:12,&quot;url&quot;:&quot;https:\\\/\\\/wz.wz-medcubes.de\\\/wp-content\\\/uploads\\\/2024\\\/02\\\/img-headerbild-wundbehandlung-1.jpg&quot;}],&quot;background_slideshow_transition_duration&quot;:20,&quot;background_slideshow_loop&quot;:&quot;yes&quot;,&quot;background_slideshow_slide_duration&quot;:5000,&quot;background_slideshow_slide_transition&quot;:&quot;fade&quot;}\">\n\t\t\t\t\t<div class=\"e-con-inner\">\n\t\t<div class=\"elementor-element elementor-element-bf5a0b5 e-con-full e-flex e-con e-child\" data-id=\"bf5a0b5\" data-element_type=\"container\" data-settings=\"{&quot;background_background&quot;:&quot;slideshow&quot;,&quot;background_slideshow_gallery&quot;:[],&quot;background_slideshow_loop&quot;:&quot;yes&quot;,&quot;background_slideshow_slide_duration&quot;:5000,&quot;background_slideshow_slide_transition&quot;:&quot;fade&quot;,&quot;background_slideshow_transition_duration&quot;:500}\">\n\t\t<div class=\"elementor-element elementor-element-cf6e4d8 e-con-full e-flex e-con e-child\" data-id=\"cf6e4d8\" data-element_type=\"container\">\n\t\t<a class=\"elementor-element elementor-element-58df085 landing-nav-tab-hover e-flex e-con-boxed e-con e-child\" data-id=\"58df085\" data-element_type=\"container\" data-settings=\"{&quot;background_background&quot;:&quot;classic&quot;}\" href=\"\/wordpress\/unternehmen-leistungen\/\">\n\t\t\t\t\t<div class=\"e-con-inner\">\n\t\t\t\t<div class=\"elementor-element elementor-element-92bd700 landing-nav-tab-title elementor-widget elementor-widget-heading\" data-id=\"92bd700\" data-element_type=\"widget\" data-widget_type=\"heading.default\">\n\t\t\t\t<div class=\"elementor-widget-container\">\n\t\t\t<style>\/*! elementor - v3.21.0 - 26-05-2024 *\/\n.elementor-heading-title{padding:0;margin:0;line-height:1}.elementor-widget-heading .elementor-heading-title[class*=elementor-size-]>a{color:inherit;font-size:inherit;line-height:inherit}.elementor-widget-heading .elementor-heading-title.elementor-size-small{font-size:15px}.elementor-widget-heading .elementor-heading-title.elementor-size-medium{font-size:19px}.elementor-widget-heading .elementor-heading-title.elementor-size-large{font-size:29px}.elementor-widget-heading .elementor-heading-title.elementor-size-xl{font-size:39px}.elementor-widget-heading .elementor-heading-title.elementor-size-xxl{font-size:59px}<\/style><h2 class=\"elementor-heading-title elementor-size-default\">Company &amp; <br>Services<\/h2>\t\t<\/div>\n\t\t\t\t<\/div>\n\t\t\t\t\t<\/div>\n\t\t\t\t<\/a>\n\t\t\t\t<\/div>\n\t\t<div class=\"elementor-element elementor-element-fc37286 e-con-full e-flex e-con e-child\" data-id=\"fc37286\" data-element_type=\"container\">\n\t\t<a class=\"elementor-element elementor-element-69db860 landing-nav-tab-hover e-flex e-con-boxed e-con e-child\" data-id=\"69db860\" data-element_type=\"container\" data-settings=\"{&quot;background_background&quot;:&quot;classic&quot;}\" href=\"\/wordpress\/wundlexikon\/\">\n\t\t\t\t\t<div class=\"e-con-inner\">\n\t\t\t\t<div class=\"elementor-element elementor-element-6bd4ebf landing-nav-tab-title elementor-widget elementor-widget-heading\" data-id=\"6bd4ebf\" data-element_type=\"widget\" data-widget_type=\"heading.default\">\n\t\t\t\t<div class=\"elementor-widget-container\">\n\t\t\t<h2 class=\"elementor-heading-title elementor-size-default\">Wound dictionary<\/h2>\t\t<\/div>\n\t\t\t\t<\/div>\n\t\t\t\t\t<\/div>\n\t\t\t\t<\/a>\n\t\t\t\t<\/div>\n\t\t<div class=\"elementor-element elementor-element-083b2c1 e-con-full e-flex e-con e-child\" data-id=\"083b2c1\" data-element_type=\"container\">\n\t\t<a class=\"elementor-element elementor-element-d5361b6 landing-nav-tab-hover e-flex e-con-boxed e-con e-child\" data-id=\"d5361b6\" data-element_type=\"container\" data-settings=\"{&quot;background_background&quot;:&quot;classic&quot;}\" href=\"\/wordpress\/standorte\/\">\n\t\t\t\t\t<div class=\"e-con-inner\">\n\t\t\t\t<div class=\"elementor-element elementor-element-0c5f05a landing-nav-tab-title elementor-widget elementor-widget-heading\" data-id=\"0c5f05a\" data-element_type=\"widget\" data-widget_type=\"heading.default\">\n\t\t\t\t<div class=\"elementor-widget-container\">\n\t\t\t<h2 class=\"elementor-heading-title elementor-size-default\">Locations<\/h2>\t\t<\/div>\n\t\t\t\t<\/div>\n\t\t\t\t\t<\/div>\n\t\t\t\t<\/a>\n\t\t\t\t<\/div>\n\t\t<div class=\"elementor-element elementor-element-244c3df e-con-full e-flex e-con e-child\" data-id=\"244c3df\" data-element_type=\"container\">\n\t\t<a class=\"elementor-element elementor-element-23d46e1 landing-nav-tab-hover e-flex e-con-boxed e-con e-child\" data-id=\"23d46e1\" data-element_type=\"container\" data-settings=\"{&quot;background_background&quot;:&quot;classic&quot;}\" href=\"\/wordpress\/karriere\/\">\n\t\t\t\t\t<div class=\"e-con-inner\">\n\t\t\t\t<div class=\"elementor-element elementor-element-37c5da6 landing-nav-tab-title elementor-widget elementor-widget-heading\" data-id=\"37c5da6\" data-element_type=\"widget\" data-widget_type=\"heading.default\">\n\t\t\t\t<div class=\"elementor-widget-container\">\n\t\t\t<h2 class=\"elementor-heading-title elementor-size-default\">Jobs and career<\/h2>\t\t<\/div>\n\t\t\t\t<\/div>\n\t\t\t\t\t<\/div>\n\t\t\t\t<\/a>\n\t\t\t\t<\/div>\n\t\t<div class=\"elementor-element elementor-element-cb4fd1b e-con-full e-flex e-con e-child\" data-id=\"cb4fd1b\" data-element_type=\"container\">\n\t\t<a class=\"elementor-element elementor-element-eb90945 landing-nav-tab-hover e-flex e-con-boxed e-con e-child\" data-id=\"eb90945\" data-element_type=\"container\" data-settings=\"{&quot;background_background&quot;:&quot;classic&quot;}\" href=\"\/wordpress\/presse\/\">\n\t\t\t\t\t<div class=\"e-con-inner\">\n\t\t\t\t<div class=\"elementor-element elementor-element-a6636cd landing-nav-tab-title elementor-widget elementor-widget-heading\" data-id=\"a6636cd\" data-element_type=\"widget\" data-widget_type=\"heading.default\">\n\t\t\t\t<div class=\"elementor-widget-container\">\n\t\t\t<h2 class=\"elementor-heading-title elementor-size-default\">News &amp;<br>Press<\/h2>\t\t<\/div>\n\t\t\t\t<\/div>\n\t\t\t\t\t<\/div>\n\t\t\t\t<\/a>\n\t\t\t\t<\/div>\n\t\t\t\t<\/div>\n\t\t\t\t<div class=\"elementor-element elementor-element-b53d19f hfe-submenu-icon-plus hfe-nav-menu__breakpoint-none elementor-widget__width-initial hfe-link-redirect-self_link start-menu-active elementor-absolute hfe-nav-menu__align-left elementor-widget elementor-widget-navigation-menu\" data-id=\"b53d19f\" data-element_type=\"widget\" data-settings=\"{&quot;toggle_size&quot;:{&quot;unit&quot;:&quot;px&quot;,&quot;size&quot;:40,&quot;sizes&quot;:[]},&quot;toggle_border_width&quot;:{&quot;unit&quot;:&quot;px&quot;,&quot;size&quot;:0,&quot;sizes&quot;:[]},&quot;_position&quot;:&quot;absolute&quot;,&quot;padding_horizontal_menu_item&quot;:{&quot;unit&quot;:&quot;px&quot;,&quot;size&quot;:15,&quot;sizes&quot;:[]},&quot;padding_horizontal_menu_item_tablet&quot;:{&quot;unit&quot;:&quot;px&quot;,&quot;size&quot;:&quot;&quot;,&quot;sizes&quot;:[]},&quot;padding_horizontal_menu_item_mobile&quot;:{&quot;unit&quot;:&quot;px&quot;,&quot;size&quot;:&quot;&quot;,&quot;sizes&quot;:[]},&quot;padding_vertical_menu_item&quot;:{&quot;unit&quot;:&quot;px&quot;,&quot;size&quot;:15,&quot;sizes&quot;:[]},&quot;padding_vertical_menu_item_tablet&quot;:{&quot;unit&quot;:&quot;px&quot;,&quot;size&quot;:&quot;&quot;,&quot;sizes&quot;:[]},&quot;padding_vertical_menu_item_mobile&quot;:{&quot;unit&quot;:&quot;px&quot;,&quot;size&quot;:&quot;&quot;,&quot;sizes&quot;:[]},&quot;menu_space_between&quot;:{&quot;unit&quot;:&quot;px&quot;,&quot;size&quot;:&quot;&quot;,&quot;sizes&quot;:[]},&quot;menu_space_between_tablet&quot;:{&quot;unit&quot;:&quot;px&quot;,&quot;size&quot;:&quot;&quot;,&quot;sizes&quot;:[]},&quot;menu_space_between_mobile&quot;:{&quot;unit&quot;:&quot;px&quot;,&quot;size&quot;:&quot;&quot;,&quot;sizes&quot;:[]},&quot;dropdown_border_radius&quot;:{&quot;unit&quot;:&quot;px&quot;,&quot;top&quot;:&quot;&quot;,&quot;right&quot;:&quot;&quot;,&quot;bottom&quot;:&quot;&quot;,&quot;left&quot;:&quot;&quot;,&quot;isLinked&quot;:true},&quot;dropdown_border_radius_tablet&quot;:{&quot;unit&quot;:&quot;px&quot;,&quot;top&quot;:&quot;&quot;,&quot;right&quot;:&quot;&quot;,&quot;bottom&quot;:&quot;&quot;,&quot;left&quot;:&quot;&quot;,&quot;isLinked&quot;:true},&quot;dropdown_border_radius_mobile&quot;:{&quot;unit&quot;:&quot;px&quot;,&quot;top&quot;:&quot;&quot;,&quot;right&quot;:&quot;&quot;,&quot;bottom&quot;:&quot;&quot;,&quot;left&quot;:&quot;&quot;,&quot;isLinked&quot;:true},&quot;padding_horizontal_dropdown_item&quot;:{&quot;unit&quot;:&quot;px&quot;,&quot;size&quot;:&quot;&quot;,&quot;sizes&quot;:[]},&quot;padding_horizontal_dropdown_item_tablet&quot;:{&quot;unit&quot;:&quot;px&quot;,&quot;size&quot;:&quot;&quot;,&quot;sizes&quot;:[]},&quot;padding_horizontal_dropdown_item_mobile&quot;:{&quot;unit&quot;:&quot;px&quot;,&quot;size&quot;:&quot;&quot;,&quot;sizes&quot;:[]},&quot;padding_vertical_dropdown_item&quot;:{&quot;unit&quot;:&quot;px&quot;,&quot;size&quot;:15,&quot;sizes&quot;:[]},&quot;padding_vertical_dropdown_item_tablet&quot;:{&quot;unit&quot;:&quot;px&quot;,&quot;size&quot;:&quot;&quot;,&quot;sizes&quot;:[]},&quot;padding_vertical_dropdown_item_mobile&quot;:{&quot;unit&quot;:&quot;px&quot;,&quot;size&quot;:&quot;&quot;,&quot;sizes&quot;:[]},&quot;distance_from_menu&quot;:{&quot;unit&quot;:&quot;px&quot;,&quot;size&quot;:&quot;&quot;,&quot;sizes&quot;:[]},&quot;distance_from_menu_tablet&quot;:{&quot;unit&quot;:&quot;px&quot;,&quot;size&quot;:&quot;&quot;,&quot;sizes&quot;:[]},&quot;distance_from_menu_mobile&quot;:{&quot;unit&quot;:&quot;px&quot;,&quot;size&quot;:&quot;&quot;,&quot;sizes&quot;:[]},&quot;toggle_size_tablet&quot;:{&quot;unit&quot;:&quot;px&quot;,&quot;size&quot;:&quot;&quot;,&quot;sizes&quot;:[]},&quot;toggle_size_mobile&quot;:{&quot;unit&quot;:&quot;px&quot;,&quot;size&quot;:&quot;&quot;,&quot;sizes&quot;:[]},&quot;toggle_border_width_tablet&quot;:{&quot;unit&quot;:&quot;px&quot;,&quot;size&quot;:&quot;&quot;,&quot;sizes&quot;:[]},&quot;toggle_border_width_mobile&quot;:{&quot;unit&quot;:&quot;px&quot;,&quot;size&quot;:&quot;&quot;,&quot;sizes&quot;:[]},&quot;toggle_border_radius&quot;:{&quot;unit&quot;:&quot;px&quot;,&quot;size&quot;:&quot;&quot;,&quot;sizes&quot;:[]},&quot;toggle_border_radius_tablet&quot;:{&quot;unit&quot;:&quot;px&quot;,&quot;size&quot;:&quot;&quot;,&quot;sizes&quot;:[]},&quot;toggle_border_radius_mobile&quot;:{&quot;unit&quot;:&quot;px&quot;,&quot;size&quot;:&quot;&quot;,&quot;sizes&quot;:[]}}\" data-widget_type=\"navigation-menu.default\">\n\t\t\t\t<div class=\"elementor-widget-container\">\n\t\t\t\t\t\t<div class=\"hfe-nav-menu hfe-layout-vertical hfe-nav-menu-layout vertical\" data-layout=\"vertical\">\n\t\t\t\t<div role=\"button\" class=\"hfe-nav-menu__toggle elementor-clickable\">\n\t\t\t\t\t<span class=\"screen-reader-text\">Menu<\/span>\n\t\t\t\t\t<div class=\"hfe-nav-menu-icon\">\n\t\t\t\t\t\t\t\t\t\t\t<\/div>\n\t\t\t\t<\/div>\n\t\t\t\t<nav itemscope=\"itemscope\" itemtype=\"https:\/\/schema.org\/SiteNavigationElement\" class=\"hfe-nav-menu__layout-vertical hfe-nav-menu__submenu-plus\" data-toggle-icon=\"\" data-close-icon=\"\" data-full-width=\"\">\n\t\t\t\t\t<ul id=\"menu-1-b53d19f\" class=\"hfe-nav-menu\"><li id=\"menu-item-5347\" itemprop=\"name\" class=\"menu-item menu-item-type-post_type menu-item-object-page parent hfe-creative-menu\"><a href=\"https:\/\/www.wundzentren.de\/en\/presse\/\" itemprop=\"url\" class = \"hfe-menu-item\">News &amp; Press<\/a><\/li>\n<li id=\"menu-item-5342\" itemprop=\"name\" class=\"menu-item menu-item-type-post_type menu-item-object-page parent hfe-creative-menu\"><a href=\"https:\/\/www.wundzentren.de\/en\/presse\/pressemitteilungen\/\" itemprop=\"url\" class = \"hfe-menu-item\">Press &amp; News<\/a><\/li>\n<li id=\"menu-item-5341\" itemprop=\"name\" class=\"menu-item menu-item-type-post_type menu-item-object-page parent hfe-creative-menu\"><a href=\"https:\/\/www.wundzentren.de\/en\/presse\/messen-veranstaltungen\/\" itemprop=\"url\" class = \"hfe-menu-item\">Trade fairs &amp; Events<\/a><\/li>\n<li id=\"menu-item-5340\" itemprop=\"name\" class=\"menu-item menu-item-type-post_type menu-item-object-page parent hfe-creative-menu\"><a href=\"https:\/\/www.wundzentren.de\/en\/presse\/pressefotos\/\" itemprop=\"url\" class = \"hfe-menu-item\">Press photos<\/a><\/li>\n<li id=\"menu-item-5339\" itemprop=\"name\" class=\"menu-item menu-item-type-post_type menu-item-object-page parent hfe-creative-menu\"><a href=\"https:\/\/www.wundzentren.de\/en\/presse\/ansprechpartner\/\" itemprop=\"url\" class = \"hfe-menu-item\">Contact<\/a><\/li>\n<\/ul> \n\t\t\t\t<\/nav>\n\t\t\t<\/div>\n\t\t\t\t\t<\/div>\n\t\t\t\t<\/div>\n\t\t\t\t\t<\/div>\n\t\t\t\t<\/div>\n\t\t<div class=\"elementor-element elementor-element-f5fa916 e-flex e-con-boxed e-con e-parent\" data-id=\"f5fa916\" data-element_type=\"container\">\n\t\t\t\t\t<div class=\"e-con-inner\">\n\t\t<div class=\"elementor-element elementor-element-774ba45 e-con-full e-flex e-con e-child\" data-id=\"774ba45\" data-element_type=\"container\">\n\t\t\t\t<div class=\"elementor-element elementor-element-4395cf3 elementor-widget elementor-widget-image\" data-id=\"4395cf3\" data-element_type=\"widget\" data-widget_type=\"image.default\">\n\t\t\t\t<div class=\"elementor-widget-container\">\n\t\t\t<style>\/*! elementor - v3.21.0 - 26-05-2024 *\/\n.elementor-widget-image{text-align:center}.elementor-widget-image a{display:inline-block}.elementor-widget-image a img[src$=\".svg\"]{width:48px}.elementor-widget-image img{vertical-align:middle;display:inline-block}<\/style>\t\t\t\t\t\t\t\t\t\t<img fetchpriority=\"high\" decoding=\"async\" width=\"1200\" height=\"900\" src=\"https:\/\/www.wundzentren.de\/wp-content\/uploads\/2024\/11\/Besuch-WZ-4-1280x960.jpg\" class=\"attachment-large size-large wp-image-11172\" alt=\"Bundestagsabgeordneter Dr. Georg Kippels (CDU\/CSU) zu Besuch in der spezialisierten ambulanten Pflegeeinrichtung\" \/>\t\t\t\t\t\t\t\t\t\t\t\t\t<\/div>\n\t\t\t\t<\/div>\n\t\t\t\t<div class=\"elementor-element elementor-element-b027930 elementor-widget elementor-widget-heading\" data-id=\"b027930\" data-element_type=\"widget\" data-widget_type=\"heading.default\">\n\t\t\t\t<div class=\"elementor-widget-container\">\n\t\t\t<h2 class=\"elementor-heading-title elementor-size-default\"><dl style=\"-webkit-tap-highlight-color: transparent; box-sizing: inherit; margin-bottom: 10px; font-size: 0.75rem; color: rgb(77, 77, 77); opacity: 0.7; text-transform: uppercase; font-family: Barlow-Medium, Helvetica, Arial, Lucida; white-space-collapse: collapse;\"><dd style=\"-webkit-tap-highlight-color: transparent; box-sizing: inherit; margin-bottom: 0px; margin-left: 0px;\"><time datetime=\"03.08.2023\" style=\"-webkit-tap-highlight-color: transparent; box-sizing: inherit;\">4. November 2024<\/time><\/dd><\/dl><\/h2>\t\t<\/div>\n\t\t\t\t<\/div>\n\t\t\t\t<div class=\"elementor-element elementor-element-7395a90 elementor-widget elementor-widget-heading\" data-id=\"7395a90\" data-element_type=\"widget\" data-widget_type=\"heading.default\">\n\t\t\t\t<div class=\"elementor-widget-container\">\n\t\t\t<h2 class=\"elementor-heading-title elementor-size-default\"><span style=\"font-weight: bold; font-size: larger;\">Gelungener politischer Dialog im WZ-WundZentrum Warendorf:<\/span> \n<span style=\"font-weight: normal; font-size: smaller;\">Bundestagsabgeordneter Dr. Georg Kippels (CDU\/CSU) zu Besuch in der spezialisierten ambulanten Pflegeeinrichtung<\/span>\n<\/h2>\t\t<\/div>\n\t\t\t\t<\/div>\n\t\t\t\t<div class=\"elementor-element elementor-element-53e4732 elementor-widget elementor-widget-text-editor\" data-id=\"53e4732\" data-element_type=\"widget\" data-widget_type=\"text-editor.default\">\n\t\t\t\t<div class=\"elementor-widget-container\">\n\t\t\t<style>\/*! elementor - v3.21.0 - 26-05-2024 *\/\n.elementor-widget-text-editor.elementor-drop-cap-view-stacked .elementor-drop-cap{background-color:#69727d;color:#fff}.elementor-widget-text-editor.elementor-drop-cap-view-framed .elementor-drop-cap{color:#69727d;border:3px solid;background-color:transparent}.elementor-widget-text-editor:not(.elementor-drop-cap-view-default) .elementor-drop-cap{margin-top:8px}.elementor-widget-text-editor:not(.elementor-drop-cap-view-default) .elementor-drop-cap-letter{width:1em;height:1em}.elementor-widget-text-editor .elementor-drop-cap{float:left;text-align:center;line-height:1;font-size:50px}.elementor-widget-text-editor .elementor-drop-cap-letter{display:inline-block}<\/style>\t\t\t\t<div style=\"-webkit-tap-highlight-color: transparent; box-sizing: inherit; position: relative; width: 840px; padding-right: 20px; padding-left: 20px;\"><div style=\"-webkit-tap-highlight-color: transparent; box-sizing: inherit; counter-reset: section 0; width: 800px; color: #777777; font-size: 1.25rem; line-height: 1.6875rem;\"><p style=\"font-size: 1.15rem; color: #777777; line-height: 1.625rem; font-weight: 400; margin-bottom: 15px;\"><em style=\"font-style: italic;\">D\u00fcsseldorf\/Warendorf, 04.11.2024.\u00a0<\/em><strong style=\"font-family: var( --e-global-typography-text-font-family ), Sans-serif; text-align: var(--text-align); font-size: 1.15rem;\">Am 30. Oktober 2024 besuchte der Bundestagsabgeordnete Dr. Georg Kippels (CDU\/CSU), Obmann im Gesundheitsausschuss, das WZ-WundZentrum Warendorf.<\/strong><span style=\"font-family: var( --e-global-typography-text-font-family ), Sans-serif; font-weight: var( --e-global-typography-text-font-weight ); text-align: var(--text-align); font-size: 1.15rem;\"> W\u00e4hrend des Besuchs stand ein intensiver Austausch zwischen ihm, Andr\u00e9 Lantin, Gesch\u00e4ftsf\u00fchrer der WZ-WundZentren GmbH, sowie dem Team des WundZentrums im Fokus, bei dem die Herausforderungen und Chancen der spezialisierten ambulanten Wundversorgung f\u00fcr Menschen mit chronischen und schwer heilenden Wunden diskutiert wurden<\/span><strong style=\"font-family: var( --e-global-typography-text-font-family ), Sans-serif; text-align: var(--text-align); font-size: 1.15rem;\"><em>.<\/em><\/strong><\/p><\/div><\/div><section style=\"-webkit-tap-highlight-color: transparent; box-sizing: inherit; width: 840px;\"><div style=\"-webkit-tap-highlight-color: transparent; box-sizing: inherit; counter-reset: section 0; padding-right: 20px; padding-left: 20px; width: 840px; color: #777777;\"><p style=\"-webkit-tap-highlight-color: transparent; box-sizing: inherit; font-weight: 400; margin-bottom: 15px; line-height: 1.625rem;\"><a style=\"font-size: 1.15rem; -webkit-tap-highlight-color: transparent; box-sizing: inherit; color: #8cb8c6; font-weight: 600;\" href=\"https:\/\/www.wundzentren.de\/wp-content\/uploads\/2024\/11\/PM_Veranstaltung_WZ-WAF_20241104.pdf\">Download Pressemitteilung (PDF 325 KB)<\/a><span style=\"font-size: 18.4px;\"><br \/><\/span><span style=\"color: #a88165; font-weight: bold; text-align: var(--text-align);\"><span style=\"font-size: 18.4px;\"><br \/><\/span><span style=\"font-family: Barlow, Helvetica, Arial, Lucida, sans-serif;\"><span style=\"font-size: 1.25rem;\"><strong>Dialog f\u00fcr die Gesundheitsversorgung der Zukunft:\u00a0<\/strong><\/span><\/span><\/span><span style=\"font-size: 1.15rem; font-family: var( --e-global-typography-text-font-family ), Sans-serif; text-align: var(--text-align);\">Dr. Georg Kippels zeigte sich beeindruckt von der hohen Versorgungsqualit\u00e4t im WZ-WundZentrum Warendorf. Gemeinsam mit der Gesch\u00e4ftsf\u00fchrung und den Pflegefachpersonen thematisierte er die Bedeutung spezialisierter Pflegeeinrichtungen und ihre zentrale Rolle innerhalb des Gesundheitssystems. Dr. Kippels unterstrich die Notwendigkeit einer st\u00e4rkeren politischen Unterst\u00fctzung f\u00fcr spezialisierte Versorgungseinrichtungen, um die Versorgung der Betroffenen langfristig sicherzustellen und zu verbessern.<\/span><\/p><p style=\"-webkit-tap-highlight-color: transparent; box-sizing: inherit; font-weight: 400; margin-bottom: 15px; line-height: 1.625rem;\"><span style=\"font-size: 1.15rem; color: #777777;\">\u201eDer Besuch von Dr. Kippels ist ein wertvolles Zeichen f\u00fcr die Anerkennung unserer Arbeit. Sein Interesse an unseren Behandlungskonzepten zeigt, dass die spezialisierte Pflege einen wichtigen Beitrag zur Gesundheitsversorgung in Deutschland leistet\u201c, erkl\u00e4rte Andr\u00e9 Lantin. Im Gespr\u00e4ch f\u00fchrte er aus, mit welchen besonderen Herausforderungen Patient:innen und Pflegefachpersonen bei der Versorgung chronischer Wunden konfrontiert sind, und erl\u00e4uterte, wie das WZ-WundZentrum Warendorf durch individuelle Behandlungsmethoden zu einer h\u00f6heren Lebensqualit\u00e4t der Betroffenen beitr\u00e4gt.<\/span><\/p><\/div><\/section><section style=\"-webkit-tap-highlight-color: transparent; box-sizing: inherit; width: 840px;\"><div style=\"-webkit-tap-highlight-color: transparent; box-sizing: inherit; counter-reset: section 0; padding-right: 20px; padding-left: 20px; width: 840px;\"><p style=\"-webkit-tap-highlight-color: transparent; box-sizing: inherit; margin-bottom: 15px; line-height: 1.625rem;\"><span style=\"text-align: var(--text-align);\"><span style=\"color: #a88165; font-family: Barlow, Helvetica, Arial, Lucida, sans-serif;\"><span style=\"font-size: 1.25rem;\"><b>Einblick in die t\u00e4gliche Praxis:\u00a0<\/b><\/span><\/span><\/span><span style=\"font-size: 1.15rem; color: #777777; font-family: var( --e-global-typography-text-font-family ), Sans-serif; font-weight: var( --e-global-typography-text-font-weight ); text-align: var(--text-align);\">Bei einem Rundgang durch die R\u00e4umlichkeiten des WundZentrums erhielt Dr. Kippels einen umfassenden Einblick in die Praxis der Wundbehandlung. Das Team des WZ-WundZentrum Warendorf stellte die vielf\u00e4ltigen und individuell abgestimmten Behandlungsmethoden vor, die auf die Bed\u00fcrfnisse der Patient:innen zugeschnitten sind. Ein zentraler Aspekt der Versorgung ist die enge Zusammenarbeit zwischen den spezialisierten Pflegefachpersonen und den verordnenden \u00c4rzt:innen, die f\u00fcr den Behandlungserfolg ausschlaggebend ist.<\/span><\/p><\/div><\/section><section style=\"-webkit-tap-highlight-color: transparent; box-sizing: inherit; width: 840px;\"><div style=\"-webkit-tap-highlight-color: transparent; box-sizing: inherit; counter-reset: section 0; padding-right: 20px; padding-left: 20px; width: 840px;\"><p style=\"-webkit-tap-highlight-color: transparent; box-sizing: inherit; margin-bottom: 15px; line-height: 1.625rem;\"><span style=\"text-align: var(--text-align);\"><span style=\"color: #a88165; font-family: Barlow, Helvetica, Arial, Lucida, sans-serif;\"><span style=\"font-size: 1.25rem;\"><b>Mehr als zwei Millionen Betroffene in Deutschland:\u00a0<\/b><\/span><\/span><\/span><span style=\"font-size: 1.15rem; color: #777777; font-family: var( --e-global-typography-text-font-family ), Sans-serif; text-align: var(--text-align);\">In Deutschland leiden \u00fcber zwei Millionen Menschen an chronischen und schwer heilenden Wunden. Zu den h\u00e4ufigsten Wundarten z\u00e4hlen das \u201eoffene Bein\u201c (Ulcus cruris), Druckgeschw\u00fcre (Dekubitus) und der diabetische Fu\u00df. Das WZ-WundZentrum Warendorf bietet Betroffene spezialisierte Behandlungskonzepte, die eine umfassende Anamnese, Ursachenforschung und eine individuell angepasste Therapie umfassen.<\/span><\/p><\/div><\/section><section style=\"-webkit-tap-highlight-color: transparent; box-sizing: inherit; width: 840px;\"><div style=\"-webkit-tap-highlight-color: transparent; box-sizing: inherit; counter-reset: section 0; padding-right: 20px; padding-left: 20px; width: 840px; color: #777777;\"><p style=\"-webkit-tap-highlight-color: transparent; box-sizing: inherit; font-weight: 400; margin-bottom: 15px; font-size: 1.15rem; line-height: 1.625rem;\">\u201eUnser oberstes Ziel ist es, die Lebensqualit\u00e4t unserer Patient:innen durch eine effektive und ganzheitliche Wundbehandlung zu steigern\u201c, betonte Andr\u00e9 Lantin. Das WZ-WundZentrum Warendorf ist als ambulante Pflegeeinrichtung nach \u00a7132a Abs. 4 SGB V zugelassen und Vertragspartner aller Krankenkassen, was den Zugang zu dieser spezialisierten Versorgung f\u00fcr alle Versicherten sicherstellt.<\/p><\/div><\/section><section style=\"-webkit-tap-highlight-color: transparent; box-sizing: inherit; width: 840px;\"><div style=\"-webkit-tap-highlight-color: transparent; box-sizing: inherit; counter-reset: section 0; padding-right: 20px; padding-left: 20px; width: 840px;\"><p style=\"-webkit-tap-highlight-color: transparent; box-sizing: inherit; margin-bottom: 15px; line-height: 1.625rem;\"><span style=\"text-align: var(--text-align);\"><span style=\"color: #a88165; font-family: Barlow, Helvetica, Arial, Lucida, sans-serif;\"><span style=\"font-size: 1.25rem;\"><b>Ausblick:\u00a0<\/b><\/span><\/span><\/span><span style=\"color: #777777; font-family: var( --e-global-typography-text-font-family ), Sans-serif; font-size: 1.15rem; text-align: var(--text-align); font-weight: var( --e-global-typography-text-font-weight );\">Das\u00a0<\/span><span style=\"font-family: var( --e-global-typography-text-font-family ), Sans-serif; font-weight: var( --e-global-typography-text-font-weight ); text-align: var(--text-align); font-size: 1.15rem; color: #777777;\">WCC-WoundCareCenter Warendorf<\/span><span style=\"font-family: var( --e-global-typography-text-font-family ), Sans-serif; font-weight: var( --e-global-typography-text-font-weight ); text-align: var(--text-align); font-size: 1.15rem; color: #777777;\">\u00a0<\/span><span style=\"font-family: var( --e-global-typography-text-font-family ), Sans-serif; font-weight: var( --e-global-typography-text-font-weight ); text-align: var(--text-align); color: #777777; font-size: 1.15rem;\">wird seine spezialisierte Versorgung weiter ausbauen und hofft auf eine fortw\u00e4hrende Unterst\u00fctzung der Politik, um dem wachsenden Bedarf an qualifizierter Wundversorgung gerecht zu werden. Weitere Informationen zu den Leistungen und Kontaktm\u00f6glichkeiten am Standort Warendorf finden Sie unter <a href=\"https:\/\/www.wundzentren.de\/warendorf\/\">https:\/\/www.wundzentren.de\/warendorf<\/a> oder telefonisch unter <a href=\"tel:025815254700\">02581 &#8211; 525 47 00<\/a>.<\/span><\/p><div>\u00a0<\/div><\/div><\/section><section style=\"-webkit-tap-highlight-color: transparent; box-sizing: inherit; width: 840px;\"><div style=\"-webkit-tap-highlight-color: transparent; box-sizing: inherit; counter-reset: section 0; padding-right: 20px; padding-left: 20px; width: 840px; color: #777777;\"><div>\u00a0<\/div><p style=\"-webkit-tap-highlight-color: transparent; box-sizing: inherit; font-weight: 400; margin-bottom: 15px; font-size: 1.15rem; line-height: 1.625rem;\">\u00a0<\/p><\/div><\/section>\t\t\t\t\t\t<\/div>\n\t\t\t\t<\/div>\n\t\t<div class=\"elementor-element elementor-element-9818237 e-flex e-con-boxed e-con e-child\" data-id=\"9818237\" data-element_type=\"container\">\n\t\t\t\t\t<div class=\"e-con-inner\">\n\t\t\t\t<div class=\"elementor-element elementor-element-fcd3126 elementor-widget elementor-widget-text-editor\" data-id=\"fcd3126\" data-element_type=\"widget\" data-widget_type=\"text-editor.default\">\n\t\t\t\t<div class=\"elementor-widget-container\">\n\t\t\t\t\t\t\t<p><strong>About WCC-WoundCareCenters<\/strong><br \/>Seit 2008 konnten mit dem bew\u00e4hrten Behandlungskonzept der WZ-WundZentren mehr als 50.000 Patienten an aktuell 24 Standorten in Deutschland erfolgreich behandelt werden.\u00a0 Die WZ-WundZentren sind spezialisierte ambulante Einrichtungen mit h\u00f6chsten hygienischen Standards, in denen ausschlie\u00dflich Patienten mit chronischen und schwer heilenden Wunden behandelt werden. WZ-WundZentren sind durch das HHVG (Heil-Hilfsmittel-Versorgungs-Gesetz) als eigenst\u00e4ndiger Leistungserbringer im Sinne des SGB V (Sozialgesetzbuch) definiert. Die Leistungen in den WZ-WundZentren als spezialisierte Einrichtungen, die sich auf die Behandlung von chronischen und schwer heilenden Wunden spezialisiert haben, werden von den Krankenkassen \u00fcber \u00a7 37 Abs. 7 SGB V auf der Grundlage der h\u00e4uslichen Krankenpflege geltend gemacht. Dort arbeiten Pflegefachpersonen, die zus\u00e4tzlich zu ihrer 3-j\u00e4hrigen Ausbildung in der Kranken- oder Altenpflege \u00fcber eine spezialisierte Zusatzqualifikation in der Wundbehandlung verf\u00fcgen.<\/p><p>Die WZ-WundZentren GmbH mit Sitz in D\u00fcsseldorf ist ein Unternehmen der recucare Gruppe.<\/p><p>Weitere Informationen unter:\u00a0<a href=\"https:\/\/www.wundzentren.de\"><strong><span style=\"color: #777777; font-family: Barlow-Medium, Helvetica, Arial, Lucida; font-size: 1.15rem; text-align: var(--text-align);\"> www.wundzentren.de<\/span><\/strong><\/a>\u00a0<\/p>\t\t\t\t\t\t<\/div>\n\t\t\t\t<\/div>\n\t\t\t\t\t<\/div>\n\t\t\t\t<\/div>\n\t\t\t\t<div class=\"elementor-element elementor-element-2a253e9 elementor-widget elementor-widget-text-editor\" data-id=\"2a253e9\" data-element_type=\"widget\" data-widget_type=\"text-editor.default\">\n\t\t\t\t<div class=\"elementor-widget-container\">\n\t\t\t\t\t\t\t<div class=\"b-intro is-no-divider\" style=\"-webkit-tap-highlight-color: transparent; box-sizing: inherit; position: relative; width: 840px; padding-right: 20px; padding-left: 20px;\"><div class=\"content b-richtext-content\" style=\"-webkit-tap-highlight-color: transparent; box-sizing: inherit; counter-reset: section 0; width: 800px; color: #777777; font-size: 1.25rem; line-height: 1.6875rem;\"><p style=\"-webkit-tap-highlight-color: transparent; box-sizing: inherit; margin-bottom: 15px; font-size: 1.15rem; line-height: 1.625rem; font-family: Barlow-Medium, Helvetica, Arial, Lucida;\"><span style=\"-webkit-tap-highlight-color: transparent; box-sizing: inherit; font-weight: 600;\">Pressekontakt:<\/span><\/p><p style=\"-webkit-tap-highlight-color: transparent; box-sizing: inherit; margin-bottom: 15px; font-size: 1.15rem; line-height: 1.625rem; font-family: Barlow-Medium, Helvetica, Arial, Lucida;\">recucare GmbH<br style=\"-webkit-tap-highlight-color: transparent; box-sizing: inherit;\" \/>Edna Frenthoff<\/p><p style=\"-webkit-tap-highlight-color: transparent; box-sizing: inherit; margin-bottom: 15px; font-size: 1.15rem; line-height: 1.625rem; font-family: Barlow-Medium, Helvetica, Arial, Lucida;\">Heilbronner Stra\u00dfe 156<br style=\"-webkit-tap-highlight-color: transparent; box-sizing: inherit;\" \/>70191 Stuttgart<br style=\"-webkit-tap-highlight-color: transparent; box-sizing: inherit;\" \/>Tel.: 0711 &#8211; 900 071 10 42<br style=\"-webkit-tap-highlight-color: transparent; box-sizing: inherit;\" \/>E-Mail:\u00a0<a style=\"-webkit-tap-highlight-color: transparent; box-sizing: inherit; color: #8cb8c6; font-weight: 600;\" href=\"mailto:presse@recucare.de\" target=\"_blank\" rel=\"noopener\">presse@recucare.de<\/a><\/p><p style=\"-webkit-tap-highlight-color: transparent; box-sizing: inherit; margin-bottom: 15px; font-size: 1.15rem; line-height: 1.625rem; font-family: Barlow-Medium, Helvetica, Arial, Lucida;\"><br style=\"-webkit-tap-highlight-color: transparent; box-sizing: inherit;\" \/><span style=\"-webkit-tap-highlight-color: transparent; box-sizing: inherit; font-weight: 600;\">Weiterf\u00fchrende Links:<\/span><br style=\"-webkit-tap-highlight-color: transparent; box-sizing: inherit;\" \/><a style=\"-webkit-tap-highlight-color: transparent; box-sizing: inherit; color: #8cb8c6; font-weight: 600;\" href=\"https:\/\/www.wundzentren.de\/wz-de\/presse\/pressefotos\" target=\"_blank\" rel=\"noopener\">https:\/\/wundzentren.de\/presse\/pressefotos<\/a><\/p><\/div><\/div><section class=\"b-article-section\" style=\"-webkit-tap-highlight-color: transparent; box-sizing: inherit; width: 840px;\"><div class=\"b-richtext-content\" style=\"-webkit-tap-highlight-color: transparent; box-sizing: inherit; counter-reset: section 0; padding-right: 20px; padding-left: 20px; width: 840px; color: #777777;\"><p style=\"-webkit-tap-highlight-color: transparent; box-sizing: inherit; font-weight: 400; margin-bottom: 15px; font-size: 1.15rem; line-height: 1.625rem;\">\u00a0<\/p><\/div><\/section>\t\t\t\t\t\t<\/div>\n\t\t\t\t<\/div>\n\t\t<div class=\"elementor-element elementor-element-a4c45ae e-flex e-con-boxed e-con e-child\" data-id=\"a4c45ae\" data-element_type=\"container\">\n\t\t\t\t\t<div class=\"e-con-inner\">\n\t\t\t\t\t<\/div>\n\t\t\t\t<\/div>\n\t\t\t\t<\/div>\n\t\t\t\t\t<\/div>\n\t\t\t\t<\/div>\n\t\t\t\t<\/div>","protected":false},"excerpt":{"rendered":"<p>Unternehmen &amp; Leistungen Wundlexikon Standorte Jobs &amp;amp Karriere Neuigkeiten &amp; Presse Menu Neuigkeiten &amp; Presse Presse &amp; Aktuelles Messen \u2013 Veranstaltungen Presse-Fotos Ansprechpartner 4. November 2024 Gelungener politischer Dialog im WZ-WundZentrum Warendorf: Bundestagsabgeordneter Dr. Georg Kippels (CDU\/CSU) zu Besuch in der spezialisierten ambulanten Pflegeeinrichtung D\u00fcsseldorf\/Warendorf, 04.11.2024.\u00a0Am 30. Oktober 2024 besuchte der Bundestagsabgeordnete Dr. Georg Kippels&#8230;<\/p>","protected":false},"author":3,"featured_media":0,"comment_status":"closed","ping_status":"open","sticky":false,"template":"","format":"standard","meta":{"footnotes":""},"categories":[1],"tags":[],"class_list":["post-11176","post","type-post","status-publish","format-standard","hentry","category-allgemein"],"yoast_head":"<!-- This site is optimized with the Yoast SEO plugin v24.4 - https:\/\/yoast.com\/wordpress\/plugins\/seo\/ -->\n<title>Politischer Dialog im WZ-WundZentrum Warendorf - WZ-WundZentren: Ihr Spezialist f\u00fcr die Behandlung von chronischen und schwer heilenden Wunden<\/title>\n<meta name=\"description\" content=\"Bundestagsabgeordneter Dr. Georg Kippels (CDU\/CSU) zu Besuch in der spezialisierten ambulanten Pflegeeinrichtung\" \/>\n<meta name=\"robots\" content=\"index, follow, max-snippet:-1, max-image-preview:large, max-video-preview:-1\" \/>\n<link rel=\"canonical\" href=\"https:\/\/www.wundzentren.de\/en\/2024\/11\/05\/politischer-dialog-im-wz-wundzentrum-warendorf\/\" \/>\n<meta property=\"og:locale\" content=\"en_GB\" \/>\n<meta property=\"og:type\" content=\"article\" \/>\n<meta property=\"og:title\" content=\"Politischer Dialog im WZ-WundZentrum Warendorf - WZ-WundZentren: Ihr Spezialist f\u00fcr die Behandlung von chronischen und schwer heilenden Wunden\" \/>\n<meta property=\"og:description\" content=\"Bundestagsabgeordneter Dr. Georg Kippels (CDU\/CSU) zu Besuch in der spezialisierten ambulanten Pflegeeinrichtung\" \/>\n<meta property=\"og:url\" content=\"https:\/\/www.wundzentren.de\/en\/2024\/11\/05\/politischer-dialog-im-wz-wundzentrum-warendorf\/\" \/>\n<meta property=\"og:site_name\" content=\"WZ-WundZentren: Ihr Spezialist f\u00fcr die Behandlung von chronischen und schwer heilenden Wunden\" \/>\n<meta property=\"article:published_time\" content=\"2024-11-05T08:05:57+00:00\" \/>\n<meta property=\"article:modified_time\" content=\"2025-11-05T18:55:07+00:00\" \/>\n<meta property=\"og:image\" content=\"https:\/\/www.wundzentren.de\/wp-content\/uploads\/2024\/11\/Besuch-WZ-4-1280x960.jpg\" \/>\n<meta name=\"author\" content=\"Edna Frenthoff\" \/>\n<meta name=\"twitter:card\" content=\"summary_large_image\" \/>\n<meta name=\"twitter:label1\" content=\"Written by\" \/>\n\t<meta name=\"twitter:data1\" content=\"Edna Frenthoff\" \/>\n\t<meta name=\"twitter:label2\" content=\"Estimated reading time\" \/>\n\t<meta name=\"twitter:data2\" content=\"4 minutes\" \/>\n<script type=\"application\/ld+json\" class=\"yoast-schema-graph\">{\"@context\":\"https:\/\/schema.org\",\"@graph\":[{\"@type\":\"WebPage\",\"@id\":\"https:\/\/www.wundzentren.de\/2024\/11\/05\/politischer-dialog-im-wz-wundzentrum-warendorf\/\",\"url\":\"https:\/\/www.wundzentren.de\/2024\/11\/05\/politischer-dialog-im-wz-wundzentrum-warendorf\/\",\"name\":\"Politischer Dialog im WZ-WundZentrum Warendorf - WZ-WundZentren: Ihr Spezialist f\u00fcr die Behandlung von chronischen und schwer heilenden Wunden\",\"isPartOf\":{\"@id\":\"https:\/\/www.wundzentren.de\/#website\"},\"primaryImageOfPage\":{\"@id\":\"https:\/\/www.wundzentren.de\/2024\/11\/05\/politischer-dialog-im-wz-wundzentrum-warendorf\/#primaryimage\"},\"image\":{\"@id\":\"https:\/\/www.wundzentren.de\/2024\/11\/05\/politischer-dialog-im-wz-wundzentrum-warendorf\/#primaryimage\"},\"thumbnailUrl\":\"https:\/\/www.wundzentren.de\/wp-content\/uploads\/2024\/11\/Besuch-WZ-4-1280x960.jpg\",\"datePublished\":\"2024-11-05T08:05:57+00:00\",\"dateModified\":\"2025-11-05T18:55:07+00:00\",\"author\":{\"@id\":\"https:\/\/www.wundzentren.de\/#\/schema\/person\/654ba28b48eafa5bca4420e965c120bd\"},\"description\":\"Bundestagsabgeordneter Dr. Georg Kippels (CDU\/CSU) zu Besuch in der spezialisierten ambulanten Pflegeeinrichtung\",\"breadcrumb\":{\"@id\":\"https:\/\/www.wundzentren.de\/2024\/11\/05\/politischer-dialog-im-wz-wundzentrum-warendorf\/#breadcrumb\"},\"inLanguage\":\"en-GB\",\"potentialAction\":[{\"@type\":\"ReadAction\",\"target\":[\"https:\/\/www.wundzentren.de\/2024\/11\/05\/politischer-dialog-im-wz-wundzentrum-warendorf\/\"]}]},{\"@type\":\"ImageObject\",\"inLanguage\":\"en-GB\",\"@id\":\"https:\/\/www.wundzentren.de\/2024\/11\/05\/politischer-dialog-im-wz-wundzentrum-warendorf\/#primaryimage\",\"url\":\"https:\/\/www.wundzentren.de\/wp-content\/uploads\/2024\/11\/Besuch-WZ-4-1280x960.jpg\",\"contentUrl\":\"https:\/\/www.wundzentren.de\/wp-content\/uploads\/2024\/11\/Besuch-WZ-4-1280x960.jpg\"},{\"@type\":\"BreadcrumbList\",\"@id\":\"https:\/\/www.wundzentren.de\/2024\/11\/05\/politischer-dialog-im-wz-wundzentrum-warendorf\/#breadcrumb\",\"itemListElement\":[{\"@type\":\"ListItem\",\"position\":1,\"name\":\"Startseite\",\"item\":\"https:\/\/www.wundzentren.de\/\"},{\"@type\":\"ListItem\",\"position\":2,\"name\":\"Gelungener politischer Dialog im WZ-WundZentrum Warendorf: Bundestagsabgeordneter Dr. Georg Kippels (CDU\/CSU) zu Besuch in der spezialisierten ambulanten Pflegeeinrichtung\"}]},{\"@type\":\"WebSite\",\"@id\":\"https:\/\/www.wundzentren.de\/#website\",\"url\":\"https:\/\/www.wundzentren.de\/\",\"name\":\"WZ-WundZentren: Ihr Spezialist f\u00fcr die Behandlung von chronischen und schwer heilenden Wunden\",\"description\":\"\",\"potentialAction\":[{\"@type\":\"SearchAction\",\"target\":{\"@type\":\"EntryPoint\",\"urlTemplate\":\"https:\/\/www.wundzentren.de\/?s={search_term_string}\"},\"query-input\":{\"@type\":\"PropertyValueSpecification\",\"valueRequired\":true,\"valueName\":\"search_term_string\"}}],\"inLanguage\":\"en-GB\"},{\"@type\":\"Person\",\"@id\":\"https:\/\/www.wundzentren.de\/#\/schema\/person\/654ba28b48eafa5bca4420e965c120bd\",\"name\":\"Edna Frenthoff\",\"image\":{\"@type\":\"ImageObject\",\"inLanguage\":\"en-GB\",\"@id\":\"https:\/\/www.wundzentren.de\/#\/schema\/person\/image\/\",\"url\":\"https:\/\/secure.gravatar.com\/avatar\/8fcdcbaf7716ad2a00baa06517e80432c069b10e94950339fdc452eb633f3f59?s=96&d=mm&r=g\",\"contentUrl\":\"https:\/\/secure.gravatar.com\/avatar\/8fcdcbaf7716ad2a00baa06517e80432c069b10e94950339fdc452eb633f3f59?s=96&d=mm&r=g\",\"caption\":\"Edna Frenthoff\"},\"url\":\"https:\/\/www.wundzentren.de\/en\/author\/edna-frenthoff\/\"}]}<\/script>\n<!-- \/ Yoast SEO plugin. -->","yoast_head_json":{"title":"Politischer Dialog im WZ-WundZentrum Warendorf - WZ-WundZentren: Ihr Spezialist f\u00fcr die Behandlung von chronischen und schwer heilenden Wunden","description":"Bundestagsabgeordneter Dr. Georg Kippels (CDU\/CSU) zu Besuch in der spezialisierten ambulanten Pflegeeinrichtung","robots":{"index":"index","follow":"follow","max-snippet":"max-snippet:-1","max-image-preview":"max-image-preview:large","max-video-preview":"max-video-preview:-1"},"canonical":"https:\/\/www.wundzentren.de\/en\/2024\/11\/05\/politischer-dialog-im-wz-wundzentrum-warendorf\/","og_locale":"en_GB","og_type":"article","og_title":"Politischer Dialog im WZ-WundZentrum Warendorf - WZ-WundZentren: Ihr Spezialist f\u00fcr die Behandlung von chronischen und schwer heilenden Wunden","og_description":"Bundestagsabgeordneter Dr. Georg Kippels (CDU\/CSU) zu Besuch in der spezialisierten ambulanten Pflegeeinrichtung","og_url":"https:\/\/www.wundzentren.de\/en\/2024\/11\/05\/politischer-dialog-im-wz-wundzentrum-warendorf\/","og_site_name":"WZ-WundZentren: Ihr Spezialist f\u00fcr die Behandlung von chronischen und schwer heilenden Wunden","article_published_time":"2024-11-05T08:05:57+00:00","article_modified_time":"2025-11-05T18:55:07+00:00","og_image":[{"url":"https:\/\/www.wundzentren.de\/wp-content\/uploads\/2024\/11\/Besuch-WZ-4-1280x960.jpg","type":"","width":"","height":""}],"author":"Edna Frenthoff","twitter_card":"summary_large_image","twitter_misc":{"Written by":"Edna Frenthoff","Estimated reading time":"4 minutes"},"schema":{"@context":"https:\/\/schema.org","@graph":[{"@type":"WebPage","@id":"https:\/\/www.wundzentren.de\/2024\/11\/05\/politischer-dialog-im-wz-wundzentrum-warendorf\/","url":"https:\/\/www.wundzentren.de\/2024\/11\/05\/politischer-dialog-im-wz-wundzentrum-warendorf\/","name":"Politischer Dialog im WZ-WundZentrum Warendorf - WZ-WundZentren: Ihr Spezialist f\u00fcr die Behandlung von chronischen und schwer heilenden Wunden","isPartOf":{"@id":"https:\/\/www.wundzentren.de\/#website"},"primaryImageOfPage":{"@id":"https:\/\/www.wundzentren.de\/2024\/11\/05\/politischer-dialog-im-wz-wundzentrum-warendorf\/#primaryimage"},"image":{"@id":"https:\/\/www.wundzentren.de\/2024\/11\/05\/politischer-dialog-im-wz-wundzentrum-warendorf\/#primaryimage"},"thumbnailUrl":"https:\/\/www.wundzentren.de\/wp-content\/uploads\/2024\/11\/Besuch-WZ-4-1280x960.jpg","datePublished":"2024-11-05T08:05:57+00:00","dateModified":"2025-11-05T18:55:07+00:00","author":{"@id":"https:\/\/www.wundzentren.de\/#\/schema\/person\/654ba28b48eafa5bca4420e965c120bd"},"description":"Bundestagsabgeordneter Dr. Georg Kippels (CDU\/CSU) zu Besuch in der spezialisierten ambulanten Pflegeeinrichtung","breadcrumb":{"@id":"https:\/\/www.wundzentren.de\/2024\/11\/05\/politischer-dialog-im-wz-wundzentrum-warendorf\/#breadcrumb"},"inLanguage":"en-GB","potentialAction":[{"@type":"ReadAction","target":["https:\/\/www.wundzentren.de\/2024\/11\/05\/politischer-dialog-im-wz-wundzentrum-warendorf\/"]}]},{"@type":"ImageObject","inLanguage":"en-GB","@id":"https:\/\/www.wundzentren.de\/2024\/11\/05\/politischer-dialog-im-wz-wundzentrum-warendorf\/#primaryimage","url":"https:\/\/www.wundzentren.de\/wp-content\/uploads\/2024\/11\/Besuch-WZ-4-1280x960.jpg","contentUrl":"https:\/\/www.wundzentren.de\/wp-content\/uploads\/2024\/11\/Besuch-WZ-4-1280x960.jpg"},{"@type":"BreadcrumbList","@id":"https:\/\/www.wundzentren.de\/2024\/11\/05\/politischer-dialog-im-wz-wundzentrum-warendorf\/#breadcrumb","itemListElement":[{"@type":"ListItem","position":1,"name":"Startseite","item":"https:\/\/www.wundzentren.de\/"},{"@type":"ListItem","position":2,"name":"Gelungener politischer Dialog im WZ-WundZentrum Warendorf: Bundestagsabgeordneter Dr. Georg Kippels (CDU\/CSU) zu Besuch in der spezialisierten ambulanten Pflegeeinrichtung"}]},{"@type":"WebSite","@id":"https:\/\/www.wundzentren.de\/#website","url":"https:\/\/www.wundzentren.de\/","name":"WZ-WundZentren: Ihr Spezialist f\u00fcr die Behandlung von chronischen und schwer heilenden Wunden","description":"","potentialAction":[{"@type":"SearchAction","target":{"@type":"EntryPoint","urlTemplate":"https:\/\/www.wundzentren.de\/?s={search_term_string}"},"query-input":{"@type":"PropertyValueSpecification","valueRequired":true,"valueName":"search_term_string"}}],"inLanguage":"en-GB"},{"@type":"Person","@id":"https:\/\/www.wundzentren.de\/#\/schema\/person\/654ba28b48eafa5bca4420e965c120bd","name":"Edna Frenthoff","image":{"@type":"ImageObject","inLanguage":"en-GB","@id":"https:\/\/www.wundzentren.de\/#\/schema\/person\/image\/","url":"https:\/\/secure.gravatar.com\/avatar\/8fcdcbaf7716ad2a00baa06517e80432c069b10e94950339fdc452eb633f3f59?s=96&d=mm&r=g","contentUrl":"https:\/\/secure.gravatar.com\/avatar\/8fcdcbaf7716ad2a00baa06517e80432c069b10e94950339fdc452eb633f3f59?s=96&d=mm&r=g","caption":"Edna Frenthoff"},"url":"https:\/\/www.wundzentren.de\/en\/author\/edna-frenthoff\/"}]}},"rttpg_featured_image_url":null,"rttpg_author":{"display_name":"Edna Frenthoff","author_link":"https:\/\/www.wundzentren.de\/en\/author\/edna-frenthoff\/"},"rttpg_comment":2,"rttpg_category":"<a href=\"https:\/\/www.wundzentren.de\/en\/category\/allgemein\/\" rel=\"category tag\">Allgemein<\/a>","rttpg_excerpt":"Unternehmen &amp; Leistungen Wundlexikon Standorte Jobs &amp;amp Karriere Neuigkeiten &amp; Presse Menu Neuigkeiten &amp; Presse Presse &amp; Aktuelles Messen \u2013 Veranstaltungen Presse-Fotos Ansprechpartner 4. November 2024 Gelungener politischer Dialog im WZ-WundZentrum Warendorf: Bundestagsabgeordneter Dr. Georg Kippels (CDU\/CSU) zu Besuch in der spezialisierten ambulanten Pflegeeinrichtung D\u00fcsseldorf\/Warendorf, 04.11.2024.\u00a0Am 30. Oktober 2024 besuchte der Bundestagsabgeordnete Dr. Georg Kippels...","_links":{"self":[{"href":"https:\/\/www.wundzentren.de\/en\/wp-json\/wp\/v2\/posts\/11176","targetHints":{"allow":["GET"]}}],"collection":[{"href":"https:\/\/www.wundzentren.de\/en\/wp-json\/wp\/v2\/posts"}],"about":[{"href":"https:\/\/www.wundzentren.de\/en\/wp-json\/wp\/v2\/types\/post"}],"author":[{"embeddable":true,"href":"https:\/\/www.wundzentren.de\/en\/wp-json\/wp\/v2\/users\/3"}],"replies":[{"embeddable":true,"href":"https:\/\/www.wundzentren.de\/en\/wp-json\/wp\/v2\/comments?post=11176"}],"version-history":[{"count":9,"href":"https:\/\/www.wundzentren.de\/en\/wp-json\/wp\/v2\/posts\/11176\/revisions"}],"predecessor-version":[{"id":11384,"href":"https:\/\/www.wundzentren.de\/en\/wp-json\/wp\/v2\/posts\/11176\/revisions\/11384"}],"wp:attachment":[{"href":"https:\/\/www.wundzentren.de\/en\/wp-json\/wp\/v2\/media?parent=11176"}],"wp:term":[{"taxonomy":"category","embeddable":true,"href":"https:\/\/www.wundzentren.de\/en\/wp-json\/wp\/v2\/categories?post=11176"},{"taxonomy":"post_tag","embeddable":true,"href":"https:\/\/www.wundzentren.de\/en\/wp-json\/wp\/v2\/tags?post=11176"}],"curies":[{"name":"wp","href":"https:\/\/api.w.org\/{rel}","templated":true}]}}