{"id":10911,"date":"2024-08-07T11:19:05","date_gmt":"2024-08-07T09:19:05","guid":{"rendered":"https:\/\/wz.wz-medcubes.de\/?p=10911"},"modified":"2025-11-05T19:55:07","modified_gmt":"2025-11-05T18:55:07","slug":"das-wz-wundzentrum-ulm-feiert-10-jaehriges-jubilaeum","status":"publish","type":"post","link":"https:\/\/www.wundzentren.de\/en\/2024\/08\/07\/das-wz-wundzentrum-ulm-feiert-10-jaehriges-jubilaeum\/","title":{"rendered":"10 years WCC-WoundCare Center Ulm"},"content":{"rendered":"<div data-elementor-type=\"wp-post\" data-elementor-id=\"10911\" class=\"elementor elementor-10911\">\n\t\t\t\t<div class=\"elementor-element elementor-element-6bc12e2 e-flex e-con-boxed e-con e-parent\" data-id=\"6bc12e2\" data-element_type=\"container\">\n\t\t\t\t\t<div class=\"e-con-inner\">\n\t\t<div class=\"elementor-element elementor-element-2646144 e-flex e-con-boxed e-con e-child\" data-id=\"2646144\" data-element_type=\"container\" data-settings=\"{&quot;background_background&quot;:&quot;slideshow&quot;,&quot;background_slideshow_gallery&quot;:[{&quot;id&quot;:12,&quot;url&quot;:&quot;https:\\\/\\\/wz.wz-medcubes.de\\\/wp-content\\\/uploads\\\/2024\\\/02\\\/img-headerbild-wundbehandlung-1.jpg&quot;}],&quot;background_slideshow_transition_duration&quot;:20,&quot;background_slideshow_loop&quot;:&quot;yes&quot;,&quot;background_slideshow_slide_duration&quot;:5000,&quot;background_slideshow_slide_transition&quot;:&quot;fade&quot;}\">\n\t\t\t\t\t<div class=\"e-con-inner\">\n\t\t<div class=\"elementor-element elementor-element-085240f e-con-full e-flex e-con e-child\" data-id=\"085240f\" data-element_type=\"container\" data-settings=\"{&quot;background_background&quot;:&quot;slideshow&quot;,&quot;background_slideshow_gallery&quot;:[],&quot;background_slideshow_loop&quot;:&quot;yes&quot;,&quot;background_slideshow_slide_duration&quot;:5000,&quot;background_slideshow_slide_transition&quot;:&quot;fade&quot;,&quot;background_slideshow_transition_duration&quot;:500}\">\n\t\t<div class=\"elementor-element elementor-element-b78f1d3 e-con-full e-flex e-con e-child\" data-id=\"b78f1d3\" data-element_type=\"container\">\n\t\t<a class=\"elementor-element elementor-element-2d75192 landing-nav-tab-hover e-flex e-con-boxed e-con e-child\" data-id=\"2d75192\" data-element_type=\"container\" data-settings=\"{&quot;background_background&quot;:&quot;classic&quot;}\" href=\"\/wordpress\/unternehmen-leistungen\/\">\n\t\t\t\t\t<div class=\"e-con-inner\">\n\t\t\t\t<div class=\"elementor-element elementor-element-6cc077e landing-nav-tab-title elementor-widget elementor-widget-heading\" data-id=\"6cc077e\" data-element_type=\"widget\" data-widget_type=\"heading.default\">\n\t\t\t\t<div class=\"elementor-widget-container\">\n\t\t\t<style>\/*! elementor - v3.21.0 - 26-05-2024 *\/\n.elementor-heading-title{padding:0;margin:0;line-height:1}.elementor-widget-heading .elementor-heading-title[class*=elementor-size-]>a{color:inherit;font-size:inherit;line-height:inherit}.elementor-widget-heading .elementor-heading-title.elementor-size-small{font-size:15px}.elementor-widget-heading .elementor-heading-title.elementor-size-medium{font-size:19px}.elementor-widget-heading .elementor-heading-title.elementor-size-large{font-size:29px}.elementor-widget-heading .elementor-heading-title.elementor-size-xl{font-size:39px}.elementor-widget-heading .elementor-heading-title.elementor-size-xxl{font-size:59px}<\/style><h2 class=\"elementor-heading-title elementor-size-default\">Company &amp; <br>Services<\/h2>\t\t<\/div>\n\t\t\t\t<\/div>\n\t\t\t\t\t<\/div>\n\t\t\t\t<\/a>\n\t\t\t\t<\/div>\n\t\t<div class=\"elementor-element elementor-element-fdfde77 e-con-full e-flex e-con e-child\" data-id=\"fdfde77\" data-element_type=\"container\">\n\t\t<a class=\"elementor-element elementor-element-ace2fe7 landing-nav-tab-hover e-flex e-con-boxed e-con e-child\" data-id=\"ace2fe7\" data-element_type=\"container\" data-settings=\"{&quot;background_background&quot;:&quot;classic&quot;}\" href=\"\/wordpress\/wundlexikon\/\">\n\t\t\t\t\t<div class=\"e-con-inner\">\n\t\t\t\t<div class=\"elementor-element elementor-element-0bf808b landing-nav-tab-title elementor-widget elementor-widget-heading\" data-id=\"0bf808b\" data-element_type=\"widget\" data-widget_type=\"heading.default\">\n\t\t\t\t<div class=\"elementor-widget-container\">\n\t\t\t<h2 class=\"elementor-heading-title elementor-size-default\">Wound dictionary<\/h2>\t\t<\/div>\n\t\t\t\t<\/div>\n\t\t\t\t\t<\/div>\n\t\t\t\t<\/a>\n\t\t\t\t<\/div>\n\t\t<div class=\"elementor-element elementor-element-197f2b7 e-con-full e-flex e-con e-child\" data-id=\"197f2b7\" data-element_type=\"container\">\n\t\t<a class=\"elementor-element elementor-element-ed7b5bf landing-nav-tab-hover e-flex e-con-boxed e-con e-child\" data-id=\"ed7b5bf\" data-element_type=\"container\" data-settings=\"{&quot;background_background&quot;:&quot;classic&quot;}\" href=\"\/wordpress\/standorte\/\">\n\t\t\t\t\t<div class=\"e-con-inner\">\n\t\t\t\t<div class=\"elementor-element elementor-element-fcd1701 landing-nav-tab-title elementor-widget elementor-widget-heading\" data-id=\"fcd1701\" data-element_type=\"widget\" data-widget_type=\"heading.default\">\n\t\t\t\t<div class=\"elementor-widget-container\">\n\t\t\t<h2 class=\"elementor-heading-title elementor-size-default\">Locations<\/h2>\t\t<\/div>\n\t\t\t\t<\/div>\n\t\t\t\t\t<\/div>\n\t\t\t\t<\/a>\n\t\t\t\t<\/div>\n\t\t<div class=\"elementor-element elementor-element-f00887c e-con-full e-flex e-con e-child\" data-id=\"f00887c\" data-element_type=\"container\">\n\t\t<a class=\"elementor-element elementor-element-c5349f9 landing-nav-tab-hover e-flex e-con-boxed e-con e-child\" data-id=\"c5349f9\" data-element_type=\"container\" data-settings=\"{&quot;background_background&quot;:&quot;classic&quot;}\" href=\"\/wordpress\/karriere\/\">\n\t\t\t\t\t<div class=\"e-con-inner\">\n\t\t\t\t<div class=\"elementor-element elementor-element-22ef642 landing-nav-tab-title elementor-widget elementor-widget-heading\" data-id=\"22ef642\" data-element_type=\"widget\" data-widget_type=\"heading.default\">\n\t\t\t\t<div class=\"elementor-widget-container\">\n\t\t\t<h2 class=\"elementor-heading-title elementor-size-default\">Jobs and career<\/h2>\t\t<\/div>\n\t\t\t\t<\/div>\n\t\t\t\t\t<\/div>\n\t\t\t\t<\/a>\n\t\t\t\t<\/div>\n\t\t<div class=\"elementor-element elementor-element-c901fa5 e-con-full e-flex e-con e-child\" data-id=\"c901fa5\" data-element_type=\"container\">\n\t\t<a class=\"elementor-element elementor-element-1b36ede landing-nav-tab-hover e-flex e-con-boxed e-con e-child\" data-id=\"1b36ede\" data-element_type=\"container\" data-settings=\"{&quot;background_background&quot;:&quot;classic&quot;}\" href=\"\/wordpress\/presse\/\">\n\t\t\t\t\t<div class=\"e-con-inner\">\n\t\t\t\t<div class=\"elementor-element elementor-element-5b477f1 landing-nav-tab-title elementor-widget elementor-widget-heading\" data-id=\"5b477f1\" data-element_type=\"widget\" data-widget_type=\"heading.default\">\n\t\t\t\t<div class=\"elementor-widget-container\">\n\t\t\t<h2 class=\"elementor-heading-title elementor-size-default\">News &amp;<br>Press<\/h2>\t\t<\/div>\n\t\t\t\t<\/div>\n\t\t\t\t\t<\/div>\n\t\t\t\t<\/a>\n\t\t\t\t<\/div>\n\t\t\t\t<\/div>\n\t\t\t\t<div class=\"elementor-element elementor-element-8664ed8 hfe-submenu-icon-plus hfe-nav-menu__breakpoint-none elementor-widget__width-initial hfe-link-redirect-self_link remove-on-md elementor-absolute hfe-nav-menu__align-left elementor-widget elementor-widget-navigation-menu\" data-id=\"8664ed8\" data-element_type=\"widget\" data-settings=\"{&quot;toggle_size&quot;:{&quot;unit&quot;:&quot;px&quot;,&quot;size&quot;:40,&quot;sizes&quot;:[]},&quot;toggle_border_width&quot;:{&quot;unit&quot;:&quot;px&quot;,&quot;size&quot;:0,&quot;sizes&quot;:[]},&quot;_position&quot;:&quot;absolute&quot;,&quot;padding_horizontal_menu_item&quot;:{&quot;unit&quot;:&quot;px&quot;,&quot;size&quot;:15,&quot;sizes&quot;:[]},&quot;padding_horizontal_menu_item_tablet&quot;:{&quot;unit&quot;:&quot;px&quot;,&quot;size&quot;:&quot;&quot;,&quot;sizes&quot;:[]},&quot;padding_horizontal_menu_item_mobile&quot;:{&quot;unit&quot;:&quot;px&quot;,&quot;size&quot;:&quot;&quot;,&quot;sizes&quot;:[]},&quot;padding_vertical_menu_item&quot;:{&quot;unit&quot;:&quot;px&quot;,&quot;size&quot;:15,&quot;sizes&quot;:[]},&quot;padding_vertical_menu_item_tablet&quot;:{&quot;unit&quot;:&quot;px&quot;,&quot;size&quot;:&quot;&quot;,&quot;sizes&quot;:[]},&quot;padding_vertical_menu_item_mobile&quot;:{&quot;unit&quot;:&quot;px&quot;,&quot;size&quot;:&quot;&quot;,&quot;sizes&quot;:[]},&quot;menu_space_between&quot;:{&quot;unit&quot;:&quot;px&quot;,&quot;size&quot;:&quot;&quot;,&quot;sizes&quot;:[]},&quot;menu_space_between_tablet&quot;:{&quot;unit&quot;:&quot;px&quot;,&quot;size&quot;:&quot;&quot;,&quot;sizes&quot;:[]},&quot;menu_space_between_mobile&quot;:{&quot;unit&quot;:&quot;px&quot;,&quot;size&quot;:&quot;&quot;,&quot;sizes&quot;:[]},&quot;dropdown_border_radius&quot;:{&quot;unit&quot;:&quot;px&quot;,&quot;top&quot;:&quot;&quot;,&quot;right&quot;:&quot;&quot;,&quot;bottom&quot;:&quot;&quot;,&quot;left&quot;:&quot;&quot;,&quot;isLinked&quot;:true},&quot;dropdown_border_radius_tablet&quot;:{&quot;unit&quot;:&quot;px&quot;,&quot;top&quot;:&quot;&quot;,&quot;right&quot;:&quot;&quot;,&quot;bottom&quot;:&quot;&quot;,&quot;left&quot;:&quot;&quot;,&quot;isLinked&quot;:true},&quot;dropdown_border_radius_mobile&quot;:{&quot;unit&quot;:&quot;px&quot;,&quot;top&quot;:&quot;&quot;,&quot;right&quot;:&quot;&quot;,&quot;bottom&quot;:&quot;&quot;,&quot;left&quot;:&quot;&quot;,&quot;isLinked&quot;:true},&quot;padding_horizontal_dropdown_item&quot;:{&quot;unit&quot;:&quot;px&quot;,&quot;size&quot;:&quot;&quot;,&quot;sizes&quot;:[]},&quot;padding_horizontal_dropdown_item_tablet&quot;:{&quot;unit&quot;:&quot;px&quot;,&quot;size&quot;:&quot;&quot;,&quot;sizes&quot;:[]},&quot;padding_horizontal_dropdown_item_mobile&quot;:{&quot;unit&quot;:&quot;px&quot;,&quot;size&quot;:&quot;&quot;,&quot;sizes&quot;:[]},&quot;padding_vertical_dropdown_item&quot;:{&quot;unit&quot;:&quot;px&quot;,&quot;size&quot;:15,&quot;sizes&quot;:[]},&quot;padding_vertical_dropdown_item_tablet&quot;:{&quot;unit&quot;:&quot;px&quot;,&quot;size&quot;:&quot;&quot;,&quot;sizes&quot;:[]},&quot;padding_vertical_dropdown_item_mobile&quot;:{&quot;unit&quot;:&quot;px&quot;,&quot;size&quot;:&quot;&quot;,&quot;sizes&quot;:[]},&quot;distance_from_menu&quot;:{&quot;unit&quot;:&quot;px&quot;,&quot;size&quot;:&quot;&quot;,&quot;sizes&quot;:[]},&quot;distance_from_menu_tablet&quot;:{&quot;unit&quot;:&quot;px&quot;,&quot;size&quot;:&quot;&quot;,&quot;sizes&quot;:[]},&quot;distance_from_menu_mobile&quot;:{&quot;unit&quot;:&quot;px&quot;,&quot;size&quot;:&quot;&quot;,&quot;sizes&quot;:[]},&quot;toggle_size_tablet&quot;:{&quot;unit&quot;:&quot;px&quot;,&quot;size&quot;:&quot;&quot;,&quot;sizes&quot;:[]},&quot;toggle_size_mobile&quot;:{&quot;unit&quot;:&quot;px&quot;,&quot;size&quot;:&quot;&quot;,&quot;sizes&quot;:[]},&quot;toggle_border_width_tablet&quot;:{&quot;unit&quot;:&quot;px&quot;,&quot;size&quot;:&quot;&quot;,&quot;sizes&quot;:[]},&quot;toggle_border_width_mobile&quot;:{&quot;unit&quot;:&quot;px&quot;,&quot;size&quot;:&quot;&quot;,&quot;sizes&quot;:[]},&quot;toggle_border_radius&quot;:{&quot;unit&quot;:&quot;px&quot;,&quot;size&quot;:&quot;&quot;,&quot;sizes&quot;:[]},&quot;toggle_border_radius_tablet&quot;:{&quot;unit&quot;:&quot;px&quot;,&quot;size&quot;:&quot;&quot;,&quot;sizes&quot;:[]},&quot;toggle_border_radius_mobile&quot;:{&quot;unit&quot;:&quot;px&quot;,&quot;size&quot;:&quot;&quot;,&quot;sizes&quot;:[]}}\" data-widget_type=\"navigation-menu.default\">\n\t\t\t\t<div class=\"elementor-widget-container\">\n\t\t\t\t\t\t<div class=\"hfe-nav-menu hfe-layout-vertical hfe-nav-menu-layout vertical\" data-layout=\"vertical\">\n\t\t\t\t<div role=\"button\" class=\"hfe-nav-menu__toggle elementor-clickable\">\n\t\t\t\t\t<span class=\"screen-reader-text\">Menu<\/span>\n\t\t\t\t\t<div class=\"hfe-nav-menu-icon\">\n\t\t\t\t\t\t\t\t\t\t\t<\/div>\n\t\t\t\t<\/div>\n\t\t\t\t<nav itemscope=\"itemscope\" itemtype=\"https:\/\/schema.org\/SiteNavigationElement\" class=\"hfe-nav-menu__layout-vertical hfe-nav-menu__submenu-plus\" data-toggle-icon=\"\" data-close-icon=\"\" data-full-width=\"\">\n\t\t\t\t\t<ul id=\"menu-1-8664ed8\" class=\"hfe-nav-menu\"><li id=\"menu-item-5347\" itemprop=\"name\" class=\"menu-item menu-item-type-post_type menu-item-object-page parent hfe-creative-menu\"><a href=\"https:\/\/www.wundzentren.de\/en\/presse\/\" itemprop=\"url\" class = \"hfe-menu-item\">News &amp; Press<\/a><\/li>\n<li id=\"menu-item-5342\" itemprop=\"name\" class=\"menu-item menu-item-type-post_type menu-item-object-page parent hfe-creative-menu\"><a href=\"https:\/\/www.wundzentren.de\/en\/presse\/pressemitteilungen\/\" itemprop=\"url\" class = \"hfe-menu-item\">Press &amp; News<\/a><\/li>\n<li id=\"menu-item-5341\" itemprop=\"name\" class=\"menu-item menu-item-type-post_type menu-item-object-page parent hfe-creative-menu\"><a href=\"https:\/\/www.wundzentren.de\/en\/presse\/messen-veranstaltungen\/\" itemprop=\"url\" class = \"hfe-menu-item\">Trade fairs &amp; Events<\/a><\/li>\n<li id=\"menu-item-5340\" itemprop=\"name\" class=\"menu-item menu-item-type-post_type menu-item-object-page parent hfe-creative-menu\"><a href=\"https:\/\/www.wundzentren.de\/en\/presse\/pressefotos\/\" itemprop=\"url\" class = \"hfe-menu-item\">Press photos<\/a><\/li>\n<li id=\"menu-item-5339\" itemprop=\"name\" class=\"menu-item menu-item-type-post_type menu-item-object-page parent hfe-creative-menu\"><a href=\"https:\/\/www.wundzentren.de\/en\/presse\/ansprechpartner\/\" itemprop=\"url\" class = \"hfe-menu-item\">Contact<\/a><\/li>\n<\/ul> \n\t\t\t\t<\/nav>\n\t\t\t<\/div>\n\t\t\t\t\t<\/div>\n\t\t\t\t<\/div>\n\t\t\t\t\t<\/div>\n\t\t\t\t<\/div>\n\t\t\t\t\t<\/div>\n\t\t\t\t<\/div>\n\t\t<div class=\"elementor-element elementor-element-0a3e684 e-flex e-con-boxed e-con e-parent\" data-id=\"0a3e684\" data-element_type=\"container\">\n\t\t\t\t\t<div class=\"e-con-inner\">\n\t\t<div class=\"elementor-element elementor-element-cc6c699 e-flex e-con-boxed e-con e-child\" data-id=\"cc6c699\" data-element_type=\"container\">\n\t\t\t\t\t<div class=\"e-con-inner\">\n\t\t\t\t<div class=\"elementor-element elementor-element-1219ead elementor-widget elementor-widget-image\" data-id=\"1219ead\" data-element_type=\"widget\" data-widget_type=\"image.default\">\n\t\t\t\t<div class=\"elementor-widget-container\">\n\t\t\t<style>\/*! elementor - v3.21.0 - 26-05-2024 *\/\n.elementor-widget-image{text-align:center}.elementor-widget-image a{display:inline-block}.elementor-widget-image a img[src$=\".svg\"]{width:48px}.elementor-widget-image img{vertical-align:middle;display:inline-block}<\/style>\t\t\t\t\t\t\t\t\t\t<img fetchpriority=\"high\" decoding=\"async\" width=\"760\" height=\"506\" src=\"https:\/\/www.wundzentren.de\/wp-content\/uploads\/2024\/08\/img-Rezeption_WZ-Ulm2.png\" class=\"attachment-1536x1536 size-1536x1536 wp-image-10918\" alt=\"10 Jahre WZ-WundZentrum Ulm\" \/>\t\t\t\t\t\t\t\t\t\t\t\t\t<\/div>\n\t\t\t\t<\/div>\n\t\t\t\t<div class=\"elementor-element elementor-element-2c15c9e elementor-widget elementor-widget-text-editor\" data-id=\"2c15c9e\" data-element_type=\"widget\" data-widget_type=\"text-editor.default\">\n\t\t\t\t<div class=\"elementor-widget-container\">\n\t\t\t<style>\/*! elementor - v3.21.0 - 26-05-2024 *\/\n.elementor-widget-text-editor.elementor-drop-cap-view-stacked .elementor-drop-cap{background-color:#69727d;color:#fff}.elementor-widget-text-editor.elementor-drop-cap-view-framed .elementor-drop-cap{color:#69727d;border:3px solid;background-color:transparent}.elementor-widget-text-editor:not(.elementor-drop-cap-view-default) .elementor-drop-cap{margin-top:8px}.elementor-widget-text-editor:not(.elementor-drop-cap-view-default) .elementor-drop-cap-letter{width:1em;height:1em}.elementor-widget-text-editor .elementor-drop-cap{float:left;text-align:center;line-height:1;font-size:50px}.elementor-widget-text-editor .elementor-drop-cap-letter{display:inline-block}<\/style>\t\t\t\t<div style=\"-webkit-tap-highlight-color: transparent; box-sizing: inherit; position: relative; width: 840px; padding-right: 20px; padding-left: 20px; color: #000000; font-family: Barlow-Medium, Helvetica, Arial, Lucida; font-size: medium;\"><header style=\"-webkit-tap-highlight-color: transparent; box-sizing: inherit;\"><p style=\"-webkit-tap-highlight-color: transparent; box-sizing: inherit; font-weight: 400; margin-bottom: 15px; font-size: 1.15rem; line-height: 1.625rem; color: #777777; font-family: Barlow-Medium, Helvetica, Arial, Lucida;\"><a style=\"-webkit-tap-highlight-color: transparent; box-sizing: inherit; color: #8cb8c6; font-weight: 600;\" href=\"https:\/\/wz.wz-medcubes.de\/wp-content\/uploads\/2024\/08\/082024_PM-10-Jahre-WZ-Ulm.pdf\" target=\"_blank\" rel=\"noopener\">Download Pressemitteilung (PDF 174 KB)<\/a><\/p><p style=\"-webkit-tap-highlight-color: transparent; box-sizing: inherit; font-weight: 400; margin-bottom: 15px; font-size: 1.15rem; line-height: 1.625rem; color: #777777; font-family: Barlow-Medium, Helvetica, Arial, Lucida;\"><span style=\"-webkit-tap-highlight-color: transparent; box-sizing: inherit; font-weight: 600;\">10 Jahre WZ-WundZentrum Ulm<\/span><\/p><p style=\"-webkit-tap-highlight-color: transparent; box-sizing: inherit; font-weight: 400; margin-bottom: 15px; font-size: 1.15rem; line-height: 1.625rem; color: #777777; font-family: Barlow-Medium, Helvetica, Arial, Lucida;\"><em style=\"-webkit-tap-highlight-color: transparent; box-sizing: inherit;\">D\u00fcsseldorf\/Ulm<\/em><em style=\"-webkit-tap-highlight-color: transparent; box-sizing: inherit;\">, 05.08.2024. <\/em><span style=\"-webkit-tap-highlight-color: transparent; box-sizing: inherit; font-weight: 600;\">Seit nunmehr 10 Jahren k\u00f6nnen sich Menschen mit chronischen und schwer heilenden Wunden in Ulm und Umgebung in den R\u00e4umen des WZ-WundZentrum von Spezialisten ambulant behandeln lassen.<\/span><br style=\"-webkit-tap-highlight-color: transparent; box-sizing: inherit;\" \/><br style=\"-webkit-tap-highlight-color: transparent; box-sizing: inherit;\" \/>Das WZ-WundZentrum Ulm ist als ambulante Pflegeeinrichtung nach \u00a7132a Abs. 4 SGB V zugelassen und Vertragspartner aller Krankenkassen. Es ist eine der ersten von den Krankenkassen zugelassenen Pflegeeinrichtungen mit einer solchen Spezialisierung.<br \/>\u201eWir sind sehr stolz, dieses Jubil\u00e4um in Ulm feiern zu k\u00f6nnen! Als spezialisierte ambulante Pflegeeinrichtung f\u00fcr die Behandlung chronischer und schwer heilender Wunden konnten in den vergangenen Jahren bereits viele Betroffene von unserem Leistungsangebot profitieren. Mehr als 3.000 Patienten konnten sich nach teils jahrelangem Krankheits- und Schmerzverlauf von der Heilung ihrer Wunde und der Versorgungsqualit\u00e4t im WZ-WundZentrum \u00fcberzeugen\u201c, so Andr\u00e9 Lantin, Gesch\u00e4ftsf\u00fchrer und Gr\u00fcnder der WZ-WundZentren GmbH. \u201eWir danken unseren Partnern und Zuweisern f\u00fcr die gute Zusammenarbeit und das entgegengebrachte Vertrauen, das eine so erfolgreiche Behandlung erst m\u00f6glich macht.\u201c<\/p><p style=\"-webkit-tap-highlight-color: transparent; box-sizing: inherit; font-weight: 400; margin-bottom: 15px; font-size: 1.15rem; line-height: 1.625rem; color: #777777; font-family: Barlow-Medium, Helvetica, Arial, Lucida;\"><span style=\"font-size: 1.15rem; font-weight: 600; text-align: var(--text-align);\">Patient im Mittelpunkt<\/span><\/p><p style=\"-webkit-tap-highlight-color: transparent; box-sizing: inherit; font-weight: 400; margin-bottom: 15px; font-size: 1.15rem; line-height: 1.625rem; color: #777777; font-family: Barlow-Medium, Helvetica, Arial, Lucida;\">Die spezialisierten Pflegefachpersonen des WZ-WundZentrums Ulm, unter der Leitung von Stefanie Sch\u00e4dle, nehmen sich ausreichend Zeit f\u00fcr eine umfangreiche Pflegeanamnese, Beratung und Behandlung ihrer Patienten. Seit Sommer 2021 arbeiten wir eng mit Dr. med. Gregor Cammerer, Facharzt f\u00fcr Chirurgie, Viszeralchirurgie, Spezielle Viszeralchirurgie und Medikament\u00f6se Tumortherapie, zusammen. Dr. Cammerer unterst\u00fctzt uns als \u00e4rztlicher Kooperationspartner am Standort. Um der wachsenden Nachfrage gerecht zu werden und unseren Patienten gr\u00f6\u00dfere R\u00e4umlichkeiten anbieten zu k\u00f6nnen, wurde das WZ-WundZentrum Ulm k\u00fcrzlich erweitert und bietet nun noch mehr Platz f\u00fcr qualitativ hochwertige Behandlungen.<br \/>F\u00fcr die Behandlung von chronischen Abszessen, wie beispielsweise Akne inversa und anderen Akne-Formen, wird seit 2017 die innovative LAight-Therapie in Ulm erg\u00e4nzend angeboten.<\/p><p style=\"-webkit-tap-highlight-color: transparent; box-sizing: inherit; font-weight: 400; margin-bottom: 15px; font-size: 1.15rem; line-height: 1.625rem; color: #777777; font-family: Barlow-Medium, Helvetica, Arial, Lucida;\">Das oberste Ziel der Behandlung im WZ-WundZentrum ist es, ein schnelles Abheilen der Wunden und dadurch ein beschwerdefreies Leben der Patienten zu erm\u00f6glichen. Jeder, auch gesetzlich Versicherte, hat einen Versorgungsanspruch, wodurch die Krankenkassen die Leistungen erstatten.<br \/>Weitere Informationen zu Leistungen und Kontaktm\u00f6glichkeiten f\u00fcr die Terminvereinbarung am Standort in Ulm finden Sie unter <strong><a href=\"https:\/\/www.wundzentren.de\/ulm\">https:\/\/www.wundzentren.de\/ulm<\/a><\/strong>.<\/p><p style=\"-webkit-tap-highlight-color: transparent; box-sizing: inherit; font-weight: 400; margin-bottom: 15px; font-size: 1.15rem; line-height: 1.625rem; color: #777777; font-family: Barlow-Medium, Helvetica, Arial, Lucida;\">\u00a0<\/p><\/header><\/div><h5 style=\"-webkit-tap-highlight-color: transparent; box-sizing: inherit; font-weight: 400; margin: 15px 0px 12px; font-family: Barlow-Medium, Helvetica, Arial, Lucida; border: 1px solid #a88165; clear: both; color: #777777; font-size: 1.15rem; line-height: 1.625rem; padding: 20px; box-shadow: #a88165 0px 1px 10px;\"><strong><span style=\"-webkit-tap-highlight-color: transparent; box-sizing: inherit; text-decoration: underline;\">\u00dcber die WZ<\/span><span style=\"-webkit-tap-highlight-color: transparent; box-sizing: inherit; text-decoration: underline;\">-WundZentren GmbH<\/span><\/strong><br style=\"-webkit-tap-highlight-color: transparent; box-sizing: inherit;\" \/>Seit 2008 konnten mit dem bew\u00e4hrten Behandlungskonzept der WZ-WundZentren mehr als 30.000 Patienten an aktuell 24 Standorten in Deutschland erfolgreich behandelt werden. Die WZ-WundZentren sind spezialisierte ambulante Pflegeeinrichtungen mit h\u00f6chsten hygienischen Standards, in denen ausschlie\u00dflich Patienten mit chronischen und schwer heilenden Wunden behandelt werden. Die Leistungen in den WZ-WundZentren als spezialisierte Einrichtungen, die sich auf die Behandlung von chronischen und schwer heilenden Wunden spezialisiert haben, werden von den Krankenkassen \u00fcber \u00a7 37 Abs. 7 SGB V auf der Grundlage der h\u00e4uslichen Krankenpflege nach \u00a7132a geltend gemacht.<br \/>In unsere Einrichtungen arbeiten Pflegefachpersonen, die zus\u00e4tzlich zu ihrer 3-j\u00e4hrigen Ausbildung in der Kranken- oder Altenpflege \u00fcber eine spezialisierte Zusatzqualifikation in der Wundbehandlung verf\u00fcgen.<br \/><br style=\"-webkit-tap-highlight-color: transparent; box-sizing: inherit;\" \/>Die WZ-WundZentren GmbH mit Sitz in D\u00fcsseldorf ist ein Unternehmen der recucare Gruppe.<br style=\"-webkit-tap-highlight-color: transparent; box-sizing: inherit;\" \/><br style=\"-webkit-tap-highlight-color: transparent; box-sizing: inherit;\" \/>Weitere Informationen unter\u00a0<a style=\"-webkit-tap-highlight-color: transparent; box-sizing: inherit; text-decoration: none; color: #8cb8c6; font-family: Barlow-Medium, Helvetica, Arial, Lucida; font-weight: 600;\" href=\"http:\/\/www.wundzentren.de\/\">www.wundzentren.de<\/a><\/h5><section style=\"-webkit-tap-highlight-color: transparent; box-sizing: inherit; width: 840px; color: #000000; font-family: Barlow-Medium, Helvetica, Arial, Lucida; font-size: medium;\"><div style=\"-webkit-tap-highlight-color: transparent; box-sizing: inherit; counter-reset: section 0; padding-right: 20px; padding-left: 20px; width: 840px; color: #777777;\">\u00a0<\/div><\/section>\t\t\t\t\t\t<\/div>\n\t\t\t\t<\/div>\n\t\t\t\t\t<\/div>\n\t\t\t\t<\/div>\n\t\t\t\t\t<\/div>\n\t\t\t\t<\/div>\n\t\t\t\t<\/div>","protected":false},"excerpt":{"rendered":"<p>Unternehmen &amp; Leistungen Wundlexikon Standorte Jobs &#038;amp Karriere Neuigkeiten &amp;Presse Menu Neuigkeiten &#038; Presse Presse &#038; Aktuelles Messen &#8211; Veranstaltungen Presse-Fotos Ansprechpartner Download Pressemitteilung (PDF 174 KB) 10 Jahre WZ-WundZentrum Ulm D\u00fcsseldorf\/Ulm, 05.08.2024. Seit nunmehr 10 Jahren k\u00f6nnen sich Menschen mit chronischen und schwer heilenden Wunden in Ulm und Umgebung in den R\u00e4umen des WZ-WundZentrum&#8230;<\/p>","protected":false},"author":3,"featured_media":0,"comment_status":"closed","ping_status":"open","sticky":false,"template":"","format":"standard","meta":{"footnotes":""},"categories":[1],"tags":[],"class_list":["post-10911","post","type-post","status-publish","format-standard","hentry","category-allgemein"],"yoast_head":"<!-- This site is optimized with the Yoast SEO plugin v24.4 - https:\/\/yoast.com\/wordpress\/plugins\/seo\/ -->\n<title>Das WZ-WundZentrum Ulm feiert 10-j\u00e4hriges Jubil\u00e4um - WZ-WundZentren: Ihr Spezialist f\u00fcr die Behandlung von chronischen und schwer heilenden Wunden<\/title>\n<meta name=\"description\" content=\"10 Jahre WZ-WundZentrum Ulm - Seit nunmehr 10 Jahren k\u00f6nnen sich Menschen mit chronischen und schwer heilenden Wunden in Ulm behandeln lassen.\" \/>\n<meta name=\"robots\" content=\"index, follow, max-snippet:-1, max-image-preview:large, max-video-preview:-1\" \/>\n<link rel=\"canonical\" href=\"https:\/\/www.wundzentren.de\/en\/2024\/08\/07\/das-wz-wundzentrum-ulm-feiert-10-jaehriges-jubilaeum\/\" \/>\n<meta property=\"og:locale\" content=\"en_GB\" \/>\n<meta property=\"og:type\" content=\"article\" \/>\n<meta property=\"og:title\" content=\"Das WZ-WundZentrum Ulm feiert 10-j\u00e4hriges Jubil\u00e4um - WZ-WundZentren: Ihr Spezialist f\u00fcr die Behandlung von chronischen und schwer heilenden Wunden\" \/>\n<meta property=\"og:description\" content=\"10 Jahre WZ-WundZentrum Ulm - Seit nunmehr 10 Jahren k\u00f6nnen sich Menschen mit chronischen und schwer heilenden Wunden in Ulm behandeln lassen.\" \/>\n<meta property=\"og:url\" content=\"https:\/\/www.wundzentren.de\/en\/2024\/08\/07\/das-wz-wundzentrum-ulm-feiert-10-jaehriges-jubilaeum\/\" \/>\n<meta property=\"og:site_name\" content=\"WZ-WundZentren: Ihr Spezialist f\u00fcr die Behandlung von chronischen und schwer heilenden Wunden\" \/>\n<meta property=\"article:published_time\" content=\"2024-08-07T09:19:05+00:00\" \/>\n<meta property=\"article:modified_time\" content=\"2025-11-05T18:55:07+00:00\" \/>\n<meta property=\"og:image\" content=\"https:\/\/wz.wz-medcubes.de\/wp-content\/uploads\/2024\/08\/img-Rezeption_WZ-Ulm2.png\" \/>\n<meta name=\"author\" content=\"Edna Frenthoff\" \/>\n<meta name=\"twitter:card\" content=\"summary_large_image\" \/>\n<meta name=\"twitter:label1\" content=\"Written by\" \/>\n\t<meta name=\"twitter:data1\" content=\"Edna Frenthoff\" \/>\n\t<meta name=\"twitter:label2\" content=\"Estimated reading time\" \/>\n\t<meta name=\"twitter:data2\" content=\"3 minutes\" \/>\n<script type=\"application\/ld+json\" class=\"yoast-schema-graph\">{\"@context\":\"https:\/\/schema.org\",\"@graph\":[{\"@type\":\"WebPage\",\"@id\":\"https:\/\/www.wundzentren.de\/2024\/08\/07\/das-wz-wundzentrum-ulm-feiert-10-jaehriges-jubilaeum\/\",\"url\":\"https:\/\/www.wundzentren.de\/2024\/08\/07\/das-wz-wundzentrum-ulm-feiert-10-jaehriges-jubilaeum\/\",\"name\":\"Das WZ-WundZentrum Ulm feiert 10-j\u00e4hriges Jubil\u00e4um - WZ-WundZentren: Ihr Spezialist f\u00fcr die Behandlung von chronischen und schwer heilenden Wunden\",\"isPartOf\":{\"@id\":\"https:\/\/www.wundzentren.de\/#website\"},\"primaryImageOfPage\":{\"@id\":\"https:\/\/www.wundzentren.de\/2024\/08\/07\/das-wz-wundzentrum-ulm-feiert-10-jaehriges-jubilaeum\/#primaryimage\"},\"image\":{\"@id\":\"https:\/\/www.wundzentren.de\/2024\/08\/07\/das-wz-wundzentrum-ulm-feiert-10-jaehriges-jubilaeum\/#primaryimage\"},\"thumbnailUrl\":\"https:\/\/wz.wz-medcubes.de\/wp-content\/uploads\/2024\/08\/img-Rezeption_WZ-Ulm2.png\",\"datePublished\":\"2024-08-07T09:19:05+00:00\",\"dateModified\":\"2025-11-05T18:55:07+00:00\",\"author\":{\"@id\":\"https:\/\/www.wundzentren.de\/#\/schema\/person\/654ba28b48eafa5bca4420e965c120bd\"},\"description\":\"10 Jahre WZ-WundZentrum Ulm - Seit nunmehr 10 Jahren k\u00f6nnen sich Menschen mit chronischen und schwer heilenden Wunden in Ulm behandeln lassen.\",\"breadcrumb\":{\"@id\":\"https:\/\/www.wundzentren.de\/2024\/08\/07\/das-wz-wundzentrum-ulm-feiert-10-jaehriges-jubilaeum\/#breadcrumb\"},\"inLanguage\":\"en-GB\",\"potentialAction\":[{\"@type\":\"ReadAction\",\"target\":[\"https:\/\/www.wundzentren.de\/2024\/08\/07\/das-wz-wundzentrum-ulm-feiert-10-jaehriges-jubilaeum\/\"]}]},{\"@type\":\"ImageObject\",\"inLanguage\":\"en-GB\",\"@id\":\"https:\/\/www.wundzentren.de\/2024\/08\/07\/das-wz-wundzentrum-ulm-feiert-10-jaehriges-jubilaeum\/#primaryimage\",\"url\":\"https:\/\/wz.wz-medcubes.de\/wp-content\/uploads\/2024\/08\/img-Rezeption_WZ-Ulm2.png\",\"contentUrl\":\"https:\/\/wz.wz-medcubes.de\/wp-content\/uploads\/2024\/08\/img-Rezeption_WZ-Ulm2.png\"},{\"@type\":\"BreadcrumbList\",\"@id\":\"https:\/\/www.wundzentren.de\/2024\/08\/07\/das-wz-wundzentrum-ulm-feiert-10-jaehriges-jubilaeum\/#breadcrumb\",\"itemListElement\":[{\"@type\":\"ListItem\",\"position\":1,\"name\":\"Startseite\",\"item\":\"https:\/\/www.wundzentren.de\/\"},{\"@type\":\"ListItem\",\"position\":2,\"name\":\"Das WZ-WundZentrum Ulm feiert 10-j\u00e4hriges Jubil\u00e4um\"}]},{\"@type\":\"WebSite\",\"@id\":\"https:\/\/www.wundzentren.de\/#website\",\"url\":\"https:\/\/www.wundzentren.de\/\",\"name\":\"WZ-WundZentren: Ihr Spezialist f\u00fcr die Behandlung von chronischen und schwer heilenden Wunden\",\"description\":\"\",\"potentialAction\":[{\"@type\":\"SearchAction\",\"target\":{\"@type\":\"EntryPoint\",\"urlTemplate\":\"https:\/\/www.wundzentren.de\/?s={search_term_string}\"},\"query-input\":{\"@type\":\"PropertyValueSpecification\",\"valueRequired\":true,\"valueName\":\"search_term_string\"}}],\"inLanguage\":\"en-GB\"},{\"@type\":\"Person\",\"@id\":\"https:\/\/www.wundzentren.de\/#\/schema\/person\/654ba28b48eafa5bca4420e965c120bd\",\"name\":\"Edna Frenthoff\",\"image\":{\"@type\":\"ImageObject\",\"inLanguage\":\"en-GB\",\"@id\":\"https:\/\/www.wundzentren.de\/#\/schema\/person\/image\/\",\"url\":\"https:\/\/secure.gravatar.com\/avatar\/8fcdcbaf7716ad2a00baa06517e80432c069b10e94950339fdc452eb633f3f59?s=96&d=mm&r=g\",\"contentUrl\":\"https:\/\/secure.gravatar.com\/avatar\/8fcdcbaf7716ad2a00baa06517e80432c069b10e94950339fdc452eb633f3f59?s=96&d=mm&r=g\",\"caption\":\"Edna Frenthoff\"},\"url\":\"https:\/\/www.wundzentren.de\/en\/author\/edna-frenthoff\/\"}]}<\/script>\n<!-- \/ Yoast SEO plugin. -->","yoast_head_json":{"title":"Das WZ-WundZentrum Ulm feiert 10-j\u00e4hriges Jubil\u00e4um - WZ-WundZentren: Ihr Spezialist f\u00fcr die Behandlung von chronischen und schwer heilenden Wunden","description":"10 Jahre WZ-WundZentrum Ulm - Seit nunmehr 10 Jahren k\u00f6nnen sich Menschen mit chronischen und schwer heilenden Wunden in Ulm behandeln lassen.","robots":{"index":"index","follow":"follow","max-snippet":"max-snippet:-1","max-image-preview":"max-image-preview:large","max-video-preview":"max-video-preview:-1"},"canonical":"https:\/\/www.wundzentren.de\/en\/2024\/08\/07\/das-wz-wundzentrum-ulm-feiert-10-jaehriges-jubilaeum\/","og_locale":"en_GB","og_type":"article","og_title":"Das WZ-WundZentrum Ulm feiert 10-j\u00e4hriges Jubil\u00e4um - WZ-WundZentren: Ihr Spezialist f\u00fcr die Behandlung von chronischen und schwer heilenden Wunden","og_description":"10 Jahre WZ-WundZentrum Ulm - Seit nunmehr 10 Jahren k\u00f6nnen sich Menschen mit chronischen und schwer heilenden Wunden in Ulm behandeln lassen.","og_url":"https:\/\/www.wundzentren.de\/en\/2024\/08\/07\/das-wz-wundzentrum-ulm-feiert-10-jaehriges-jubilaeum\/","og_site_name":"WZ-WundZentren: Ihr Spezialist f\u00fcr die Behandlung von chronischen und schwer heilenden Wunden","article_published_time":"2024-08-07T09:19:05+00:00","article_modified_time":"2025-11-05T18:55:07+00:00","og_image":[{"url":"https:\/\/wz.wz-medcubes.de\/wp-content\/uploads\/2024\/08\/img-Rezeption_WZ-Ulm2.png","type":"","width":"","height":""}],"author":"Edna Frenthoff","twitter_card":"summary_large_image","twitter_misc":{"Written by":"Edna Frenthoff","Estimated reading time":"3 minutes"},"schema":{"@context":"https:\/\/schema.org","@graph":[{"@type":"WebPage","@id":"https:\/\/www.wundzentren.de\/2024\/08\/07\/das-wz-wundzentrum-ulm-feiert-10-jaehriges-jubilaeum\/","url":"https:\/\/www.wundzentren.de\/2024\/08\/07\/das-wz-wundzentrum-ulm-feiert-10-jaehriges-jubilaeum\/","name":"Das WZ-WundZentrum Ulm feiert 10-j\u00e4hriges Jubil\u00e4um - WZ-WundZentren: Ihr Spezialist f\u00fcr die Behandlung von chronischen und schwer heilenden Wunden","isPartOf":{"@id":"https:\/\/www.wundzentren.de\/#website"},"primaryImageOfPage":{"@id":"https:\/\/www.wundzentren.de\/2024\/08\/07\/das-wz-wundzentrum-ulm-feiert-10-jaehriges-jubilaeum\/#primaryimage"},"image":{"@id":"https:\/\/www.wundzentren.de\/2024\/08\/07\/das-wz-wundzentrum-ulm-feiert-10-jaehriges-jubilaeum\/#primaryimage"},"thumbnailUrl":"https:\/\/wz.wz-medcubes.de\/wp-content\/uploads\/2024\/08\/img-Rezeption_WZ-Ulm2.png","datePublished":"2024-08-07T09:19:05+00:00","dateModified":"2025-11-05T18:55:07+00:00","author":{"@id":"https:\/\/www.wundzentren.de\/#\/schema\/person\/654ba28b48eafa5bca4420e965c120bd"},"description":"10 Jahre WZ-WundZentrum Ulm - Seit nunmehr 10 Jahren k\u00f6nnen sich Menschen mit chronischen und schwer heilenden Wunden in Ulm behandeln lassen.","breadcrumb":{"@id":"https:\/\/www.wundzentren.de\/2024\/08\/07\/das-wz-wundzentrum-ulm-feiert-10-jaehriges-jubilaeum\/#breadcrumb"},"inLanguage":"en-GB","potentialAction":[{"@type":"ReadAction","target":["https:\/\/www.wundzentren.de\/2024\/08\/07\/das-wz-wundzentrum-ulm-feiert-10-jaehriges-jubilaeum\/"]}]},{"@type":"ImageObject","inLanguage":"en-GB","@id":"https:\/\/www.wundzentren.de\/2024\/08\/07\/das-wz-wundzentrum-ulm-feiert-10-jaehriges-jubilaeum\/#primaryimage","url":"https:\/\/wz.wz-medcubes.de\/wp-content\/uploads\/2024\/08\/img-Rezeption_WZ-Ulm2.png","contentUrl":"https:\/\/wz.wz-medcubes.de\/wp-content\/uploads\/2024\/08\/img-Rezeption_WZ-Ulm2.png"},{"@type":"BreadcrumbList","@id":"https:\/\/www.wundzentren.de\/2024\/08\/07\/das-wz-wundzentrum-ulm-feiert-10-jaehriges-jubilaeum\/#breadcrumb","itemListElement":[{"@type":"ListItem","position":1,"name":"Startseite","item":"https:\/\/www.wundzentren.de\/"},{"@type":"ListItem","position":2,"name":"Das WZ-WundZentrum Ulm feiert 10-j\u00e4hriges Jubil\u00e4um"}]},{"@type":"WebSite","@id":"https:\/\/www.wundzentren.de\/#website","url":"https:\/\/www.wundzentren.de\/","name":"WZ-WundZentren: Ihr Spezialist f\u00fcr die Behandlung von chronischen und schwer heilenden Wunden","description":"","potentialAction":[{"@type":"SearchAction","target":{"@type":"EntryPoint","urlTemplate":"https:\/\/www.wundzentren.de\/?s={search_term_string}"},"query-input":{"@type":"PropertyValueSpecification","valueRequired":true,"valueName":"search_term_string"}}],"inLanguage":"en-GB"},{"@type":"Person","@id":"https:\/\/www.wundzentren.de\/#\/schema\/person\/654ba28b48eafa5bca4420e965c120bd","name":"Edna Frenthoff","image":{"@type":"ImageObject","inLanguage":"en-GB","@id":"https:\/\/www.wundzentren.de\/#\/schema\/person\/image\/","url":"https:\/\/secure.gravatar.com\/avatar\/8fcdcbaf7716ad2a00baa06517e80432c069b10e94950339fdc452eb633f3f59?s=96&d=mm&r=g","contentUrl":"https:\/\/secure.gravatar.com\/avatar\/8fcdcbaf7716ad2a00baa06517e80432c069b10e94950339fdc452eb633f3f59?s=96&d=mm&r=g","caption":"Edna Frenthoff"},"url":"https:\/\/www.wundzentren.de\/en\/author\/edna-frenthoff\/"}]}},"rttpg_featured_image_url":null,"rttpg_author":{"display_name":"Edna Frenthoff","author_link":"https:\/\/www.wundzentren.de\/en\/author\/edna-frenthoff\/"},"rttpg_comment":5,"rttpg_category":"<a href=\"https:\/\/www.wundzentren.de\/en\/category\/allgemein\/\" rel=\"category tag\">Allgemein<\/a>","rttpg_excerpt":"Unternehmen &amp; Leistungen Wundlexikon Standorte Jobs &#038;amp Karriere Neuigkeiten &amp;Presse Menu Neuigkeiten &#038; Presse Presse &#038; Aktuelles Messen &#8211; Veranstaltungen Presse-Fotos Ansprechpartner Download Pressemitteilung (PDF 174 KB) 10 Jahre WZ-WundZentrum Ulm D\u00fcsseldorf\/Ulm, 05.08.2024. Seit nunmehr 10 Jahren k\u00f6nnen sich Menschen mit chronischen und schwer heilenden Wunden in Ulm und Umgebung in den R\u00e4umen des WZ-WundZentrum...","_links":{"self":[{"href":"https:\/\/www.wundzentren.de\/en\/wp-json\/wp\/v2\/posts\/10911","targetHints":{"allow":["GET"]}}],"collection":[{"href":"https:\/\/www.wundzentren.de\/en\/wp-json\/wp\/v2\/posts"}],"about":[{"href":"https:\/\/www.wundzentren.de\/en\/wp-json\/wp\/v2\/types\/post"}],"author":[{"embeddable":true,"href":"https:\/\/www.wundzentren.de\/en\/wp-json\/wp\/v2\/users\/3"}],"replies":[{"embeddable":true,"href":"https:\/\/www.wundzentren.de\/en\/wp-json\/wp\/v2\/comments?post=10911"}],"version-history":[{"count":7,"href":"https:\/\/www.wundzentren.de\/en\/wp-json\/wp\/v2\/posts\/10911\/revisions"}],"predecessor-version":[{"id":10925,"href":"https:\/\/www.wundzentren.de\/en\/wp-json\/wp\/v2\/posts\/10911\/revisions\/10925"}],"wp:attachment":[{"href":"https:\/\/www.wundzentren.de\/en\/wp-json\/wp\/v2\/media?parent=10911"}],"wp:term":[{"taxonomy":"category","embeddable":true,"href":"https:\/\/www.wundzentren.de\/en\/wp-json\/wp\/v2\/categories?post=10911"},{"taxonomy":"post_tag","embeddable":true,"href":"https:\/\/www.wundzentren.de\/en\/wp-json\/wp\/v2\/tags?post=10911"}],"curies":[{"name":"wp","href":"https:\/\/api.w.org\/{rel}","templated":true}]}}